{"id":1131,"date":"2016-03-07T20:32:51","date_gmt":"2016-03-07T19:32:51","guid":{"rendered":"https:\/\/mediavoxmagazine.it\/?p=1131"},"modified":"2016-05-31T11:52:40","modified_gmt":"2016-05-31T10:52:40","slug":"riscopriamo-la-via-della-bellezza","status":"publish","type":"post","link":"https:\/\/mediavoxmagazine.it\/?p=1131","title":{"rendered":"Riscopriamo la via della bellezza"},"content":{"rendered":"<p>Ci hanno insegnato che la bellezza \u00e8 inscritta dentro regole precise e che tutto ci\u00f2 che fuoriesce da questo recinto viene considerato brutto. Ma che cosa \u00e8 veramente la bellezza? Ognuno di noi\u00a0 ha un suo convincimento che discende dalla cultura del suo popolo e del suo tempo.<\/p>\n<blockquote><p>Per<strong> Alda Merini<\/strong>, poetessa contemporanea, \u201c<em>la bellezza non \u00e8 che il disvelamento di una tenebra caduta e della luce che ne \u00e8 venuta fuori<\/em>&#8220;.<\/p><\/blockquote>\n<p>Ogni persona porta dentro di s\u00e9 scintille di bellezza, che spesso la vita con i suoi affanni, offusca e qualche volta cancella.<\/p>\n<figure id=\"attachment_1140\" aria-describedby=\"caption-attachment-1140\" style=\"width: 443px\" class=\"wp-caption alignright\"><a href=\"https:\/\/mediavoxmagazine.it\/wp-content\/uploads\/2016\/03\/535223_10154458640629502_8015330247543283062_n.jpg\" rel=\"attachment wp-att-1140\"><img loading=\"lazy\" decoding=\"async\" class=\"wp-image-1140\" src=\"https:\/\/mediavoxmagazine.it\/wp-content\/uploads\/2016\/03\/535223_10154458640629502_8015330247543283062_n.jpg\" alt=\"\" width=\"443\" height=\"366\" srcset=\"https:\/\/mediavoxmagazine.it\/wp-content\/uploads\/2016\/03\/535223_10154458640629502_8015330247543283062_n.jpg 960w, https:\/\/mediavoxmagazine.it\/wp-content\/uploads\/2016\/03\/535223_10154458640629502_8015330247543283062_n-300x248.jpg 300w, https:\/\/mediavoxmagazine.it\/wp-content\/uploads\/2016\/03\/535223_10154458640629502_8015330247543283062_n-768x635.jpg 768w\" sizes=\"auto, (max-width: 443px) 100vw, 443px\" \/><\/a><figcaption id=\"caption-attachment-1140\" class=\"wp-caption-text\"><em>\u00a0 \u00a0 \u00a0 \u00a0 \u00a0 \u00a0 \u00a0 \u00a0 Titolo: Labirinto del cuore. Tecnica: acrilico su tela &#8211; anno 2014<\/em><\/figcaption><\/figure>\n<p>La bellezza \u00e8 la dote che ereditiamo con la nascita. Il tempo e l&#8217;ambiente in cui viviamo, per\u00f2, agiscono su di noi senza rispetto e senza inganni. A volte diventiamo quello che vogliamo e desideriamo, altre siamo vittime di circostanze che ci sovrastano. Che ci cambiano la vita. Che ci fanno diventare quello che gli altri hanno deciso per noi. Allora la bellezza, per me, \u00e8 la felice condizione dell&#8217;anima, quella chiave della nostra vita interiore che dobbiamo coltivare con cura quotidiana, se vogliamo essere luce anche per gli altri.<\/p>\n<p>Viviamo un tempo difficile, attraversato da crisi, conflitti e guerre, che destabilizzano i sistemi politici e sociali. Un tempo in cui la bruttezza domina la scena del mondo.<\/p>\n<p>Ogni giorno assistiamo al depauperamento dell&#8217;ambiente, al saccheggio delle risorse naturali, alla lenta e persistente distruzione dei centri storici, all&#8217;incuria delle istituzioni rispetto ai nostri tesori archeologici, architettonici e paesaggistici.<\/p>\n<p>Tutto ci\u00f2, indubbiamente, mina le basi del nostro paese, che\u00a0 in tutto il mondo \u00e8 visto e percepito come un capolavoro di bellezza.<\/p>\n<p>Che significato assume allora la bellezza nella societ\u00e0 contemporanea? E&#8217; ancora possibile costruire relazioni di pace fondate sulla bellezza?<\/p>\n<p>A queste domande \u00e8 difficile dare una risposta esaustiva. Soltanto la ricerca del bello pu\u00f2 migliorare i nostri rapporti umani e, di conseguenza, le relazioni sociali. E&#8217;, quindi, di vitale importanza educare i giovani alla bellezza, intesa come armonia sociale. L&#8217;educazione alla bellezza, per\u00f2, va accompagnata\u00a0 dalla trasmissione dei valori positivi della nostra civilt\u00e0: la pace, la solidariet\u00e0, il rispetto, l&#8217;onest\u00e0. Perch\u00e9 una citt\u00e0 conserva la sua bellezza e la migliora solo se i suoi abitanti riconoscono la grandezza di questo valore, che diventa sostanza concreta se si\u00a0 rispetta e valorizza l&#8217;ambiente in cui si vive.\u00a0 La bellezza assomiglia molto all&#8217;energia, intesa come trasmissione di carica vitale, concime per una vera rinascita. Le brutture del mondo possono essere superate\u00a0 soltanto se i nostri cuori si predispongono alla compassione, che \u00e8 l&#8217;altra faccia della bellezza. Compatire i dolori e le gioie dei nostri simili vuol dire vivere a fianco alle loro vicende, senza alcun giudizio, rispettosi dell&#8217;altrui cammino.<\/p>\n<p>La bellezza \u00e8 la poesia che dona un tocco di colore alla nostra vita, che ci fa vedere le cose nella loro purezza, che ci fa gustare la semplicit\u00e0 della vita nel suo splendore. La bellezza \u00e8 il respiro dei ricordi che si cristallizzano nella nostra mente e ci fanno vivere la struggente dimensione del passato.<\/p>\n<blockquote><p>La bellezza ha un effetto catartico, salvifico, che cambia la vita e la prospettiva delle persone: \u201c<em>La bellezza salver\u00e0 il mondo<\/em>\u201d, diceva <strong>Dostoevskij<\/strong>.<\/p><\/blockquote>\n<p>Una vita che non guarda alla bellezza si perde nella superficiale rincorsa alle cose materiali, perde l&#8217;essenza dell&#8217;umanit\u00e0, che si ri-trova nella ricerca e nella elevazione dello spirito.<\/p>\n<blockquote><p><strong>Papa Francesco<\/strong> sottolinea che \u201c<em>la via della bellezza<\/em>\u201d \u00e8 essenziale nella trasmissione della fede cristiana, perch\u00e9\u00a0 arriva al cuore delle persone.<\/p><\/blockquote>\n<p>La bellezza, quindi, attrae e conduce alla via della perfezione. E&#8217; la cultura che ci rivela l&#8217;essenza e il significato delle cose, che ci fa gustare la vita in autenticit\u00e0 e ci libera dall&#8217;oppressione dell&#8217;ignoranza. La bellezza \u00e8 la via dell&#8217;emancipazione e del riscatto da ogni sopruso, catena o negazione di diritti. E&#8217; la libert\u00e0 che ci fa vivere e respirare il mondo nella sua straordinaria grandezza.<\/p>\n<p>La bellezza ci fa vivere senza la restrizione dei confini e dei pregiudizi. Ci libera dalla paura. E&#8217; l&#8217;amore che si dona e che dispiega la\u00a0 forza delle sue ali senza nessun pregiudizio. La bellezza \u00e8 la misericordia che si dona attraverso il perdono, che \u00e8 l&#8217;unico ponte percorribile della pace. E&#8217; la pace che si costruisce nell&#8217;incontro delle diversit\u00e0. La bellezza \u00e8 l&#8217;unico sentiero che ci rende veramente felici: dobbiamo\u00a0 averne cura se vogliamo una vita che valga la pena di essere vissuta.<\/p>\n","protected":false},"excerpt":{"rendered":"<div class=\"mh-excerpt\"><p>Ci hanno insegnato che la bellezza \u00e8 inscritta dentro regole precise e che tutto ci\u00f2 che fuoriesce da questo recinto viene considerato brutto. Ma che <a class=\"mh-excerpt-more\" href=\"https:\/\/mediavoxmagazine.it\/?p=1131\" title=\"Riscopriamo la via della bellezza\">[&#8230;]<\/a><\/p>\n<\/div>","protected":false},"author":7,"featured_media":0,"comment_status":"closed","ping_status":"closed","sticky":false,"template":"","format":"standard","meta":{"footnotes":""},"categories":[321],"tags":[606,412,517,607],"class_list":["post-1131","post","type-post","status-publish","format-standard","hentry","category-emozioni-riflessioni-e-sentimenti","tag-bellezza","tag-emozioni","tag-scoperta","tag-via"],"_links":{"self":[{"href":"https:\/\/mediavoxmagazine.it\/index.php?rest_route=\/wp\/v2\/posts\/1131","targetHints":{"allow":["GET"]}}],"collection":[{"href":"https:\/\/mediavoxmagazine.it\/index.php?rest_route=\/wp\/v2\/posts"}],"about":[{"href":"https:\/\/mediavoxmagazine.it\/index.php?rest_route=\/wp\/v2\/types\/post"}],"author":[{"embeddable":true,"href":"https:\/\/mediavoxmagazine.it\/index.php?rest_route=\/wp\/v2\/users\/7"}],"replies":[{"embeddable":true,"href":"https:\/\/mediavoxmagazine.it\/index.php?rest_route=%2Fwp%2Fv2%2Fcomments&post=1131"}],"version-history":[{"count":3,"href":"https:\/\/mediavoxmagazine.it\/index.php?rest_route=\/wp\/v2\/posts\/1131\/revisions"}],"predecessor-version":[{"id":1143,"href":"https:\/\/mediavoxmagazine.it\/index.php?rest_route=\/wp\/v2\/posts\/1131\/revisions\/1143"}],"wp:attachment":[{"href":"https:\/\/mediavoxmagazine.it\/index.php?rest_route=%2Fwp%2Fv2%2Fmedia&parent=1131"}],"wp:term":[{"taxonomy":"category","embeddable":true,"href":"https:\/\/mediavoxmagazine.it\/index.php?rest_route=%2Fwp%2Fv2%2Fcategories&post=1131"},{"taxonomy":"post_tag","embeddable":true,"href":"https:\/\/mediavoxmagazine.it\/index.php?rest_route=%2Fwp%2Fv2%2Ftags&post=1131"}],"curies":[{"name":"wp","href":"https:\/\/api.w.org\/{rel}","templated":true}]}}