{"id":1146,"date":"2016-03-08T17:29:58","date_gmt":"2016-03-08T16:29:58","guid":{"rendered":"https:\/\/mediavoxmagazine.it\/?p=1146"},"modified":"2016-03-08T17:29:58","modified_gmt":"2016-03-08T16:29:58","slug":"istituto-lumiere-il-liceo-cinematografico-di-napoli-2","status":"publish","type":"post","link":"https:\/\/mediavoxmagazine.it\/?p=1146","title":{"rendered":"ISTITUTO LUMIERE:  IL \u2018LICEO CINEMATOGRAFICO\u2019 DI NAPOLI"},"content":{"rendered":"<p style=\"text-align: right;\">\u00a0<strong><em><u>Il primo Istituto Tecnico di Formazione ai mestieri dello Spettacolo del Sud Italia<\/u><\/em><\/strong><\/p>\n<p>&nbsp;<\/p>\n<p><a href=\"https:\/\/mediavoxmagazine.it\/wp-content\/uploads\/2016\/03\/12698509_1732495077037026_5033111715288540431_o.jpg\" rel=\"attachment wp-att-1147\"><img loading=\"lazy\" decoding=\"async\" class=\"alignleft wp-image-1147 size-medium\" src=\"https:\/\/mediavoxmagazine.it\/wp-content\/uploads\/2016\/03\/12698509_1732495077037026_5033111715288540431_o-300x196.jpg\" alt=\"\" width=\"300\" height=\"196\" srcset=\"https:\/\/mediavoxmagazine.it\/wp-content\/uploads\/2016\/03\/12698509_1732495077037026_5033111715288540431_o-300x196.jpg 300w, https:\/\/mediavoxmagazine.it\/wp-content\/uploads\/2016\/03\/12698509_1732495077037026_5033111715288540431_o-768x503.jpg 768w, https:\/\/mediavoxmagazine.it\/wp-content\/uploads\/2016\/03\/12698509_1732495077037026_5033111715288540431_o-1024x670.jpg 1024w, https:\/\/mediavoxmagazine.it\/wp-content\/uploads\/2016\/03\/12698509_1732495077037026_5033111715288540431_o.jpg 1470w\" sizes=\"auto, (max-width: 300px) 100vw, 300px\" \/><\/a><\/p>\n<p>Non \u00e8 un bel sogno, non \u00e8 nemmeno solo un&#8217;idea, non \u00e8 sicuramente un&#8217;utopia. E&#8217; una splendida realt\u00e0.<\/p>\n<p>Cari Lettori, abbiamo l&#8217;onore di presentarvi\u00a0<strong>\u201cLumi\u00e8re<\/strong>&#8220;, l&#8217;<strong>Istituto professionale produzioni audiovisive<\/strong>.\u00a0<span style=\"line-height: 1.5;\">Il primo Istituto Professionale di Formazione ai mestieri dello Spettacolo (<\/span><em style=\"line-height: 1.5;\">in particolare Cinema e Audiovisivi<\/em><span style=\"line-height: 1.5;\">) del Sud Italia che aprir\u00e0 le sue aule agli alunni da Settembre 2016. Un progetto interamente made in\u00a0\u00a0&#8220;<\/span><strong style=\"line-height: 1.5;\">Scuola di Cinema di Napoli<\/strong><span style=\"line-height: 1.5;\">&#8220;, un nome e una garanzia da anni.<\/span><\/p>\n<p>Molto successo ha riscosso la presentazione alla Stampa: testimonial d&#8217;onore solo stati\u00a0<strong>Salvatore Esposito <\/strong>(<em>ex allievo della Scuola di Cinema e attore tra gli interpreti della fortunata serie \u201cGomorra\u201d<\/em>) e <strong>Valerio Caprara<\/strong>\u00a0(<em>Docente di Storia del Cinema e Critico cinematografico<\/em>).<\/p>\n<p>Alla Conferenza-Stampa\u00a0presenti:\u00a0<strong>Giuseppe Colella<\/strong> (<em>Responsabile del &#8220;Napoli Film Festival&#8221; che ha siglato con \u201cLumiere\u201d un accordo di partnership<\/em>) e alcuni dei Docenti dell\u2019Istituto, tra i quali citiamo il Regista <strong>Claudio B. Lauri<\/strong>, l\u2019Avv.\u00a0<strong>Ferdinando Tozzi,<\/strong>\u00a0<strong>Salvatore Palermo<\/strong> della Rai di Napoli\u00a0e\u00a0<strong>Daniela Moxedano<\/strong>\u00a0&#8211; Responsabile della grafica.<\/p>\n<p>&nbsp;<\/p>\n<blockquote><p>\u201c<em>L\u2019idea \u00e8 di creare, dopo anni di esperienze di formazione con l\u2019associazione Scuola di Cinema di Napoli, un Istituto Tecnico Professionale Parastatale. In pratica, una comunit\u00e0 scolastica che si propone di fornire agli studenti solide basi culturali e un\u2019adeguata conoscenza del settore degli audiovisivi, dalla regia alla recitazione passando per sceneggiatura, montaggio ed effetti speciali. E molto altro<\/em>\u201d: hanno affermato gli ideatori <strong>Roberta Inarta<\/strong> e<strong> Carlo Picone<\/strong>, a capo della Scuola di Cinema da tempo.<\/p>\n<p style=\"text-align: right;\">L&#8217;attore<strong> Salvio Esposito<\/strong> si \u00e8 soffermato sull&#8217;importanza della formazione nel percorso artistico: &#8220;<em>Dopo avere frequentato la Scuola di Cinema ho capito che era la mia strada. Ma avevo 25 anni. Ora i ragazzi potranno capirlo prima. L&#8217;istituto va a soddisfare l&#8217;esigenza di una formazione che avvenga gi\u00e0 da giovanissimi, cos\u00ec come richiede l&#8217;industria dello spettacolo di oggi dove la professionalit\u00e0 \u00e8 la prima referenza<\/em>&#8220;.<\/p>\n<p style=\"text-align: left;\">\u00a0Il critico cinematografico<strong> Valerio Caprara<\/strong> ha sottolineato la rilevanza della\u00a0definizione di Istituto &#8216;<em><strong>per<\/strong><\/em>&#8216; il Cinema: &#8220;<em>Predisporre, eccitare la curiosit\u00e0, mettere sulla strada. Ci\u00f2 che deve fare una buona scuola, non solo riguardo il cinema e lo spettacolo. E poi tutto ci\u00f2 avviene a Napoli, assecondando una vocazione cittadina e un momento d&#8217;oro per le produzioni nostrane<\/em>&#8220;.<\/p>\n<\/blockquote>\n<p>&nbsp;<\/p>\n<p>Il progetto, oltre a costituire un\u2019assoluta novit\u00e0 nel Sud Italia, \u00e8 pensato per contrastare la dispersione scolastica e per offrire un canale innovativo e piuttosto concreto di opportunit\u00e0 professionali. Nasce da un accordo tra il\u00a0<strong>Dirigente scolastico Paola Capezzuto<\/strong>, dell\u2019Istituto comprensivo \u201cBaracca \u2013 Vittorio Emanuele\u201d,\u00a0<strong>\u00a0<\/strong>e gli Assessori del Comune\u00a0<strong>Annamaria Palmieri<\/strong>\u00a0(<em>Assessorato alla Scuola e all&#8217;Istruzione)<\/em>\u00a0e <strong>Alessandro<\/strong> <strong>Fucito <\/strong>(<em>Assessore al Patrimonio)<\/em>.<\/p>\n<p>\u201cLumi\u00e8re\u201d, dunque, oltre ad un ottimo corpo docenti,\u00a0si avvale gi\u00e0 di alcune prestigiose Partnership: ad esempio, quella con il\u00a0<strong>Napoli Film Festival<\/strong> (<em>verr\u00e0 allestir\u00e0 una mediateca con tutti i corti ambientati a Napoli che in questi anni hanno partecipato al Festival<\/em>) e quella con l&#8217;<strong>\u201cItalian Movie Award\u201d\u00a0<\/strong>diretto dal regista\u00a0<strong>Carlo Fumo<\/strong>.<\/p>\n<p style=\"text-align: right;\"><em><strong>\u00a0Per info e dettagli:<a href=\"http:\/\/www.istitutolumiere.it\">\u00a0www.istitutolumiere.it<\/a><\/strong><\/em><\/p>\n","protected":false},"excerpt":{"rendered":"<div class=\"mh-excerpt\"><p>\u00a0Il primo Istituto Tecnico di Formazione ai mestieri dello Spettacolo del Sud Italia &nbsp; Non \u00e8 un bel sogno, non \u00e8 nemmeno solo un&#8217;idea, non <a class=\"mh-excerpt-more\" href=\"https:\/\/mediavoxmagazine.it\/?p=1146\" title=\"ISTITUTO LUMIERE:  IL \u2018LICEO CINEMATOGRAFICO\u2019 DI NAPOLI\">[&#8230;]<\/a><\/p>\n<\/div>","protected":false},"author":2,"featured_media":1150,"comment_status":"closed","ping_status":"closed","sticky":false,"template":"","format":"standard","meta":{"footnotes":""},"categories":[3],"tags":[18,325,89,324,323,145],"class_list":["post-1146","post","type-post","status-publish","format-standard","has-post-thumbnail","hentry","category-cinema","tag-arte","tag-audivisivi","tag-cinema","tag-istituto","tag-lumiere","tag-scuola"],"_links":{"self":[{"href":"https:\/\/mediavoxmagazine.it\/index.php?rest_route=\/wp\/v2\/posts\/1146","targetHints":{"allow":["GET"]}}],"collection":[{"href":"https:\/\/mediavoxmagazine.it\/index.php?rest_route=\/wp\/v2\/posts"}],"about":[{"href":"https:\/\/mediavoxmagazine.it\/index.php?rest_route=\/wp\/v2\/types\/post"}],"author":[{"embeddable":true,"href":"https:\/\/mediavoxmagazine.it\/index.php?rest_route=\/wp\/v2\/users\/2"}],"replies":[{"embeddable":true,"href":"https:\/\/mediavoxmagazine.it\/index.php?rest_route=%2Fwp%2Fv2%2Fcomments&post=1146"}],"version-history":[{"count":3,"href":"https:\/\/mediavoxmagazine.it\/index.php?rest_route=\/wp\/v2\/posts\/1146\/revisions"}],"predecessor-version":[{"id":1151,"href":"https:\/\/mediavoxmagazine.it\/index.php?rest_route=\/wp\/v2\/posts\/1146\/revisions\/1151"}],"wp:featuredmedia":[{"embeddable":true,"href":"https:\/\/mediavoxmagazine.it\/index.php?rest_route=\/wp\/v2\/media\/1150"}],"wp:attachment":[{"href":"https:\/\/mediavoxmagazine.it\/index.php?rest_route=%2Fwp%2Fv2%2Fmedia&parent=1146"}],"wp:term":[{"taxonomy":"category","embeddable":true,"href":"https:\/\/mediavoxmagazine.it\/index.php?rest_route=%2Fwp%2Fv2%2Fcategories&post=1146"},{"taxonomy":"post_tag","embeddable":true,"href":"https:\/\/mediavoxmagazine.it\/index.php?rest_route=%2Fwp%2Fv2%2Ftags&post=1146"}],"curies":[{"name":"wp","href":"https:\/\/api.w.org\/{rel}","templated":true}]}}