{"id":12361,"date":"2021-02-02T08:34:29","date_gmt":"2021-02-02T07:34:29","guid":{"rendered":"https:\/\/mediavoxmagazine.it\/?p=12361"},"modified":"2021-03-03T11:04:24","modified_gmt":"2021-03-03T10:04:24","slug":"io-sono-luca","status":"publish","type":"post","link":"https:\/\/mediavoxmagazine.it\/?p=12361","title":{"rendered":"Io sono Luca"},"content":{"rendered":"\n<p class=\"wp-block-paragraph\">Fratelli. Gemelli. Apparentemente molto diversi, non fisicamente; eppure, accomunati da un sacco di passioni: la Musica prima di tutto. <strong>Dellai<\/strong> \u00e8 il duo musicale che ad <em>AmaSanremo<\/em> ha convinto. Ora, destinazione <em>Sanremo 2021<\/em>. Il Festival li attende. Gareggiare nella categoria Nuove Proposte non sar\u00e0 semplice ma Matteo e Luca amano le sfide. Sensibili, ma molto forti. Non vivono la loro vita in simbiosi e, anzi, non abitano neppure nella stessa Citt\u00e0; quando sono insieme, per\u00f2, si vede che la Natura li ha fatti perfettamente complementari. &#8220;Tutti siamo Luca&#8221;: questo il messaggio pregnante della canzone &#8220;Io sono Luca&#8221; che porteranno sul palco dell&#8217;<em>Ariston<\/em>. La vita spesso ci insegna che la realt\u00e0 pu\u00f2 essere pi\u00f9 dura di quello che abbiamo immaginato: gli attacchi di panico adolescenziali, la sensazione di disagio quando si sta in mezzo a persone che non si conoscono e un padre che, da qualche Natale, non \u00e8 pi\u00f9 tornato a casa&#8230; Matteo ha avuto la possibilit\u00e0, la voglia e la forza di raccontare la storia di Luca. La Musica come &#8220;medicina&#8221; per salutare un periodo buio.<\/p>\n\n\n\n<p class=\"wp-block-paragraph\">Una curiosit\u00e0 sul brano in gara a <em>Sanremo<\/em>: superata la prima fase del concorso <em>Area Sanremo<\/em>, i Dellai hanno affrontato un\u2019accesa ma illuminante discussione con gli addetti ai lavori sul titolo del brano che, inizialmente, era \u201cCastelli di Carte\u201d. Dal confronto \u00e8 emerso che la canzone parla proprio di Luca, coautore e protagonista di un brano. Il testo, in fondo, parla un po\u2019 di tutti noi. La canzone \u00e8 stata cos\u00ec associata ad un nuovo ed importante significato, ma anche ad un nuovo titolo: \u201cCastelli di Carte&#8221; \u00e8 diventata &#8220;Io sono Luca&#8221;. <\/p>\n\n\n\n<p class=\"wp-block-paragraph\">I Dellai si sono raccontati ai Lettori di <strong>MediaVox Magazine<\/strong> con semplicit\u00e0. Parole che arrivano dal cuore e che sono il simbolo di una generazione che ha bisogno e voglia di raccontare sentimenti sinceri con passione e con talento&#8230;<\/p>\n\n\n\n<div class=\"wp-block-image\"><figure class=\"aligncenter size-large\"><img loading=\"lazy\" decoding=\"async\" width=\"836\" height=\"842\" src=\"https:\/\/mediavoxmagazine.it\/wp-content\/uploads\/2021\/02\/inbound8057388606622082664.jpg\" alt=\"\" class=\"wp-image-12395\" srcset=\"https:\/\/mediavoxmagazine.it\/wp-content\/uploads\/2021\/02\/inbound8057388606622082664.jpg 836w, https:\/\/mediavoxmagazine.it\/wp-content\/uploads\/2021\/02\/inbound8057388606622082664-298x300.jpg 298w, https:\/\/mediavoxmagazine.it\/wp-content\/uploads\/2021\/02\/inbound8057388606622082664-150x150.jpg 150w, https:\/\/mediavoxmagazine.it\/wp-content\/uploads\/2021\/02\/inbound8057388606622082664-768x774.jpg 768w\" sizes=\"auto, (max-width: 836px) 100vw, 836px\" \/><\/figure><\/div>\n\n\n\n<p class=\"wp-block-paragraph\"><br><strong>Matteo e Luca: come \u00e8 davvero la vita da gemelli?<\/strong><br><strong><em><span class=\"has-inline-color has-vivid-red-color\">Matteo<\/span><\/em><\/strong>: <em>In realt\u00e0, siamo molto diversi, il bello \u00e8 ritrovarsi ogni giorno nelle paure e nelle gioie dell\u2019altro. Poi si litiga, ci si fa male (non letteralmente) e si fa la pace, come qualsiasi coppia di fratelli. Mi \u00e8 sempre parsa particolare questa domanda, perch\u00e9, effettivamente non posso essere in grado di giudicare la mia vita da \u201cgemello\u201d in quanto questa \u00e8 l\u2019unica che ho vissuto. Finora.<\/em> <em><strong><span class=\"has-inline-color has-vivid-red-color\">Luca<\/span><\/strong><\/em>: <em>Al di l\u00e0 dei luoghi comuni, la vita da gemelli non \u00e8 molto diversa da quella dei fratelli, a meno che tu non ti stia guardando allo specchio, e non sai pi\u00f9 se sei Luca o Matteo, procedendo verso crisi di identit\u00e0 sempre pi\u00f9 aspre. Ovviamente, stiamo scherzando: nella relazione con un gemello c\u2019\u00e8 molta sintonia, a volte anche troppa, e la minaccia del \u201clitigio\u201d \u00e8 sempre dietro l\u2019angolo, anche se poi non si litiga mai per davvero, o per pi\u00f9 di 5 minuti.<\/em><\/p>\n\n\n\n<p class=\"wp-block-paragraph\"><br><strong>Oltre alla Musica quale altra passione vi unisce? E che cosa, invece, proprio non vi trova d\u2019accordo?<\/strong><br><strong><em><span class=\"has-inline-color has-vivid-red-color\">Matteo<\/span><\/em><\/strong>: <em>La musica fa da protagonista nelle nostre vite. Siamo entrambi appassionati di motori, da bravi figli di Romagna. Ci dissociamo invece in quanto fede calcistica, io tifo Milan, mentre Luca tifa Inter.<\/em> <strong><em><span class=\"has-inline-color has-vivid-red-color\">Luca<\/span><\/em><\/strong>: <em>La passione per i motori sicuramente ci avvicina, anche se in realt\u00e0 troviamo il modo per discutere anche su quello, ma, essendo nati in Romagna, l\u2019interesse per le due, o quattro ruote, ce l\u2019abbiamo nel sangue. La fede calcistica invece ci allontana, io sono interista mentre mio fratello Matteo tifa Milan.<\/em><\/p>\n\n\n\n<p class=\"wp-block-paragraph\"><strong>Che cosa vi aspettate dal Festival di Sanremo 2021?<\/strong><br><strong><span class=\"has-inline-color has-vivid-red-color\"><em>Matteo<\/em><\/span><\/strong>: <em>Ci aspettiamo di divertirci, \u00e8 il palco per eccellenza, e non abbiamo intenzione di buttare al vento questa occasione che ci \u00e8 stata regalata da Area Sanremo e da Sanremo RAI. Sappiamo che sar\u00e0 difficile ma non vediamo l\u2019ora di salire sul palco, divertirci e far divertire.<\/em> <strong><em><span class=\"has-inline-color has-vivid-red-color\">Luca<\/span><\/em><\/strong>: <em>Ci aspettiamo di vivere un\u2019esperienza nuova quanto sorprendente, siamo sia intimoriti che eccitati, sia carichi che ansiosi, abbiamo tanta voglia di scoprire che cosa ci riserver\u00e0 il futuro nel mondo della musica.<\/em><\/p>\n\n\n\n<p class=\"wp-block-paragraph\"><strong>Quanto la pandemia ha stravolto le vostre vite?<br><em><span class=\"has-inline-color has-vivid-red-color\">Matteo<\/span><\/em><\/strong>: <em>Molto, viviamo in due citt\u00e0 differenti, gli studi ci hanno portato a stare lontani, e la musica oggi \u00e8 il nostro collante, anche in questi tempi difficili. Restare rinchiuso in casa per uno scrittore \u00e8 un po&#8217; come stare in gabbia, anche se, in questo caso, citando un celebre autore, si tratta forse di una &#8216;gabbia d\u2019oro&#8217;.<\/em> <strong><em><span class=\"has-inline-color has-vivid-red-color\">Luca<\/span><\/em><\/strong>: <em>Penso che l\u2019abbia fatto esattamente come per gli altri, mentre ero a Roma a completare gli studi presso l\u2019Universit\u00e0 Sapienza, la pandemia, e tutto quello che ne ha avuto seguito, \u00e8 arrivata come un fulmine a ciel sereno. Per mantenere la mia vita da fuorisede ho sempre lavorato in veste di cameriere, durante le stagioni estive e d\u2019inverno nei ristoranti di Trastevere; \u00e8 diventato impossibile farlo, ovviamente, quando hanno chiuso le aziende nel settore della ristorazione. Cos\u00ed, ci ha pensato la musica a tenermi occupato: il progetto \u201cDellai\u201d si \u00e8 fatto strada e il problema \u201cpandemia\u201d s\u2019\u00e8 fatto sempre pi\u00f9 piccolo.<\/em><\/p>\n\n\n\n<p class=\"wp-block-paragraph\"><strong>Che cosa \u00e8 la Musica per Voi?<\/strong><br><strong><em><span class=\"has-inline-color has-vivid-red-color\">Matteo<\/span><\/em><\/strong>: <em>Tutto, la musica \u00e8 il sale della nostra vita, \u00e8 un obiettivo che sta sempre un passo avanti a noi, \u00e8 una musa, \u00e8 una terapia, \u00e8 un sesto senso. E\u2019 sentire una frase per strada e scrivere una canzone; \u00e8 gioia, spensieratezza e, allo stesso tempo, impegno, sudore e, a volte, qualche lacrima. <strong><span class=\"has-inline-color has-vivid-red-color\">Luca<\/span><\/strong><\/em>: <em>La musica \u00e8 una compagna di vita, la donna migliore da tenersi vicino; \u00e8 la voglia di esprimersi e di emozionarsi.<\/em><\/p>\n\n\n\n<p class=\"wp-block-paragraph\"><strong>Come definireste la vostra Musica in 3 aggettivi?<\/strong><br><strong><em><span class=\"has-inline-color has-vivid-red-color\">Matteo<\/span><\/em><\/strong>: <em>Ispirata, vera e solare<\/em>. <strong><em><span class=\"has-inline-color has-vivid-red-color\">Luca<\/span><\/em><\/strong>: <em>Spensierata, emozionante, fresca<\/em>.<\/p>\n\n\n\n<p class=\"wp-block-paragraph\"><strong>\u00c8 vero che avete composto la vostra prima canzone insieme a 14 anni? Si intitola \u201cPer la vita sin da ora\u201d: c\u2019\u00e8 qualche aneddoto simpatico legato a quel periodo che volete condividere?<\/strong><br><strong><em><span class=\"has-inline-color has-vivid-red-color\">Matteo<\/span><\/em><\/strong>: <em>No, \u00e8 una canzone scritta da Luca insieme ad un amico. La mia prima canzone \u00e8 nata pi\u00f9 o meno negli stessi anni, si chiama \u201cCome Semplici Note\u201d: grazie a quella canzone ho capito quale sarebbe stata la passione per il resto della mia vita. La prima canzone a cui abbiamo lavorato insieme \u00e8 \u201cNon passano gli aerei\u201d, pubblicata lo scorso Maggio. <span class=\"has-inline-color has-vivid-red-color\"><strong>Luca<\/strong><\/span>: Purtroppo non \u00e8 vero: la canzone sopracitata \u00e8 un brano scritto da me con un compagno di classe nei primi anni di Liceo; pur restando una bella canzone, non \u00e8 stata la prima canzone scritta. In realt\u00e0, ho scritto la mia prima canzone durante il periodo delle Scuole Medie; era dedicata ad una ragazza, ma questa \u00e8 un\u2019altra storia. Per quanto riguarda la prima canzone realizzata insieme a mio fratello \u00e8 stato necessario attendere il 2020: \u201cNon passano gli aerei\u201d, pezzo scritto da me e che, poi, \u00e8 diventato il primo singolo del progetto \u201cDellai\u201d.<\/em><\/p>\n\n\n\n<p class=\"wp-block-paragraph\"><strong>Come nasce, invece, \u201cIo sono Luca\u201d? E quando avete capito che sarebbe stata perfetta per Sanremo?<\/strong><br><strong><em><span class=\"has-inline-color has-vivid-red-color\">Matteo<\/span><\/em><\/strong>: <em>Nasce all\u2019inizio della quarantena, era un periodo difficile e a me andava di raccontarmi un po&#8217; di pi\u00f9 del solito. Cos\u00ec \u00e8 nata \u201cCastelli di Carte\u201d poi diventata \u201cIo sono Luca\u201d. Capimmo che era perfetta per Sanremo verso agosto; venimmo contattati dalla &#8216;LucaRedCrew&#8217; per un provino e decidemmo, dopo non pochi dibattiti, di iscrivere la canzone ad Area Sanremo<\/em>. <strong><em><span class=\"has-inline-color has-vivid-red-color\">Luca<\/span><\/em><\/strong>: <em>&#8220;Io sono Luca&#8221; nasce prima nella stanzetta di mio fratello, pi\u00f9 o meno un anno fa; ho sempre pensato che fosse un pezzo forte, anche se non immaginavo che potesse partecipare al Festival di Sanremo. Poi ci abbiamo lavorato, qualcuno ci ha creduto e quella \u00e8 stata la chiave di svolta.<\/em><\/p>\n\n\n\n<p class=\"has-text-align-center wp-block-paragraph\"><em><span class=\"has-inline-color has-luminous-vivid-orange-color\"><strong>\u201cIo sono Luca\u201d <\/strong>\u00e8 disponibile al seguente link: <\/span><strong><a href=\"https:\/\/umusic.digital\/iosonoluca\"><span class=\"has-inline-color has-luminous-vivid-orange-color\">https:\/\/umusic.digital\/iosonoluca<\/span><\/a><\/strong><\/em><\/p>\n\n\n\n<blockquote class=\"wp-block-quote is-layout-flow wp-block-quote-is-layout-flow\"><p><strong><span class=\"has-inline-color has-vivid-cyan-blue-color\">Biografia<\/span><\/strong>: <span class=\"has-inline-color has-vivid-cyan-blue-color\"><strong>Dellai<\/strong> \u00e8 un progetto che parte dalla passione di due fratelli per la musica. Gi\u00e0 in adolescenza i due si divertivano nello scrivere canzoni ma con il passare del tempo le due strade si divisero, mantenendo la composizione e la scrittura musicale come unico collante. Luca, dopo aver frequentato il liceo musicale ha proseguito gli studi presso il Conservatorio Rossini di Pesaro, parallelamente ad un percorso di laurea in economia, Matteo, invece, interessato al mondo dell\u2019architettura, ha continuato gli studi presso l\u2019Universit\u00e0 di Ferrara. Nonostante la distanza i due hanno sempre coltivato l\u2019interesse per la musica, la scrittura e la composizione.<br>Negli ultimi anni si sono ritrovati in un nuovo progetto \u201cDellai\u201d, dal quale \u00e8 gi\u00e0 nato un singolo disponibile su tutte le piattaforme digitali, dal titolo: \u201cNon passano gli aerei\u201d.<br>Il nuovo brano dei Dellai \u2013 gi\u00e0 disponibile su tutte le piattaforme di streaming dal 4 dicembre scorso &#8211; sar\u00e0 in gara al prossimo Festival di Sanremo nella categoria Nuove Proposte \u2013 si intitola \u201cIo sono Luca\u201d (Virgin Records).<\/span><\/p><\/blockquote>\n\n\n\n<figure class=\"wp-block-embed-youtube wp-block-embed is-type-video is-provider-youtube wp-embed-aspect-16-9 wp-has-aspect-ratio\"><div class=\"wp-block-embed__wrapper\">\n<iframe loading=\"lazy\" title=\"Dellai: &quot;Io sono Luca&quot; - Sanremo Giovani 17\/12\/2020\" width=\"500\" height=\"281\" src=\"https:\/\/www.youtube.com\/embed\/8rHKNLUQqjU?feature=oembed\" frameborder=\"0\" allow=\"accelerometer; autoplay; clipboard-write; encrypted-media; gyroscope; picture-in-picture; web-share\" referrerpolicy=\"strict-origin-when-cross-origin\" allowfullscreen><\/iframe>\n<\/div><figcaption><em><strong><span class=\"has-inline-color has-vivid-red-color\">Guarda l&#8217;esibizione dei Dellai ad AMASANREMO<\/span><\/strong><\/em><\/figcaption><\/figure>\n\n\n\n<figure class=\"wp-block-pullquote\"><blockquote><p><strong>Matteo<\/strong>: \u00ab&#8230;<em>Tutti siamo Luca. Tutti siamo caduti e abbiamo imparato a planare per non cadere ogni volta<\/em>&#8230;\u00bb<\/p><\/blockquote><\/figure>\n\n\n\n<p class=\"wp-block-paragraph\"><em>I Dellai saranno diretti dal M\u00b0 Federico Mecozzi<\/em>, leggi l&#8217;intervista al seguente link: <\/p>\n\n\n\n<p class=\"wp-block-paragraph\">Fratelli. Gemelli. Apparentemente molto diversi, non fisicamente; eppure, accomunati da un sacco di passioni: la Musica prima di tutto. <strong>Dellai<\/strong> \u00e8 il duo musicale che ad <em>AmaSanremo<\/em> ha convinto. Ora, destinazione <em>Sanremo 2021<\/em>. Il Festival li attende. Gareggiare nella categoria Nuove Proposte non sar\u00e0 semplice ma Matteo e Luca amano le sfide. Sensibili, ma molto forti. Non vivono la loro vita in simbiosi e, anzi, non abitano neppure nella stessa Citt\u00e0; quando sono insieme, per\u00f2, si vede che la Natura li ha fatti perfettamente complementari. &#8220;Tutti siamo Luca&#8221;: questo il messaggio pregnante della canzone &#8220;Io sono Luca&#8221; che porteranno sul palco dell&#8217;<em>Ariston<\/em>. La vita spesso ci insegna che la realt\u00e0 pu\u00f2 essere pi\u00f9 dura di quello che abbiamo immaginato: gli attacchi di panico adolescenziali, la sensazione di disagio quando si sta in mezzo a persone che non si conoscono e un padre che, da qualche Natale, non \u00e8 pi\u00f9 tornato a casa&#8230; Matteo ha avuto la possibilit\u00e0, la voglia e la forza di raccontare la storia di Luca. La Musica come &#8220;medicina&#8221; per salutare un periodo buio.<\/p>\n\n\n\n<p class=\"wp-block-paragraph\">Una curiosit\u00e0 sul brano in gara a <em>Sanremo<\/em>: superata la prima fase del concorso <em>Area Sanremo<\/em>, i Dellai hanno affrontato un\u2019accesa ma illuminante discussione con gli addetti ai lavori sul titolo del brano che, inizialmente, era \u201cCastelli di Carte\u201d. Dal confronto \u00e8 emerso che la canzone parla proprio di Luca, coautore e protagonista di un brano. Il testo, in fondo, parla un po\u2019 di tutti noi. La canzone \u00e8 stata cos\u00ec associata ad un nuovo ed importante significato, ma anche ad un nuovo titolo: \u201cCastelli di Carte&#8221; \u00e8 diventata &#8220;Io sono Luca&#8221;. <\/p>\n\n\n\n<p class=\"wp-block-paragraph\">I Dellai si sono raccontati ai Lettori di <strong>MediaVox Magazine<\/strong> con semplicit\u00e0. Parole che arrivano dal cuore e che sono il simbolo di una generazione che ha bisogno e voglia di raccontare sentimenti sinceri con passione e con talento&#8230;<\/p>\n\n\n\n<div class=\"wp-block-image\"><figure class=\"aligncenter size-large\"><img loading=\"lazy\" decoding=\"async\" width=\"836\" height=\"842\" src=\"https:\/\/mediavoxmagazine.it\/wp-content\/uploads\/2021\/02\/inbound8057388606622082664.jpg\" alt=\"\" class=\"wp-image-12395\" srcset=\"https:\/\/mediavoxmagazine.it\/wp-content\/uploads\/2021\/02\/inbound8057388606622082664.jpg 836w, https:\/\/mediavoxmagazine.it\/wp-content\/uploads\/2021\/02\/inbound8057388606622082664-298x300.jpg 298w, https:\/\/mediavoxmagazine.it\/wp-content\/uploads\/2021\/02\/inbound8057388606622082664-150x150.jpg 150w, https:\/\/mediavoxmagazine.it\/wp-content\/uploads\/2021\/02\/inbound8057388606622082664-768x774.jpg 768w\" sizes=\"auto, (max-width: 836px) 100vw, 836px\" \/><\/figure><\/div>\n\n\n\n<p class=\"wp-block-paragraph\"><br><strong>Matteo e Luca: come \u00e8 davvero la vita da gemelli?<\/strong><br><strong><em><span class=\"has-inline-color has-vivid-red-color\">Matteo<\/span><\/em><\/strong>: <em>In realt\u00e0, siamo molto diversi, il bello \u00e8 ritrovarsi ogni giorno nelle paure e nelle gioie dell\u2019altro. Poi si litiga, ci si fa male (non letteralmente) e si fa la pace, come qualsiasi coppia di fratelli. Mi \u00e8 sempre parsa particolare questa domanda, perch\u00e9, effettivamente non posso essere in grado di giudicare la mia vita da \u201cgemello\u201d in quanto questa \u00e8 l\u2019unica che ho vissuto. Finora.<\/em> <em><strong><span class=\"has-inline-color has-vivid-red-color\">Luca<\/span><\/strong><\/em>: <em>Al di l\u00e0 dei luoghi comuni, la vita da gemelli non \u00e8 molto diversa da quella dei fratelli, a meno che tu non ti stia guardando allo specchio, e non sai pi\u00f9 se sei Luca o Matteo, procedendo verso crisi di identit\u00e0 sempre pi\u00f9 aspre. Ovviamente, stiamo scherzando: nella relazione con un gemello c\u2019\u00e8 molta sintonia, a volte anche troppa, e la minaccia del \u201clitigio\u201d \u00e8 sempre dietro l\u2019angolo, anche se poi non si litiga mai per davvero, o per pi\u00f9 di 5 minuti.<\/em><\/p>\n\n\n\n<p class=\"wp-block-paragraph\"><br><strong>Oltre alla Musica quale altra passione vi unisce? E che cosa, invece, proprio non vi trova d\u2019accordo?<\/strong><br><strong><em><span class=\"has-inline-color has-vivid-red-color\">Matteo<\/span><\/em><\/strong>: <em>La musica fa da protagonista nelle nostre vite. Siamo entrambi appassionati di motori, da bravi figli di Romagna. Ci dissociamo invece in quanto fede calcistica, io tifo Milan, mentre Luca tifa Inter.<\/em> <strong><em><span class=\"has-inline-color has-vivid-red-color\">Luca<\/span><\/em><\/strong>: <em>La passione per i motori sicuramente ci avvicina, anche se in realt\u00e0 troviamo il modo per discutere anche su quello, ma, essendo nati in Romagna, l\u2019interesse per le due, o quattro ruote, ce l\u2019abbiamo nel sangue. La fede calcistica invece ci allontana, io sono interista mentre mio fratello Matteo tifa Milan.<\/em><\/p>\n\n\n\n<p class=\"wp-block-paragraph\"><strong>Che cosa vi aspettate dal Festival di Sanremo 2021?<\/strong><br><strong><span class=\"has-inline-color has-vivid-red-color\"><em>Matteo<\/em><\/span><\/strong>: <em>Ci aspettiamo di divertirci, \u00e8 il palco per eccellenza, e non abbiamo intenzione di buttare al vento questa occasione che ci \u00e8 stata regalata da Area Sanremo e da Sanremo RAI. Sappiamo che sar\u00e0 difficile ma non vediamo l\u2019ora di salire sul palco, divertirci e far divertire.<\/em> <strong><em><span class=\"has-inline-color has-vivid-red-color\">Luca<\/span><\/em><\/strong>: <em>Ci aspettiamo di vivere un\u2019esperienza nuova quanto sorprendente, siamo sia intimoriti che eccitati, sia carichi che ansiosi, abbiamo tanta voglia di scoprire che cosa ci riserver\u00e0 il futuro nel mondo della musica.<\/em><\/p>\n\n\n\n<p class=\"wp-block-paragraph\"><strong>Quanto la pandemia ha stravolto le vostre vite?<br><em><span class=\"has-inline-color has-vivid-red-color\">Matteo<\/span><\/em><\/strong>: <em>Molto, viviamo in due citt\u00e0 differenti, gli studi ci hanno portato a stare lontani, e la musica oggi \u00e8 il nostro collante, anche in questi tempi difficili. Restare rinchiuso in casa per uno scrittore \u00e8 un po&#8217; come stare in gabbia, anche se, in questo caso, citando un celebre autore, si tratta forse di una &#8216;gabbia d\u2019oro&#8217;.<\/em> <strong><em><span class=\"has-inline-color has-vivid-red-color\">Luca<\/span><\/em><\/strong>: <em>Penso che l\u2019abbia fatto esattamente come per gli altri, mentre ero a Roma a completare gli studi presso l\u2019Universit\u00e0 Sapienza, la pandemia, e tutto quello che ne ha avuto seguito, \u00e8 arrivata come un fulmine a ciel sereno. Per mantenere la mia vita da fuorisede ho sempre lavorato in veste di cameriere, durante le stagioni estive e d\u2019inverno nei ristoranti di Trastevere; \u00e8 diventato impossibile farlo, ovviamente, quando hanno chiuso le aziende nel settore della ristorazione. Cos\u00ed, ci ha pensato la musica a tenermi occupato: il progetto \u201cDellai\u201d si \u00e8 fatto strada e il problema \u201cpandemia\u201d s\u2019\u00e8 fatto sempre pi\u00f9 piccolo.<\/em><\/p>\n\n\n\n<p class=\"wp-block-paragraph\"><strong>Che cosa \u00e8 la Musica per Voi?<\/strong><br><strong><em><span class=\"has-inline-color has-vivid-red-color\">Matteo<\/span><\/em><\/strong>: <em>Tutto, la musica \u00e8 il sale della nostra vita, \u00e8 un obiettivo che sta sempre un passo avanti a noi, \u00e8 una musa, \u00e8 una terapia, \u00e8 un sesto senso. E\u2019 sentire una frase per strada e scrivere una canzone; \u00e8 gioia, spensieratezza e, allo stesso tempo, impegno, sudore e, a volte, qualche lacrima. <strong><span class=\"has-inline-color has-vivid-red-color\">Luca<\/span><\/strong><\/em>: <em>La musica \u00e8 una compagna di vita, la donna migliore da tenersi vicino; \u00e8 la voglia di esprimersi e di emozionarsi.<\/em><\/p>\n\n\n\n<p class=\"wp-block-paragraph\"><strong>Come definireste la vostra Musica in 3 aggettivi?<\/strong><br><strong><em><span class=\"has-inline-color has-vivid-red-color\">Matteo<\/span><\/em><\/strong>: <em>Ispirata, vera e solare<\/em>. <strong><em><span class=\"has-inline-color has-vivid-red-color\">Luca<\/span><\/em><\/strong>: <em>Spensierata, emozionante, fresca<\/em>.<\/p>\n\n\n\n<p class=\"wp-block-paragraph\"><strong>\u00c8 vero che avete composto la vostra prima canzone insieme a 14 anni? Si intitola \u201cPer la vita sin da ora\u201d: c\u2019\u00e8 qualche aneddoto simpatico legato a quel periodo che volete condividere?<\/strong><br><strong><em><span class=\"has-inline-color has-vivid-red-color\">Matteo<\/span><\/em><\/strong>: <em>No, \u00e8 una canzone scritta da Luca insieme ad un amico. La mia prima canzone \u00e8 nata pi\u00f9 o meno negli stessi anni, si chiama \u201cCome Semplici Note\u201d: grazie a quella canzone ho capito quale sarebbe stata la passione per il resto della mia vita. La prima canzone a cui abbiamo lavorato insieme \u00e8 \u201cNon passano gli aerei\u201d, pubblicata lo scorso Maggio. <span class=\"has-inline-color has-vivid-red-color\"><strong>Luca<\/strong><\/span>: Purtroppo non \u00e8 vero: la canzone sopracitata \u00e8 un brano scritto da me con un compagno di classe nei primi anni di Liceo; pur restando una bella canzone, non \u00e8 stata la prima canzone scritta. In realt\u00e0, ho scritto la mia prima canzone durante il periodo delle Scuole Medie; era dedicata ad una ragazza, ma questa \u00e8 un\u2019altra storia. Per quanto riguarda la prima canzone realizzata insieme a mio fratello \u00e8 stato necessario attendere il 2020: \u201cNon passano gli aerei\u201d, pezzo scritto da me e che, poi, \u00e8 diventato il primo singolo del progetto \u201cDellai\u201d.<\/em><\/p>\n\n\n\n<p class=\"wp-block-paragraph\"><strong>Come nasce, invece, \u201cIo sono Luca\u201d? E quando avete capito che sarebbe stata perfetta per Sanremo?<\/strong><br><strong><em><span class=\"has-inline-color has-vivid-red-color\">Matteo<\/span><\/em><\/strong>: <em>Nasce all\u2019inizio della quarantena, era un periodo difficile e a me andava di raccontarmi un po&#8217; di pi\u00f9 del solito. Cos\u00ec \u00e8 nata \u201cCastelli di Carte\u201d poi diventata \u201cIo sono Luca\u201d. Capimmo che era perfetta per Sanremo verso agosto; venimmo contattati dalla &#8216;LucaRedCrew&#8217; per un provino e decidemmo, dopo non pochi dibattiti, di iscrivere la canzone ad Area Sanremo<\/em>. <strong><em><span class=\"has-inline-color has-vivid-red-color\">Luca<\/span><\/em><\/strong>: <em>&#8220;Io sono Luca&#8221; nasce prima nella stanzetta di mio fratello, pi\u00f9 o meno un anno fa; ho sempre pensato che fosse un pezzo forte, anche se non immaginavo che potesse partecipare al Festival di Sanremo. Poi ci abbiamo lavorato, qualcuno ci ha creduto e quella \u00e8 stata la chiave di svolta.<\/em><\/p>\n\n\n\n<p class=\"has-text-align-center wp-block-paragraph\"><em><span class=\"has-inline-color has-luminous-vivid-orange-color\"><strong>\u201cIo sono Luca\u201d <\/strong>\u00e8 disponibile al seguente link: <\/span><strong><a href=\"https:\/\/umusic.digital\/iosonoluca\"><span class=\"has-inline-color has-luminous-vivid-orange-color\">https:\/\/umusic.digital\/iosonoluca<\/span><\/a><\/strong><\/em><\/p>\n\n\n\n<blockquote class=\"wp-block-quote is-layout-flow wp-block-quote-is-layout-flow\"><p><strong><span class=\"has-inline-color has-vivid-cyan-blue-color\">Biografia<\/span><\/strong>: <span class=\"has-inline-color has-vivid-cyan-blue-color\"><strong>Dellai<\/strong> \u00e8 un progetto che parte dalla passione di due fratelli per la musica. Gi\u00e0 in adolescenza i due si divertivano nello scrivere canzoni ma con il passare del tempo le due strade si divisero, mantenendo la composizione e la scrittura musicale come unico collante. Luca, dopo aver frequentato il liceo musicale ha proseguito gli studi presso il Conservatorio Rossini di Pesaro, parallelamente ad un percorso di laurea in economia, Matteo, invece, interessato al mondo dell\u2019architettura, ha continuato gli studi presso l\u2019Universit\u00e0 di Ferrara. Nonostante la distanza i due hanno sempre coltivato l\u2019interesse per la musica, la scrittura e la composizione.<br>Negli ultimi anni si sono ritrovati in un nuovo progetto \u201cDellai\u201d, dal quale \u00e8 gi\u00e0 nato un singolo disponibile su tutte le piattaforme digitali, dal titolo: \u201cNon passano gli aerei\u201d.<br>Il nuovo brano dei Dellai \u2013 gi\u00e0 disponibile su tutte le piattaforme di streaming dal 4 dicembre scorso &#8211; sar\u00e0 in gara al prossimo Festival di Sanremo nella categoria Nuove Proposte \u2013 si intitola \u201cIo sono Luca\u201d (Virgin Records).<\/span><\/p><\/blockquote>\n\n\n\n<figure class=\"wp-block-embed-youtube wp-block-embed is-type-video is-provider-youtube wp-embed-aspect-16-9 wp-has-aspect-ratio\"><div class=\"wp-block-embed__wrapper\">\n<iframe loading=\"lazy\" title=\"Dellai: &quot;Io sono Luca&quot; - Sanremo Giovani 17\/12\/2020\" width=\"500\" height=\"281\" src=\"https:\/\/www.youtube.com\/embed\/8rHKNLUQqjU?feature=oembed\" frameborder=\"0\" allow=\"accelerometer; autoplay; clipboard-write; encrypted-media; gyroscope; picture-in-picture; web-share\" referrerpolicy=\"strict-origin-when-cross-origin\" allowfullscreen><\/iframe>\n<\/div><figcaption><em><strong><span class=\"has-inline-color has-vivid-red-color\">Guarda l&#8217;esibizione dei Dellai ad AMASANREMO<\/span><\/strong><\/em><\/figcaption><\/figure>\n\n\n\n<figure class=\"wp-block-pullquote\"><blockquote><p><strong>Matteo<\/strong>: \u00ab&#8230;<em>Tutti siamo Luca. Tutti siamo caduti e abbiamo imparato a planare per non cadere ogni volta<\/em>&#8230;\u00bb<\/p><\/blockquote><\/figure>\n\n\n\n<p class=\"wp-block-paragraph\"><\/p>\n\n\n\n<p class=\"has-text-align-center wp-block-paragraph\"><em><span class=\"has-inline-color has-vivid-red-color\">I Dellai saranno diretti dal M\u00b0 <\/span><\/em><strong><span class=\"has-inline-color has-vivid-red-color\"><em><a href=\"http:\/\/                                \">Federico Mecozzi<\/a><\/em><\/span><\/strong><\/p>\n","protected":false},"excerpt":{"rendered":"<div class=\"mh-excerpt\"><p>Fratelli. Gemelli. Apparentemente molto diversi, non fisicamente; eppure, accomunati da un sacco di passioni: la Musica prima di tutto. Dellai \u00e8 il duo musicale che <a class=\"mh-excerpt-more\" href=\"https:\/\/mediavoxmagazine.it\/?p=12361\" title=\"Io sono Luca\">[&#8230;]<\/a><\/p>\n<\/div>","protected":false},"author":3,"featured_media":12411,"comment_status":"closed","ping_status":"closed","sticky":true,"template":"","format":"standard","meta":{"footnotes":""},"categories":[244],"tags":[],"class_list":["post-12361","post","type-post","status-publish","format-standard","has-post-thumbnail","hentry","category-speciale-sanremo"],"_links":{"self":[{"href":"https:\/\/mediavoxmagazine.it\/index.php?rest_route=\/wp\/v2\/posts\/12361","targetHints":{"allow":["GET"]}}],"collection":[{"href":"https:\/\/mediavoxmagazine.it\/index.php?rest_route=\/wp\/v2\/posts"}],"about":[{"href":"https:\/\/mediavoxmagazine.it\/index.php?rest_route=\/wp\/v2\/types\/post"}],"author":[{"embeddable":true,"href":"https:\/\/mediavoxmagazine.it\/index.php?rest_route=\/wp\/v2\/users\/3"}],"replies":[{"embeddable":true,"href":"https:\/\/mediavoxmagazine.it\/index.php?rest_route=%2Fwp%2Fv2%2Fcomments&post=12361"}],"version-history":[{"count":50,"href":"https:\/\/mediavoxmagazine.it\/index.php?rest_route=\/wp\/v2\/posts\/12361\/revisions"}],"predecessor-version":[{"id":13185,"href":"https:\/\/mediavoxmagazine.it\/index.php?rest_route=\/wp\/v2\/posts\/12361\/revisions\/13185"}],"wp:featuredmedia":[{"embeddable":true,"href":"https:\/\/mediavoxmagazine.it\/index.php?rest_route=\/wp\/v2\/media\/12411"}],"wp:attachment":[{"href":"https:\/\/mediavoxmagazine.it\/index.php?rest_route=%2Fwp%2Fv2%2Fmedia&parent=12361"}],"wp:term":[{"taxonomy":"category","embeddable":true,"href":"https:\/\/mediavoxmagazine.it\/index.php?rest_route=%2Fwp%2Fv2%2Fcategories&post=12361"},{"taxonomy":"post_tag","embeddable":true,"href":"https:\/\/mediavoxmagazine.it\/index.php?rest_route=%2Fwp%2Fv2%2Ftags&post=12361"}],"curies":[{"name":"wp","href":"https:\/\/api.w.org\/{rel}","templated":true}]}}