{"id":1246,"date":"2016-03-23T23:28:44","date_gmt":"2016-03-23T22:28:44","guid":{"rendered":"https:\/\/mediavoxmagazine.it\/?p=1246"},"modified":"2016-03-24T09:29:08","modified_gmt":"2016-03-24T08:29:08","slug":"sacro-e-profano-la-potenza-delle-tradizioni-le-tradizioni-del-venerdi-santo-a-sarno-3","status":"publish","type":"post","link":"https:\/\/mediavoxmagazine.it\/?p=1246","title":{"rendered":"SACRO E PROFANO: LA POTENZA DELLE TRADIZIONI. Le Tradizioni del Venerd\u00ec Santo a Sarno"},"content":{"rendered":"<blockquote>\n<p style=\"text-align: right;\"><strong><em>Una fotografia sa raccontare pi\u00f9 di mille parole.<\/em><\/strong><\/p>\n<p style=\"text-align: right;\"><strong><em>Quando \u00e8 scattata con passione.<\/em><\/strong><\/p>\n<p style=\"text-align: right;\"><strong><em>Quando sa cogliere le sfumature della vita.<\/em><\/strong><\/p>\n<p style=\"text-align: right;\"><strong><em>Quando attraverso il chiaro-scuro dei colori dona\u00a0forma ai sentimenti.<\/em><\/strong><\/p>\n<\/blockquote>\n<p><iframe loading=\"lazy\" title=\"PAPUTI - Il video dell&#039;Ass. APERTURE\" width=\"500\" height=\"281\" src=\"https:\/\/www.youtube.com\/embed\/3j_WqDK4VLQ?feature=oembed\" frameborder=\"0\" allow=\"accelerometer; autoplay; clipboard-write; encrypted-media; gyroscope; picture-in-picture; web-share\" referrerpolicy=\"strict-origin-when-cross-origin\" allowfullscreen><\/iframe><\/p>\n<p>L\u2019<strong><a href=\"https:\/\/www.facebook.com\/Associazione-Fotografica-Aperture-703491439690777\/?fref=ts\" data-slimstat-clicked=\"false\" data-slimstat-type=\"0\" data-slimstat-tracking=\"true\" data-slimstat-callback=\"true\" data-slimstat-async=\"false\">Associazione Fotografica Aperture<\/a><\/strong> ha organizzato una Mostra che parla di Storia, di Riti e di Miti ancestrali.<\/p>\n<p>Scatti emozionali che ritraggono i momenti pi\u00f9 emblematici\u00a0delle Tradizioni del\u00a0<strong>Venerd\u00ec Santo<\/strong>\u00a0 nella Citt\u00e0 di\u00a0<strong>Sarno<\/strong>, in Provincia di <strong>Salerno<\/strong>.<\/p>\n<p>Protagonisti assoluti, i <strong>Paputi: <\/strong>gli<strong> \u201cincappucciati\u201d\u00a0<\/strong>che, dalle prime luci dell\u2019alba, percorrono le strade del centro storico, accompagnati da struggenti ed antichissimi canti.<\/p>\n<p>Alcuni scatti sono di forte\u00a0impatto: emblematica \u00e8 la partecipazione dell\u2019intera Comunit\u00e0 che vive la Santa Pasqua\u00a0con grande fede.<\/p>\n<p>Le fotografie esposte sono di: <strong>Pompeo Annunziata<\/strong>, <strong>Rosario De Vivo<\/strong>, <strong>Claudia Prisco<\/strong>, <strong>Michela Pappacena<\/strong> e <strong>Giuseppe Ferrentino<\/strong>.<\/p>\n<blockquote><p>&nbsp;<\/p>\n<p><em>La mostra \u00e8 visitabile gratuitamente fino al\u00a0<strong>23 Marzo 2016<\/strong> presso il <strong><a href=\"https:\/\/www.facebook.com\/Museo-Archeologico-Nazionale-Valle-del-Sarno-252965771472811\/?ref=ts&amp;fref=ts\" data-slimstat-clicked=\"false\" data-slimstat-type=\"0\" data-slimstat-tracking=\"true\" data-slimstat-callback=\"true\" data-slimstat-async=\"false\">Museo archeologico nazionale della Valle del Sarno<\/a><\/strong>;<\/em><br \/>\n<em>dal <strong>24<\/strong> al <strong>31 Marzo 2016<\/strong> presso la <strong><a href=\"https:\/\/www.facebook.com\/parrocchiasan.francescodassisi.5?ref=ts&amp;fref=ts\" data-slimstat-clicked=\"false\" data-slimstat-type=\"0\" data-slimstat-tracking=\"true\" data-slimstat-callback=\"true\" data-slimstat-async=\"false\">Chiesa di San Francesco d\u2019Assisi<\/a><\/strong>, sita in\u00a0<strong>Piazza IV Novembre<\/strong>a <strong>Sarno (SA)<\/strong>.<\/em><\/p><\/blockquote>\n<p>&nbsp;<\/p>\n<p><span style=\"text-decoration: underline;\"><strong>ECCO ALCUNI ACCATTIVANTI\u00a0SCATTI DI ROSARIO DE VIVO<\/strong><\/span><\/p>\n<p><em>La Croce di San Francesco d&#8217;Assissi;\u00a0gli unici fedeli, tra i Paputi, che non hanno il volto coperto. Il simbolismo di uno\u00a0sguardo profondo oltre ed attraverso la Croce stretta forte, mentre il dipinto sulla destra raffigura Ges\u00f9 con lo\u00a0sguardo sofferente verso l&#8217;alto&#8230;<\/em><\/p>\n<p><span style=\"text-decoration: underline;\"><strong><a href=\"https:\/\/mediavoxmagazine.it\/wp-content\/uploads\/2016\/03\/Rosario-De-Vivo10.jpg\" rel=\"attachment wp-att-1248\"><img loading=\"lazy\" decoding=\"async\" class=\"alignnone wp-image-1254 size-full\" src=\"https:\/\/mediavoxmagazine.it\/wp-content\/uploads\/2016\/03\/Rosario-De-Vivo16.jpg\" alt=\"Rosario De Vivo16\" width=\"1102\" height=\"1654\" srcset=\"https:\/\/mediavoxmagazine.it\/wp-content\/uploads\/2016\/03\/Rosario-De-Vivo16.jpg 1102w, https:\/\/mediavoxmagazine.it\/wp-content\/uploads\/2016\/03\/Rosario-De-Vivo16-200x300.jpg 200w, https:\/\/mediavoxmagazine.it\/wp-content\/uploads\/2016\/03\/Rosario-De-Vivo16-768x1153.jpg 768w, https:\/\/mediavoxmagazine.it\/wp-content\/uploads\/2016\/03\/Rosario-De-Vivo16-682x1024.jpg 682w\" sizes=\"auto, (max-width: 1102px) 100vw, 1102px\" \/><\/a><\/strong><\/span><\/p>\n<p><em>La fotografia, attraverso giochi sapienti di messe a fuoco, parla di Fede e di Riti. Tutti i Fedeli\u00a0in Chiesa\u00a0sono di spalle, nessun volto in evidenza quasi a voler\u00a0raccontare il\u00a0momento della preghiera che ci rende tutti uguali.<\/em><\/p>\n<p><img loading=\"lazy\" decoding=\"async\" class=\"alignnone wp-image-1253 size-full\" src=\"https:\/\/mediavoxmagazine.it\/wp-content\/uploads\/2016\/03\/Rosario-De-Vivo15.jpg\" alt=\"Rosario De Vivo15\" width=\"1102\" height=\"1654\" srcset=\"https:\/\/mediavoxmagazine.it\/wp-content\/uploads\/2016\/03\/Rosario-De-Vivo15.jpg 1102w, https:\/\/mediavoxmagazine.it\/wp-content\/uploads\/2016\/03\/Rosario-De-Vivo15-200x300.jpg 200w, https:\/\/mediavoxmagazine.it\/wp-content\/uploads\/2016\/03\/Rosario-De-Vivo15-768x1153.jpg 768w, https:\/\/mediavoxmagazine.it\/wp-content\/uploads\/2016\/03\/Rosario-De-Vivo15-682x1024.jpg 682w\" sizes=\"auto, (max-width: 1102px) 100vw, 1102px\" \/><\/p>\n<p><em>A portare la Croce, mani che lavoro e soffrono e, quindi, vivono. Perch\u00e8 chi riesce a cogliere il senso dell&#8217;umana esistenza riesce a vivere e non solo a sopravviere.<\/em><\/p>\n<p><span style=\"text-decoration: underline;\"><strong><a href=\"https:\/\/mediavoxmagazine.it\/wp-content\/uploads\/2016\/03\/Rosario-De-Vivo10.jpg\" rel=\"attachment wp-att-1248\"><img loading=\"lazy\" decoding=\"async\" class=\"alignnone wp-image-1252 size-full\" src=\"https:\/\/mediavoxmagazine.it\/wp-content\/uploads\/2016\/03\/Rosario-De-Vivo14.jpg\" alt=\"Rosario De Vivo14\" width=\"1102\" height=\"1654\" srcset=\"https:\/\/mediavoxmagazine.it\/wp-content\/uploads\/2016\/03\/Rosario-De-Vivo14.jpg 1102w, https:\/\/mediavoxmagazine.it\/wp-content\/uploads\/2016\/03\/Rosario-De-Vivo14-200x300.jpg 200w, https:\/\/mediavoxmagazine.it\/wp-content\/uploads\/2016\/03\/Rosario-De-Vivo14-768x1153.jpg 768w, https:\/\/mediavoxmagazine.it\/wp-content\/uploads\/2016\/03\/Rosario-De-Vivo14-682x1024.jpg 682w\" sizes=\"auto, (max-width: 1102px) 100vw, 1102px\" \/><\/a><\/strong><\/span><\/p>\n<p><em>Splendida immagine di una Chiesa dalla storia millenaria; il Borgo antico della Citt\u00e0, illuminato dalla magiche luci dell&#8217;alba o della sera, sembra un prezioso Presepe arroccato sulla montagna.<\/em><\/p>\n<p><strong><a href=\"https:\/\/mediavoxmagazine.it\/wp-content\/uploads\/2016\/03\/Rosario-De-Vivo10.jpg\" rel=\"attachment wp-att-1248\"><img loading=\"lazy\" decoding=\"async\" class=\"alignnone wp-image-1248 size-full\" src=\"https:\/\/mediavoxmagazine.it\/wp-content\/uploads\/2016\/03\/Rosario-De-Vivo10.jpg\" alt=\"Rosario De Vivo10\" width=\"1102\" height=\"1654\" srcset=\"https:\/\/mediavoxmagazine.it\/wp-content\/uploads\/2016\/03\/Rosario-De-Vivo10.jpg 1102w, https:\/\/mediavoxmagazine.it\/wp-content\/uploads\/2016\/03\/Rosario-De-Vivo10-200x300.jpg 200w, https:\/\/mediavoxmagazine.it\/wp-content\/uploads\/2016\/03\/Rosario-De-Vivo10-768x1153.jpg 768w, https:\/\/mediavoxmagazine.it\/wp-content\/uploads\/2016\/03\/Rosario-De-Vivo10-682x1024.jpg 682w\" sizes=\"auto, (max-width: 1102px) 100vw, 1102px\" \/><\/a><\/strong><\/p>\n<p><em>Antico e moderno devono convivere e mescolarsi ogni giorno: sotto al cappuccio del Paputo in primo piano, si intravedono gli occhiali da sole. Perch\u00e8 la nostra parte spirituale \u00e8 anche terrena: filtrare la luce della quotidianit\u00e0 per trovare la propria dimensione&#8230;<\/em><\/p>\n<p><strong><a href=\"https:\/\/mediavoxmagazine.it\/wp-content\/uploads\/2016\/03\/Rosario-De-Vivo10.jpg\" rel=\"attachment wp-att-1248\"><img loading=\"lazy\" decoding=\"async\" class=\"alignnone wp-image-1251 size-full\" src=\"https:\/\/mediavoxmagazine.it\/wp-content\/uploads\/2016\/03\/Rosario-De-Vivo13.jpg\" alt=\"Rosario De Vivo13\" width=\"1102\" height=\"1654\" srcset=\"https:\/\/mediavoxmagazine.it\/wp-content\/uploads\/2016\/03\/Rosario-De-Vivo13.jpg 1102w, https:\/\/mediavoxmagazine.it\/wp-content\/uploads\/2016\/03\/Rosario-De-Vivo13-200x300.jpg 200w, https:\/\/mediavoxmagazine.it\/wp-content\/uploads\/2016\/03\/Rosario-De-Vivo13-768x1153.jpg 768w, https:\/\/mediavoxmagazine.it\/wp-content\/uploads\/2016\/03\/Rosario-De-Vivo13-682x1024.jpg 682w\" sizes=\"auto, (max-width: 1102px) 100vw, 1102px\" \/><\/a><\/strong><\/p>\n<p><em>Una foto imponente: l&#8217;incedere dei Paputi bianchi in Processione per le vie del Centro storico.<\/em><\/p>\n<p><strong><a href=\"https:\/\/mediavoxmagazine.it\/wp-content\/uploads\/2016\/03\/Rosario-De-Vivo10.jpg\" rel=\"attachment wp-att-1248\"><img loading=\"lazy\" decoding=\"async\" class=\"alignnone wp-image-1256 size-full\" src=\"https:\/\/mediavoxmagazine.it\/wp-content\/uploads\/2016\/03\/Rosario-DeVivo.jpg\" alt=\"Rosario DeVivo\" width=\"1654\" height=\"1102\" srcset=\"https:\/\/mediavoxmagazine.it\/wp-content\/uploads\/2016\/03\/Rosario-DeVivo.jpg 1654w, https:\/\/mediavoxmagazine.it\/wp-content\/uploads\/2016\/03\/Rosario-DeVivo-300x200.jpg 300w, https:\/\/mediavoxmagazine.it\/wp-content\/uploads\/2016\/03\/Rosario-DeVivo-768x512.jpg 768w, https:\/\/mediavoxmagazine.it\/wp-content\/uploads\/2016\/03\/Rosario-DeVivo-1024x682.jpg 1024w\" sizes=\"auto, (max-width: 1654px) 100vw, 1654px\" \/><\/a><\/strong><\/p>\n<p><em>Rosso e ancora rosso. Un colore che parla pi\u00f9 di mille parole e colora la fotografia di infinito.<\/em><\/p>\n<p><span style=\"text-decoration: underline;\"><strong><a href=\"https:\/\/mediavoxmagazine.it\/wp-content\/uploads\/2016\/03\/Rosario-De-Vivo11.jpg\" rel=\"attachment wp-att-1249\"><img loading=\"lazy\" decoding=\"async\" class=\"alignnone wp-image-1249 size-full\" src=\"https:\/\/mediavoxmagazine.it\/wp-content\/uploads\/2016\/03\/Rosario-De-Vivo11.jpg\" alt=\"Rosario De Vivo11\" width=\"1102\" height=\"1654\" srcset=\"https:\/\/mediavoxmagazine.it\/wp-content\/uploads\/2016\/03\/Rosario-De-Vivo11.jpg 1102w, https:\/\/mediavoxmagazine.it\/wp-content\/uploads\/2016\/03\/Rosario-De-Vivo11-200x300.jpg 200w, https:\/\/mediavoxmagazine.it\/wp-content\/uploads\/2016\/03\/Rosario-De-Vivo11-768x1153.jpg 768w, https:\/\/mediavoxmagazine.it\/wp-content\/uploads\/2016\/03\/Rosario-De-Vivo11-682x1024.jpg 682w\" sizes=\"auto, (max-width: 1102px) 100vw, 1102px\" \/><\/a><\/strong><\/span><\/p>\n<p><em>Lo sguardo fiero del Paputo e il rosso del cappuccio in uno scatto che modella una statua.<\/em><\/p>\n<p><span style=\"text-decoration: underline;\"><strong> <a href=\"https:\/\/mediavoxmagazine.it\/wp-content\/uploads\/2016\/03\/Rosario-De-Vivo12.jpg\" rel=\"attachment wp-att-1250\"><img loading=\"lazy\" decoding=\"async\" class=\"alignnone wp-image-1250 size-full\" src=\"https:\/\/mediavoxmagazine.it\/wp-content\/uploads\/2016\/03\/Rosario-De-Vivo12.jpg\" alt=\"Rosario De Vivo12\" width=\"1102\" height=\"1654\" srcset=\"https:\/\/mediavoxmagazine.it\/wp-content\/uploads\/2016\/03\/Rosario-De-Vivo12.jpg 1102w, https:\/\/mediavoxmagazine.it\/wp-content\/uploads\/2016\/03\/Rosario-De-Vivo12-200x300.jpg 200w, https:\/\/mediavoxmagazine.it\/wp-content\/uploads\/2016\/03\/Rosario-De-Vivo12-768x1153.jpg 768w, https:\/\/mediavoxmagazine.it\/wp-content\/uploads\/2016\/03\/Rosario-De-Vivo12-682x1024.jpg 682w\" sizes=\"auto, (max-width: 1102px) 100vw, 1102px\" \/><\/a><\/strong><\/span><\/p>\n<p><em>Le mani giunte in segno di Pace. La Pace della Pasqua. Una Pace che sa di dolore e di gioia, d&#8217;amore e di malinconia.<\/em><\/p>\n<p><span style=\"text-decoration: underline;\"><strong><a href=\"https:\/\/mediavoxmagazine.it\/wp-content\/uploads\/2016\/03\/Rosario-De-Vivo17.jpg\" rel=\"attachment wp-att-1255\"><img loading=\"lazy\" decoding=\"async\" class=\"alignnone wp-image-1255 size-full\" src=\"https:\/\/mediavoxmagazine.it\/wp-content\/uploads\/2016\/03\/Rosario-De-Vivo17.jpg\" alt=\"Rosario De Vivo17\" width=\"1102\" height=\"1654\" srcset=\"https:\/\/mediavoxmagazine.it\/wp-content\/uploads\/2016\/03\/Rosario-De-Vivo17.jpg 1102w, https:\/\/mediavoxmagazine.it\/wp-content\/uploads\/2016\/03\/Rosario-De-Vivo17-200x300.jpg 200w, https:\/\/mediavoxmagazine.it\/wp-content\/uploads\/2016\/03\/Rosario-De-Vivo17-768x1153.jpg 768w, https:\/\/mediavoxmagazine.it\/wp-content\/uploads\/2016\/03\/Rosario-De-Vivo17-682x1024.jpg 682w\" sizes=\"auto, (max-width: 1102px) 100vw, 1102px\" \/><\/a><\/strong><\/span><\/p>\n<p><em>Ottima resa fotografica,\u00a0con la scelta di mettere in risalto i simboli della Fede, in primo piano, e i Paputi sullo sfondo.<\/em><\/p>\n<p><span style=\"text-decoration: underline;\"><strong><a href=\"https:\/\/mediavoxmagazine.it\/wp-content\/uploads\/2016\/03\/Rosario-De-Vivo17.jpg\" rel=\"attachment wp-att-1255\"><img loading=\"lazy\" decoding=\"async\" class=\"alignnone wp-image-1257 size-full\" src=\"https:\/\/mediavoxmagazine.it\/wp-content\/uploads\/2016\/03\/Rosario-DeVivo2.jpg\" alt=\"Rosario DeVivo2\" width=\"1654\" height=\"1102\" srcset=\"https:\/\/mediavoxmagazine.it\/wp-content\/uploads\/2016\/03\/Rosario-DeVivo2.jpg 1654w, https:\/\/mediavoxmagazine.it\/wp-content\/uploads\/2016\/03\/Rosario-DeVivo2-300x200.jpg 300w, https:\/\/mediavoxmagazine.it\/wp-content\/uploads\/2016\/03\/Rosario-DeVivo2-768x512.jpg 768w, https:\/\/mediavoxmagazine.it\/wp-content\/uploads\/2016\/03\/Rosario-DeVivo2-1024x682.jpg 1024w\" sizes=\"auto, (max-width: 1654px) 100vw, 1654px\" \/><\/a> <\/strong><\/span><\/p>\n<p>&nbsp;<\/p>\n<p>&nbsp;<\/p>\n","protected":false},"excerpt":{"rendered":"<div class=\"mh-excerpt\"><p>Una fotografia sa raccontare pi\u00f9 di mille parole. Quando \u00e8 scattata con passione. Quando sa cogliere le sfumature della vita. Quando attraverso il chiaro-scuro dei <a class=\"mh-excerpt-more\" href=\"https:\/\/mediavoxmagazine.it\/?p=1246\" title=\"SACRO E PROFANO: LA POTENZA DELLE TRADIZIONI. Le Tradizioni del Venerd\u00ec Santo a Sarno\">[&#8230;]<\/a><\/p>\n<\/div>","protected":false},"author":3,"featured_media":1202,"comment_status":"closed","ping_status":"closed","sticky":false,"template":"","format":"standard","meta":{"footnotes":""},"categories":[230],"tags":[344,338,339,345,340,355,336],"class_list":["post-1246","post","type-post","status-publish","format-standard","has-post-thumbnail","hentry","category-tradizioni","tag-miti","tag-paputi","tag-pasqua","tag-riti","tag-sarno","tag-tradizione","tag-venerdi-santo"],"_links":{"self":[{"href":"https:\/\/mediavoxmagazine.it\/index.php?rest_route=\/wp\/v2\/posts\/1246","targetHints":{"allow":["GET"]}}],"collection":[{"href":"https:\/\/mediavoxmagazine.it\/index.php?rest_route=\/wp\/v2\/posts"}],"about":[{"href":"https:\/\/mediavoxmagazine.it\/index.php?rest_route=\/wp\/v2\/types\/post"}],"author":[{"embeddable":true,"href":"https:\/\/mediavoxmagazine.it\/index.php?rest_route=\/wp\/v2\/users\/3"}],"replies":[{"embeddable":true,"href":"https:\/\/mediavoxmagazine.it\/index.php?rest_route=%2Fwp%2Fv2%2Fcomments&post=1246"}],"version-history":[{"count":4,"href":"https:\/\/mediavoxmagazine.it\/index.php?rest_route=\/wp\/v2\/posts\/1246\/revisions"}],"predecessor-version":[{"id":1260,"href":"https:\/\/mediavoxmagazine.it\/index.php?rest_route=\/wp\/v2\/posts\/1246\/revisions\/1260"}],"wp:featuredmedia":[{"embeddable":true,"href":"https:\/\/mediavoxmagazine.it\/index.php?rest_route=\/wp\/v2\/media\/1202"}],"wp:attachment":[{"href":"https:\/\/mediavoxmagazine.it\/index.php?rest_route=%2Fwp%2Fv2%2Fmedia&parent=1246"}],"wp:term":[{"taxonomy":"category","embeddable":true,"href":"https:\/\/mediavoxmagazine.it\/index.php?rest_route=%2Fwp%2Fv2%2Fcategories&post=1246"},{"taxonomy":"post_tag","embeddable":true,"href":"https:\/\/mediavoxmagazine.it\/index.php?rest_route=%2Fwp%2Fv2%2Ftags&post=1246"}],"curies":[{"name":"wp","href":"https:\/\/api.w.org\/{rel}","templated":true}]}}