{"id":129,"date":"2016-01-03T18:41:44","date_gmt":"2016-01-03T18:41:44","guid":{"rendered":"https:\/\/mediavoxmagazine.it\/?p=129"},"modified":"2016-01-03T19:58:01","modified_gmt":"2016-01-03T19:58:01","slug":"kantiere-kairos","status":"publish","type":"post","link":"https:\/\/mediavoxmagazine.it\/?p=129","title":{"rendered":"KANTIERE KAIR\u00d2S"},"content":{"rendered":"<p><img loading=\"lazy\" decoding=\"async\" class=\" wp-image-130 alignleft\" src=\"https:\/\/mediavoxmagazine.it\/wp-content\/uploads\/2016\/01\/CURE-SACRO-300x300.jpg\" alt=\"CURE SACRO\" width=\"250\" height=\"250\" srcset=\"https:\/\/mediavoxmagazine.it\/wp-content\/uploads\/2016\/01\/CURE-SACRO-300x300.jpg 300w, https:\/\/mediavoxmagazine.it\/wp-content\/uploads\/2016\/01\/CURE-SACRO-150x150.jpg 150w, https:\/\/mediavoxmagazine.it\/wp-content\/uploads\/2016\/01\/CURE-SACRO-768x768.jpg 768w, https:\/\/mediavoxmagazine.it\/wp-content\/uploads\/2016\/01\/CURE-SACRO.jpg 960w\" sizes=\"auto, (max-width: 250px) 100vw, 250px\" \/>KANTIERE KAIR\u00d2S \u00e8 la Christian Rock Band al loro esordio con un album tutto da ascoltare e riascoltare.<\/p>\n<p>Il terzo singolo estratto dal disco<em> Il Soffio <\/em>\u00e8 <em>Cuore Sacro<\/em>; il video \u00e8 gi\u00e0 un successo. Girato con la regia dei gemelli\u00a0Antonio\u00a0e\u00a0Giuseppe Scaramuzzo, \u00a0lancia un messaggio di speranza: i ritmi della musica trovano linfa nei battiti delle emozioni e, attraverso una sovrapposizione di pi\u00f9\u00a0\u00a0immagini, la melodia ci giuda attraverso un viaggio interiore e coinvolgente.\u00a0\u00a0Alla scoperta di ci\u00f2 che ci circonda e, inevitabilmente, alla riscoperta di noi stessi.<\/p>\n<p><em>\u201c<\/em><em>Un cuore che batte \u00e8 un cuore che tutto pu\u00f2\u2026 Un cuore che batte \u00e8 il pi\u00f9 evidente miracolo\u2026 \u00a0il pi\u00f9 evidente miracolo sei tu!<\/em><em>\u201d<\/em>\u00a0:\u00a0canta Antonello Armieri, raccontando: \u201c<em>Cuore Sacro \u00e8 un promemoria d\u2019amore, \u00e8 presa di coscienza della propria ricchezza umana, \u00e8 lode a tutta la creazione di Dio, \u00e8 l\u2019urlo gioioso del vivere<\/em><em>\u201d.<\/em><\/p>\n<p>L\u2019album <em>IL SOFFIO<\/em> \u00e8 composto da 14 brani inediti, con sonorit\u00e0 molto diverse tra loro: l\u2019uso della\u00a0chitarra acustica\u00a0unita all\u2019elettronica, le ballate\u00a0ma anche il rock pi\u00f9 energico.\u00a0Musica contemporanea che non dimentica la parte pi\u00f9 sensibile dell\u2019anima.<\/p>\n<p>La scrittura di Antonello Armieri, voce della band e autore dei brani, invita alla riflessione, alla crescita, al dialogo: parole che affrontano temi universali e trasversali, evidenziandoli con note e accenti sapientemente dosati.<\/p>\n<p>Alla batteria e alle percussioni, Gabriele Di Nardo; Roberto Sasso alle tastiere; Davide Capitano\u00a0al basso; Giuseppe Di Nardo\u00a0alle chitarre.<\/p>\n<p>&nbsp;<\/p>\n<p>Nell&#8217;album due importanti collaborazioni, due eccellenze calabresi: Fil Mama e il suo timbro graffiante; Rosa Martirano e la sua vocalit\u00e0 raffinata.<\/p>\n<p>&nbsp;<\/p>\n<p>Visualizza il link <a href=\"https:\/\/www.youtube.com\/watch?v=KVFF6lWa2qg\">https:\/\/www.youtube.com\/watch?v=KVFF6lWa2qg<\/a><\/p>\n<p>Tracklist\u00a0dell\u2019album:\u00a0<em>Mio Re, La Tua volont\u00e0\u00a0<\/em>(primo singolo il cui video\u00a0ufficiale \u00e8 visibile\u00a0al online al link:\u00a0<a href=\"https:\/\/www.youtube.com\/watch?v=4OHlk2PM28o\">https:\/\/www.youtube.com\/watch?v=4OHlk2PM28o<\/a>)<em>,\u00a0Liberami\u00a0<\/em>(feat. Fil Mama),\u00a0 <em>Galilea, Stella\u00a0<\/em>(secondo singolo il cui lyric video\u00a0\u00e8 visibile online al link: <a href=\"https:\/\/www.youtube.com\/watch?v=58P1jKudzc8\">https:\/\/www.youtube.com\/watch?v=58P1jKudzc8<\/a>)<em>, Cemento Armato, Il Soffio, Dignitosa, Cuore Sacro, Io confesso, Il pozzo, Toccami il cuore, Grazie, In ogni volto\u00a0<\/em>(feat. Rosa Martirano).<\/p>\n<p>Sito-web: <a href=\"http:\/\/www.kantierekairos.com\"><strong>www.kantierekairos.com<\/strong><\/a><\/p>\n<p>&nbsp;<\/p>\n<p>&nbsp;<\/p>\n<p><em>Note biografiche:\u00a0Il\u00a0KANTIERE KAIR\u00d2S\u00a0\u00e8 una Christian Band nata in Calabria dall&#8217;incontro nel 2008 tra il cantautore\u00a0Antonello Armieri,\u00a0voce e chitarra acustica,\u00a0e\u00a0Giuseppe Di Nardo, chitarrista e arrangiatore. Al duo in seguito si sono aggiunti\u00a0Gabriele Di Nardo, batteria;\u00a0Davide Capitano, basso;\u00a0Roberto Sasso,\u00a0tastiere. Tutti uniti\u00a0\u00a0dall\u2019esigenza di esprimere, con la loro musica, la quotidiana conversione all&#8217;amore di Dio, facendosi strumento per l\u2019incontro con il Signore.\u00a0Il termine\u00a0Kair\u00f2s, dal greco \u201cmomento propizio\u201d o \u201ctempo di grazia\u201d, segna il lavoro di un cantiere che desidera dare il proprio contributo in questo tempo in cui c\u2019\u00e8 bisogno di\u00a0\u00a0\u00abuscire dalla propria comodit\u00e0 e avere il coraggio di raggiungere tutte le periferie che hanno bisogno della luce del Vangelo\u00bb\u00a0(Esort. ap. Evangelii gaudium, 20). Nell\u2019aprile 2015 esce il loro disco d\u2019esordio\u00a0Il Soffio che presentano in tutta la regione con Il Soffio Tour.\u00a0Antonello Armieri\u00a0\u00a0\u00e8 un\u00a0cantautore\u00a0e\u00a0chitarrista\u00a0che alterna l\u2019attivit\u00e0 musicale personale alla composizione per diversi altri artisti, vantando\u00a0un percorso decennale di collaborazioni e concerti. \u00c8 uno dei pi\u00f9 stretti collaboratori artistici della cantautrice Valeria Crescenzi ed \u00e8 inoltre voce e chitarra acustica del trio\u00a0Acoustic Skin, particolarmente apprezzato in tutta la regione, grazie anche ad un\u2019intensa attivit\u00e0 live, nel quale compare anche\u00a0Giuseppe Di Nardo, chitarre del\u00a0Kantiere Kair\u00f2s\u00a0e anche della folk\/rock band\u00a0Zona Briganti, oltre che docente di chitarra nella scuola media. Con la band\u00a0Zona Briganti, il\u00a0Kantiere Kair\u00f2s\u00a0condivide pure\u00a0il bassista Davide Capitano, mentre\u00a0Roberto Sasso\u00a0compare anche nella band\u00a0Il Pandemonio dei Guasti\u00a0e\u00a0Gabriele Di Nardo\u00a0\u00e8 inoltre batterista de\u00a0I Musicanti del Vento.<\/em><\/p>\n","protected":false},"excerpt":{"rendered":"<div class=\"mh-excerpt\"><p>KANTIERE KAIR\u00d2S \u00e8 la Christian Rock Band al loro esordio con un album tutto da ascoltare e riascoltare. Il terzo singolo estratto dal disco Il <a class=\"mh-excerpt-more\" href=\"https:\/\/mediavoxmagazine.it\/?p=129\" title=\"KANTIERE KAIR\u00d2S\">[&#8230;]<\/a><\/p>\n<\/div>","protected":false},"author":3,"featured_media":130,"comment_status":"closed","ping_status":"closed","sticky":false,"template":"","format":"standard","meta":{"footnotes":""},"categories":[5],"tags":[25,18,61,63,62,23],"class_list":["post-129","post","type-post","status-publish","format-standard","has-post-thumbnail","hentry","category-musica","tag-album","tag-arte","tag-band","tag-cuore-sacro","tag-il-soffio","tag-musica"],"_links":{"self":[{"href":"https:\/\/mediavoxmagazine.it\/index.php?rest_route=\/wp\/v2\/posts\/129","targetHints":{"allow":["GET"]}}],"collection":[{"href":"https:\/\/mediavoxmagazine.it\/index.php?rest_route=\/wp\/v2\/posts"}],"about":[{"href":"https:\/\/mediavoxmagazine.it\/index.php?rest_route=\/wp\/v2\/types\/post"}],"author":[{"embeddable":true,"href":"https:\/\/mediavoxmagazine.it\/index.php?rest_route=\/wp\/v2\/users\/3"}],"replies":[{"embeddable":true,"href":"https:\/\/mediavoxmagazine.it\/index.php?rest_route=%2Fwp%2Fv2%2Fcomments&post=129"}],"version-history":[{"count":2,"href":"https:\/\/mediavoxmagazine.it\/index.php?rest_route=\/wp\/v2\/posts\/129\/revisions"}],"predecessor-version":[{"id":132,"href":"https:\/\/mediavoxmagazine.it\/index.php?rest_route=\/wp\/v2\/posts\/129\/revisions\/132"}],"wp:featuredmedia":[{"embeddable":true,"href":"https:\/\/mediavoxmagazine.it\/index.php?rest_route=\/wp\/v2\/media\/130"}],"wp:attachment":[{"href":"https:\/\/mediavoxmagazine.it\/index.php?rest_route=%2Fwp%2Fv2%2Fmedia&parent=129"}],"wp:term":[{"taxonomy":"category","embeddable":true,"href":"https:\/\/mediavoxmagazine.it\/index.php?rest_route=%2Fwp%2Fv2%2Fcategories&post=129"},{"taxonomy":"post_tag","embeddable":true,"href":"https:\/\/mediavoxmagazine.it\/index.php?rest_route=%2Fwp%2Fv2%2Ftags&post=129"}],"curies":[{"name":"wp","href":"https:\/\/api.w.org\/{rel}","templated":true}]}}