{"id":1345,"date":"2016-04-01T07:08:05","date_gmt":"2016-04-01T06:08:05","guid":{"rendered":"https:\/\/mediavoxmagazine.it\/?p=1345"},"modified":"2016-04-02T22:56:51","modified_gmt":"2016-04-02T21:56:51","slug":"la-primaverart-ii-edizione-della-rassegna-darte-contemporanea-4","status":"publish","type":"post","link":"https:\/\/mediavoxmagazine.it\/?p=1345","title":{"rendered":"\u201cLa PrimaverART\u201d II Edizione della Rassegna d\u2019Arte contemporanea."},"content":{"rendered":"<p>Grande successo dal 20 al 26 marzo 2016 per la II Edizione di \u201c<strong>La PrimaverART<\/strong>\u201c, la Rassegna d\u2019Arte contemporanea organizzata presso la <strong>Galleria d\u2019Arte Michelangelo<\/strong>\u00a0 di <strong>Alfonso Orza<\/strong> a Sarno (SA) dall\u2019Associazione culturale \u201cMediavox\u201d, in occasione della VIII Edizione di \u201c<strong>Arte&amp;Cioccolato<\/strong>\u201c.<\/p>\n<p>Conosciamo meglio gli Artisti che hanno esposto le loro opere\u2026<\/p>\n<p>&nbsp;<\/p>\n<p style=\"text-align: center;\"><span style=\"text-decoration: underline;\"><strong>INTERVISTA AD ANTONIO BERRITTO<\/strong><\/span><\/p>\n<blockquote>\n<p style=\"text-align: right;\"><em><strong>ANTONIO BERRITTO<\/strong>:\u00a0in arte \u201cTonin\u201d, \u00e8 nato a Scafati. Si \u00e8 diplomato ragioniere, ma ha avuto sempre dentro di s\u00e9 la passione per l&#8217;arte. E&#8217; autodidatta. Ha partecipato a importanti Rassegne d&#8217;arte in Italia e all&#8217;Estero, riscuotendo consensi di pubblico e di critica.<\/em><\/p>\n<\/blockquote>\n<p>&nbsp;<\/p>\n<p><strong>Che cosa significa per Lei fare arte oggi, dopo che tutto sembra esser stato sperimentato?<\/strong><\/p>\n<p><em>Fare arte per me significa farla vivere tra la gente. Notando una mia opera si pu\u00f2 subito intuire che le sculture realizzate cos\u00ec come i disegni escono tutte fuori dalla tela. Questo per dire a tutti che l&#8217;opera non \u00e8 solo un disegno ma vive entrando in ognuno di noi attraverso le vibrazioni e le varie consapevolezze di ogni singola persona. L&#8217;arte dunque non \u00e8 un oggetto, ma una vibrazione che tocca l&#8217;anima donando un&#8217;emozione.<\/em><strong>\u00a0<\/strong><\/p>\n<p><strong>Qual \u00e8 il ruolo dell&#8217;artista contemporaneo? Che messaggio deve dare con le sue opere?<\/strong><\/p>\n<p><em>L&#8217;arte contemporanea \u00e8 un&#8217;arte ampia, che si divide in vari rami dove un artista pu\u00f2 esaltarsi in vari modi, nel rappresentare la societ\u00e0 in cui vive, nel disegnare oggetti moderni, nell&#8217;esaltare la tecnologia. Io personalmente amo il surreale, nella tridimensionalit\u00e0. Io la chiamo \u201cscultur&#8217;arte\u201d, perch\u00e9 le mie opere sono tridimensionali grazie all&#8217;uso di varie tecniche di disegno e colore, che si intrinsecano con vari materiali di riciclaggio, dal legno alla plastica, dal metallo al rame&#8230; <\/em><\/p>\n<p><strong>Alcuni artisti sono restii a parlare delle proprie opere&#8230;Pensa sia utile che l&#8217;artista suggerisca delle interpretazioni a chi osserva la sua arte?<\/strong><\/p>\n<p><em>Non amo gli artisti che non danno spiegazioni, eppure ce ne sono tantissimi. Io amo spiegare l&#8217;opera, se mi si domanda cosa significa. Perch\u00e9 in ogni mia opera c&#8217;\u00e8 un messaggio, c&#8217;\u00e8 un&#8217;emozione, c&#8217;\u00e8 un significato da dare alla gente, che pu\u00f2 essere una critica alla societ\u00e0 o semplicemente una vibrazione della mia anima.<\/em><\/p>\n<p><strong>La mostra si intitola PrimaverART in riferimento alla stagione primaverile, ma pu\u00f2 essere associata anche ad una primavera intesa come rinascita, emblema della capacit\u00e0 dell&#8217;arte di rinnovarsi continuamente. Che cosa significa per Lei la primavera nella vita e nell&#8217;arte?<\/strong><\/p>\n<p><em>La primavera nell&#8217;arte per me \u00e8 basilare, perch\u00e9 si avvicina al mio modo di fare arte. La primavera vuol dire sole, fiori, natura. Tutto il creato si illumina dei colori vivi ed accesi che io amo usare nelle mie opere. Amo il colore forte e, guardando una mia opera, ci si rende subito conto del cambiamento di smalti, vernici, acrilici in una sola opera. Il tutto per renderla viva il pi\u00f9 possibile e fare in modo che dia vibrazioni di positivit\u00e0 a chi la guarda. <\/em><\/p>\n<p><strong>Quale tecnica ha utilizzato per l&#8217;opera esposta e quale utilizza maggiormente?<\/strong><\/p>\n<p><em>Tecnica mista: acrilici, legno stoffa, carta da parati, silicone, brillantini , metallo, pietre.. <\/em><\/p>\n<p><strong>Nelle esposizioni collettive spesso ci si fa un&#8217;idea dell&#8217;artista soltanto attraverso una o due opere. La scelta di che cosa mostrare \u00e8, dunque, importantissima. Lei come sceglie le opere da esporre?<\/strong><\/p>\n<p><em>L&#8217;opera che scelgo per una mostra \u00e8 sempre l&#8217;ultima che ho realizzato, perch\u00e9 \u00e8 sempre il risultato della mia ricerca artistica in quell&#8217;istante. Io, oltre ad essere un artista, ricerco, un po&#8217; come fanno gli scienziati. Cerco di scoprire un modo nuovo di fare arte in questo mondo fatto per la maggior parte da copisti. <\/em><\/p>\n<p><strong><em>\u00a0<a href=\"https:\/\/mediavoxmagazine.it\/wp-content\/uploads\/2016\/04\/Berritto-Antonio.jpg\" rel=\"attachment wp-att-1346\"><img loading=\"lazy\" decoding=\"async\" class=\"wp-image-1346 size-full aligncenter\" src=\"https:\/\/mediavoxmagazine.it\/wp-content\/uploads\/2016\/04\/Berritto-Antonio.jpg\" alt=\"Berritto Antonio\" width=\"345\" height=\"428\" srcset=\"https:\/\/mediavoxmagazine.it\/wp-content\/uploads\/2016\/04\/Berritto-Antonio.jpg 345w, https:\/\/mediavoxmagazine.it\/wp-content\/uploads\/2016\/04\/Berritto-Antonio-242x300.jpg 242w\" sizes=\"auto, (max-width: 345px) 100vw, 345px\" \/><\/a><\/em><\/strong><\/p>\n<p>&nbsp;<\/p>\n<p>&nbsp;<\/p>\n","protected":false},"excerpt":{"rendered":"<div class=\"mh-excerpt\"><p>Grande successo dal 20 al 26 marzo 2016 per la II Edizione di \u201cLa PrimaverART\u201c, la Rassegna d\u2019Arte contemporanea organizzata presso la Galleria d\u2019Arte Michelangelo\u00a0 <a class=\"mh-excerpt-more\" href=\"https:\/\/mediavoxmagazine.it\/?p=1345\" title=\"\u201cLa PrimaverART\u201d II Edizione della Rassegna d\u2019Arte contemporanea.\">[&#8230;]<\/a><\/p>\n<\/div>","protected":false},"author":6,"featured_media":1168,"comment_status":"closed","ping_status":"closed","sticky":false,"template":"","format":"standard","meta":{"footnotes":""},"categories":[199],"tags":[18,31,333,56,371,180,57,372],"class_list":["post-1345","post","type-post","status-publish","format-standard","has-post-thumbnail","hentry","category-largo-allarte","tag-arte","tag-cultura","tag-la-primaverart","tag-mostra","tag-pittura","tag-quadri","tag-rassegna","tag-scultura"],"_links":{"self":[{"href":"https:\/\/mediavoxmagazine.it\/index.php?rest_route=\/wp\/v2\/posts\/1345","targetHints":{"allow":["GET"]}}],"collection":[{"href":"https:\/\/mediavoxmagazine.it\/index.php?rest_route=\/wp\/v2\/posts"}],"about":[{"href":"https:\/\/mediavoxmagazine.it\/index.php?rest_route=\/wp\/v2\/types\/post"}],"author":[{"embeddable":true,"href":"https:\/\/mediavoxmagazine.it\/index.php?rest_route=\/wp\/v2\/users\/6"}],"replies":[{"embeddable":true,"href":"https:\/\/mediavoxmagazine.it\/index.php?rest_route=%2Fwp%2Fv2%2Fcomments&post=1345"}],"version-history":[{"count":2,"href":"https:\/\/mediavoxmagazine.it\/index.php?rest_route=\/wp\/v2\/posts\/1345\/revisions"}],"predecessor-version":[{"id":1400,"href":"https:\/\/mediavoxmagazine.it\/index.php?rest_route=\/wp\/v2\/posts\/1345\/revisions\/1400"}],"wp:featuredmedia":[{"embeddable":true,"href":"https:\/\/mediavoxmagazine.it\/index.php?rest_route=\/wp\/v2\/media\/1168"}],"wp:attachment":[{"href":"https:\/\/mediavoxmagazine.it\/index.php?rest_route=%2Fwp%2Fv2%2Fmedia&parent=1345"}],"wp:term":[{"taxonomy":"category","embeddable":true,"href":"https:\/\/mediavoxmagazine.it\/index.php?rest_route=%2Fwp%2Fv2%2Fcategories&post=1345"},{"taxonomy":"post_tag","embeddable":true,"href":"https:\/\/mediavoxmagazine.it\/index.php?rest_route=%2Fwp%2Fv2%2Ftags&post=1345"}],"curies":[{"name":"wp","href":"https:\/\/api.w.org\/{rel}","templated":true}]}}