{"id":1402,"date":"2016-04-04T06:46:40","date_gmt":"2016-04-04T05:46:40","guid":{"rendered":"https:\/\/mediavoxmagazine.it\/?p=1402"},"modified":"2016-04-04T06:47:00","modified_gmt":"2016-04-04T05:47:00","slug":"la-primaverart-ii-edizione-della-rassegna-darte-contemporanea-6","status":"publish","type":"post","link":"https:\/\/mediavoxmagazine.it\/?p=1402","title":{"rendered":"\u201cLa PrimaverART\u201d II Edizione della Rassegna d\u2019Arte contemporanea."},"content":{"rendered":"<p>Grande successo dal 20 al 26 marzo 2016 per la II Edizione di \u201c<strong>La PrimaverART<\/strong>\u201c, la Rassegna d\u2019Arte contemporanea organizzata presso la <strong>Galleria d\u2019Arte Michelangelo<\/strong>\u00a0 di <strong>Alfonso Orza<\/strong> a Sarno (SA) dall\u2019Associazione culturale \u201cMediavox\u201d, in occasione della VIII Edizione di \u201c<strong>Arte&amp;Cioccolato<\/strong>\u201c.<\/p>\n<p>Conosciamo meglio gli Artisti che hanno esposto le loro opere\u2026<\/p>\n<p style=\"text-align: center;\"><span style=\"text-decoration: underline;\"><span style=\"line-height: 1.5;\"><strong>INTERVISTA A GIOVANNI BOCCIA<\/strong><\/span><\/span><\/p>\n<p style=\"text-align: center;\">\n<blockquote>\n<p style=\"text-align: right;\"><em><span style=\"line-height: 1.5;\"><strong>\u00a0GIOVANNI BOCCIA\u00a0<\/strong>\u00e8 nato a Striano (NA), dove vive e lavora. Si \u00e8 diplomato all&#8217;Istituto d&#8217;Arte &#8211; Sez. Ceramica. Si \u00e8 poi laureato all&#8217;Accademia di\u00a0Belle Arti di Napoli &#8211; Sez. Decorazione. Ha ottenuto l&#8217;abilitazione per l&#8217;insegnamento delle Discipline pittoriche, per Disegno ed Educazione artistica e Disegno e Storia del costume. Attualmente \u00e8 performer di body painting.<\/span><\/em><\/p>\n<p style=\"text-align: right;\"><strong>\u00a0<\/strong><\/p>\n<\/blockquote>\n<p><strong>Che cosa significa per Lei fare arte oggi, dopo che tutto sembra esser stato sperimentato?<\/strong><\/p>\n<p><em>Per me oggi fare arte in questo mondo globalizzato dove tutto si \u00e8 appiattito significa elevarsi spiritualmente.<\/em><\/p>\n<p><strong>Qual \u00e8 il ruolo dell&#8217;artista contemporaneo? Che messaggio deve dare con le sue opere?<\/strong><\/p>\n<p><em>L&#8217;artista contemporaneo con le sue opere deve far passare un messaggio di bellezza e trasmettere valori positivi: la pace, l&#8217;amore, la giustizia, creando emozioni nei fruitori. Per me l&#8217;artista deve portare fuori il proprio vissuto.<\/em><\/p>\n<p><strong>Alcuni artisti sono restii a parlare delle proprie opere&#8230;Pensa sia utile che l&#8217;artista suggerisca delle interpretazioni a chi osserva la sua arte?<\/strong><\/p>\n<p><em>Non necessariamente, ma se l&#8217;artista vuole far illustrare il proprio messaggio non \u00e8 una cosa sbagliata, anzi arricchisce la relazione<\/em>.<\/p>\n<p><strong>La mostra si intitola PrimaverART in riferimento alla stagione primaverile, ma pu\u00f2 essere associata anche ad una primavera intesa come rinascita, emblema della capacit\u00e0 dell&#8217;arte di rinnovarsi continuamente. Che cosa significa per Lei la primavera nella vita e nell&#8217;arte?<\/strong><\/p>\n<p><em>La primavera \u00e8 un rinnovamento perpetuo e quindi nell&#8217;artista\u00a0 porta a visualizzare la fioritura attraverso i colori, le emozioni, i sentimenti e le passioni che albergano nell&#8217;animo umano. E&#8217; come un germoglio che si apre alla luce e al calore della vita.<\/em><\/p>\n<p><strong>Quale tecnica ha utilizzato per l&#8217;opera esposta e quale utilizza maggiormente?<\/strong><\/p>\n<p><em>Una tecnica mista: acrilico e vernici.<\/em><\/p>\n<p><strong>Nelle esposizioni collettive spesso ci si fa un&#8217;idea dell&#8217;artista soltanto attraverso una o due opere. La scelta di che cosa mostrare \u00e8, dunque, importantissima. Lei come sceglie le opere da esporre?<\/strong><\/p>\n<p><em>Spesso mi faccio guidare dal tema della mostra, altrimenti dalle emozioni che provo al momento della scelta.<\/em><\/p>\n<p>&nbsp;<\/p>\n<p><a href=\"https:\/\/mediavoxmagazine.it\/wp-content\/uploads\/2016\/04\/Boccia-Giovanni.jpg\" rel=\"attachment wp-att-1403\"><img loading=\"lazy\" decoding=\"async\" class=\"aligncenter wp-image-1403 size-full\" src=\"https:\/\/mediavoxmagazine.it\/wp-content\/uploads\/2016\/04\/Boccia-Giovanni.jpg\" alt=\"Boccia Giovanni\" width=\"540\" height=\"400\" srcset=\"https:\/\/mediavoxmagazine.it\/wp-content\/uploads\/2016\/04\/Boccia-Giovanni.jpg 540w, https:\/\/mediavoxmagazine.it\/wp-content\/uploads\/2016\/04\/Boccia-Giovanni-300x222.jpg 300w, https:\/\/mediavoxmagazine.it\/wp-content\/uploads\/2016\/04\/Boccia-Giovanni-80x60.jpg 80w\" sizes=\"auto, (max-width: 540px) 100vw, 540px\" \/><\/a><\/p>\n<p>&nbsp;<\/p>\n","protected":false},"excerpt":{"rendered":"<div class=\"mh-excerpt\"><p>Grande successo dal 20 al 26 marzo 2016 per la II Edizione di \u201cLa PrimaverART\u201c, la Rassegna d\u2019Arte contemporanea organizzata presso la Galleria d\u2019Arte Michelangelo\u00a0 <a class=\"mh-excerpt-more\" href=\"https:\/\/mediavoxmagazine.it\/?p=1402\" title=\"\u201cLa PrimaverART\u201d II Edizione della Rassegna d\u2019Arte contemporanea.\">[&#8230;]<\/a><\/p>\n<\/div>","protected":false},"author":6,"featured_media":1168,"comment_status":"closed","ping_status":"closed","sticky":false,"template":"","format":"standard","meta":{"footnotes":""},"categories":[199],"tags":[18,402,115,401,333,371,57,372],"class_list":["post-1402","post","type-post","status-publish","format-standard","has-post-thumbnail","hentry","category-largo-allarte","tag-arte","tag-body-painting","tag-fotografia","tag-intervista","tag-la-primaverart","tag-pittura","tag-rassegna","tag-scultura"],"_links":{"self":[{"href":"https:\/\/mediavoxmagazine.it\/index.php?rest_route=\/wp\/v2\/posts\/1402","targetHints":{"allow":["GET"]}}],"collection":[{"href":"https:\/\/mediavoxmagazine.it\/index.php?rest_route=\/wp\/v2\/posts"}],"about":[{"href":"https:\/\/mediavoxmagazine.it\/index.php?rest_route=\/wp\/v2\/types\/post"}],"author":[{"embeddable":true,"href":"https:\/\/mediavoxmagazine.it\/index.php?rest_route=\/wp\/v2\/users\/6"}],"replies":[{"embeddable":true,"href":"https:\/\/mediavoxmagazine.it\/index.php?rest_route=%2Fwp%2Fv2%2Fcomments&post=1402"}],"version-history":[{"count":1,"href":"https:\/\/mediavoxmagazine.it\/index.php?rest_route=\/wp\/v2\/posts\/1402\/revisions"}],"predecessor-version":[{"id":1404,"href":"https:\/\/mediavoxmagazine.it\/index.php?rest_route=\/wp\/v2\/posts\/1402\/revisions\/1404"}],"wp:featuredmedia":[{"embeddable":true,"href":"https:\/\/mediavoxmagazine.it\/index.php?rest_route=\/wp\/v2\/media\/1168"}],"wp:attachment":[{"href":"https:\/\/mediavoxmagazine.it\/index.php?rest_route=%2Fwp%2Fv2%2Fmedia&parent=1402"}],"wp:term":[{"taxonomy":"category","embeddable":true,"href":"https:\/\/mediavoxmagazine.it\/index.php?rest_route=%2Fwp%2Fv2%2Fcategories&post=1402"},{"taxonomy":"post_tag","embeddable":true,"href":"https:\/\/mediavoxmagazine.it\/index.php?rest_route=%2Fwp%2Fv2%2Ftags&post=1402"}],"curies":[{"name":"wp","href":"https:\/\/api.w.org\/{rel}","templated":true}]}}