{"id":1412,"date":"2016-04-05T06:51:02","date_gmt":"2016-04-05T05:51:02","guid":{"rendered":"https:\/\/mediavoxmagazine.it\/?p=1412"},"modified":"2016-04-05T06:51:38","modified_gmt":"2016-04-05T05:51:38","slug":"la-primaverart-ii-edizione-della-rassegna-darte-contemporanea-7","status":"publish","type":"post","link":"https:\/\/mediavoxmagazine.it\/?p=1412","title":{"rendered":"\u201cLa PrimaverART\u201d II Edizione della Rassegna d\u2019Arte contemporanea."},"content":{"rendered":"<p>Grande successo dal 20 al 26 marzo 2016 per la II Edizione di \u201c<strong>La PrimaverART<\/strong>\u201c, la Rassegna d\u2019Arte contemporanea organizzata presso la <strong>Galleria d\u2019Arte Michelangelo<\/strong>\u00a0 di <strong>Alfonso Orza<\/strong> a Sarno (SA) dall\u2019Associazione culturale \u201cMediavox\u201d, in occasione della VIII Edizione di \u201c<strong>Arte&amp;Cioccolato<\/strong>\u201c.<\/p>\n<p>Conosciamo meglio gli Artisti che hanno esposto le loro opere\u2026<\/p>\n<p>&nbsp;<\/p>\n<p style=\"text-align: center;\"><span style=\"text-decoration: underline;\"><strong>INTERVISTA A MONICA CESARANO<\/strong><\/span><\/p>\n<p style=\"text-align: center;\">\n<blockquote>\n<p style=\"text-align: right;\"><em><strong>MONICA CESARANO<\/strong> nasce a Pompei il 16 Febbraio del 1973. Ama l&#8217;arte gi\u00e0 in giovane et\u00e0 e, negli anni &#8217;90, frequenta l&#8217;Istituto d&#8217;Arte di Torre del Greco. La sua passione nel dipingere cresce sempre di pi\u00f9 e partecipa a diverse collettive nelle zone vesuviane. Attualmente realizza quadri e ritratti su richiesta nel suo personale laboratorio artistico a Boscoreale.<\/em><\/p>\n<p style=\"text-align: right;\"><em><strong>Sito web o pagina sui social:<a href=\"https:\/\/www.facebook.com\/MonicArtist-927399167314604\/?fref=ts\">\u00a0https:\/\/www.facebook.com\/MonicArtist-927399167314604\/?fref=ts<\/a><\/strong><\/em><\/p>\n<p style=\"text-align: right;\"><strong>\u00a0<\/strong><\/p>\n<\/blockquote>\n<p><strong>Che cosa significa per Lei fare arte oggi, dopo che tutto sembra esser stato sperimentato?<\/strong><\/p>\n<p><em>Fare arte per me \u00e8 riuscire ad esprimere le porte della prigionia dell&#8217;anima. <\/em><\/p>\n<p><strong>Qual \u00e8 il ruolo dell&#8217;artista contemporaneo? Che messaggio deve dare con le sue opere?<\/strong><strong>\u00a0<\/strong><\/p>\n<p><em>Il ruolo di un artista dovrebbe essere sempre quello di dar voce, senza parlare, a tutto ci\u00f2 che lo circonda, facendo comprenderne il senso che egli stesso gli d\u00e0. <\/em><\/p>\n<p><strong>Alcuni artisti sono restii a parlare delle proprie opere&#8230;Pensa sia utile che l&#8217;artista suggerisca delle interpretazioni a chi osserva la sua arte?<\/strong><\/p>\n<p><em>Io credo che un artista dovrebbe sempre provare a spiegare il senso della sua opera, ma non \u00e8 detto che ci riesca&#8230;<\/em><\/p>\n<p><strong>La mostra si intitola PrimaverART in riferimento alla stagione primaverile, ma pu\u00f2 essere associata anche ad una primavera intesa come rinascita, emblema della capacit\u00e0 dell&#8217;arte di rinnovarsi continuamente. Che cosa significa per Lei la primavera nella vita e nell&#8217;arte?<\/strong><\/p>\n<p><em>La Primavera per me \u00e8 luce, sole, colori, il risveglio da un letargo forzato, obbligato. La Primavera pu\u00f2 essere libert\u00e0, decidere di voler vivere&#8230; <\/em><\/p>\n<p><strong>Quale tecnica ha utilizzato per l&#8217;opera esposta e quale utilizza maggiormente? <\/strong><\/p>\n<p><em>La tecnica usata per l&#8217;opera esposta \u00e8 la stessa che utilizzo sempre: colori ad olio. <\/em><\/p>\n<p><strong>Nelle esposizioni collettive spesso ci si fa un&#8217;idea dell&#8217;artista soltanto attraverso una o due opere. La scelta di che cosa mostrare \u00e8, dunque, importantissima. Lei come sceglie le opere da esporre?<\/strong><\/p>\n<p><em>Di solito scelgo sempre l&#8217;ultima opera realizzata, senza nessuna motivazione. <\/em><\/p>\n<p><a href=\"https:\/\/mediavoxmagazine.it\/wp-content\/uploads\/2016\/04\/Cesarano-Monica.jpg\" rel=\"attachment wp-att-1413\"><img loading=\"lazy\" decoding=\"async\" class=\"wp-image-1413 size-full aligncenter\" src=\"https:\/\/mediavoxmagazine.it\/wp-content\/uploads\/2016\/04\/Cesarano-Monica.jpg\" alt=\"Cesarano Monica\" width=\"359\" height=\"424\" srcset=\"https:\/\/mediavoxmagazine.it\/wp-content\/uploads\/2016\/04\/Cesarano-Monica.jpg 359w, https:\/\/mediavoxmagazine.it\/wp-content\/uploads\/2016\/04\/Cesarano-Monica-254x300.jpg 254w\" sizes=\"auto, (max-width: 359px) 100vw, 359px\" \/><\/a><\/p>\n<p>&nbsp;<\/p>\n<p>&nbsp;<\/p>\n","protected":false},"excerpt":{"rendered":"<div class=\"mh-excerpt\"><p>Grande successo dal 20 al 26 marzo 2016 per la II Edizione di \u201cLa PrimaverART\u201c, la Rassegna d\u2019Arte contemporanea organizzata presso la Galleria d\u2019Arte Michelangelo\u00a0 <a class=\"mh-excerpt-more\" href=\"https:\/\/mediavoxmagazine.it\/?p=1412\" title=\"\u201cLa PrimaverART\u201d II Edizione della Rassegna d\u2019Arte contemporanea.\">[&#8230;]<\/a><\/p>\n<\/div>","protected":false},"author":6,"featured_media":1168,"comment_status":"closed","ping_status":"closed","sticky":false,"template":"","format":"standard","meta":{"footnotes":""},"categories":[199],"tags":[18,373,56,369,57],"class_list":["post-1412","post","type-post","status-publish","format-standard","has-post-thumbnail","hentry","category-largo-allarte","tag-arte","tag-galleria","tag-mostra","tag-primaverart","tag-rassegna"],"_links":{"self":[{"href":"https:\/\/mediavoxmagazine.it\/index.php?rest_route=\/wp\/v2\/posts\/1412","targetHints":{"allow":["GET"]}}],"collection":[{"href":"https:\/\/mediavoxmagazine.it\/index.php?rest_route=\/wp\/v2\/posts"}],"about":[{"href":"https:\/\/mediavoxmagazine.it\/index.php?rest_route=\/wp\/v2\/types\/post"}],"author":[{"embeddable":true,"href":"https:\/\/mediavoxmagazine.it\/index.php?rest_route=\/wp\/v2\/users\/6"}],"replies":[{"embeddable":true,"href":"https:\/\/mediavoxmagazine.it\/index.php?rest_route=%2Fwp%2Fv2%2Fcomments&post=1412"}],"version-history":[{"count":1,"href":"https:\/\/mediavoxmagazine.it\/index.php?rest_route=\/wp\/v2\/posts\/1412\/revisions"}],"predecessor-version":[{"id":1414,"href":"https:\/\/mediavoxmagazine.it\/index.php?rest_route=\/wp\/v2\/posts\/1412\/revisions\/1414"}],"wp:featuredmedia":[{"embeddable":true,"href":"https:\/\/mediavoxmagazine.it\/index.php?rest_route=\/wp\/v2\/media\/1168"}],"wp:attachment":[{"href":"https:\/\/mediavoxmagazine.it\/index.php?rest_route=%2Fwp%2Fv2%2Fmedia&parent=1412"}],"wp:term":[{"taxonomy":"category","embeddable":true,"href":"https:\/\/mediavoxmagazine.it\/index.php?rest_route=%2Fwp%2Fv2%2Fcategories&post=1412"},{"taxonomy":"post_tag","embeddable":true,"href":"https:\/\/mediavoxmagazine.it\/index.php?rest_route=%2Fwp%2Fv2%2Ftags&post=1412"}],"curies":[{"name":"wp","href":"https:\/\/api.w.org\/{rel}","templated":true}]}}