{"id":1415,"date":"2016-04-06T07:11:49","date_gmt":"2016-04-06T06:11:49","guid":{"rendered":"https:\/\/mediavoxmagazine.it\/?p=1415"},"modified":"2016-04-06T07:13:05","modified_gmt":"2016-04-06T06:13:05","slug":"la-primaverart-ii-edizione-della-rassegna-darte-contemporanea-8","status":"publish","type":"post","link":"https:\/\/mediavoxmagazine.it\/?p=1415","title":{"rendered":"\u201cLa PrimaverART\u201d II Edizione della Rassegna d\u2019Arte contemporanea."},"content":{"rendered":"<p>Grande successo dal 20 al 26 marzo 2016 per la II Edizione di \u201c<strong>La PrimaverART<\/strong>\u201c, la Rassegna d\u2019Arte contemporanea organizzata presso la <strong>Galleria d\u2019Arte Michelangelo<\/strong>\u00a0 di <strong>Alfonso Orza<\/strong> a Sarno (SA) dall\u2019Associazione culturale \u201cMediavox\u201d, in occasione della VIII Edizione di \u201c<strong>Arte&amp;Cioccolato<\/strong>\u201c.<\/p>\n<p>Conosciamo meglio gli Artisti che hanno esposto le loro opere\u2026<\/p>\n<p>&nbsp;<\/p>\n<p style=\"text-align: center;\"><span style=\"text-decoration: underline;\"><strong>INTERVISTA A GIUSEPPE CRESCENZO<\/strong><\/span><\/p>\n<blockquote>\n<p style=\"text-align: right;\"><strong>GIUSEPPE CRESCENZO<\/strong> nasce a Sarno (SA) nel 1956. Come autodidatta, ha sempre coltivato una sua naturale attitudine al disegno e alla pittura. Negli anni &#8217;80 delinea un proprio percorso stilistico, ripreso nel 2010, compatibilmente con la propria attivit\u00e0 professionale. Sente il bisogno di rappresentare dei concetti, delle idee, materializzandole in immagini che si avvicinano al surrealismo e al metafisico. Ha partecipato ad importanti eventi artistici.<\/p>\n<p style=\"text-align: right;\"><strong>\u00a0<\/strong><\/p>\n<\/blockquote>\n<p><strong>Che cosa significa per Lei fare arte oggi, dopo che tutto sembra esser stato sperimentato?<\/strong><\/p>\n<p><em>Al di l\u00e0 dei vari periodi e delle correnti artistiche, l\u2019Arte avr\u00e0 sempre e comunque un ruolo determinante nella vita dell\u2019uomo: l&#8217;attivit\u00e0 artistica (in senso lato) \u00e8 l&#8217;unica attivit\u00e0 dell&#8217;uomo capace di elevarlo veramente dalla natura alla cultura e di dare quindi un senso alla esistenza umana.<\/em><\/p>\n<p><strong>Qual \u00e8 il ruolo dell&#8217;artista contemporaneo? Che messaggio deve dare con le sue opere?<\/strong><\/p>\n<p><em>L\u2019arte per millenni ha rappresentato il potere (sacro e profano), raggiungendo nel figurativo la perfezione tecnica. Ha poi letteralmente dissacrato i risultati raggiunti (Impressionismo, Espressionismo, Cubismo, Arte Astratta, Informale ecc). Oggi deve per\u00f2 non imitare ci\u00f2 che gi\u00e0 \u00e8, ma cercare il vero senso delle cose e quindi la verit\u00e0 intesa come disvelamento della natura umana, che sarebbe, secondo la mia opinione, lo scopo ultimo dell\u2019Arte.<\/em><\/p>\n<p><strong>Alcuni artisti sono restii a parlare delle proprie opere&#8230;Pensa sia utile che l&#8217;artista suggerisca delle interpretazioni a chi osserva la sua arte?<\/strong><\/p>\n<p><em>L\u2019opera nasce sempre da sollecitazioni esterne, per\u00f2 durante la sua esecuzione acquista una propria individualit\u00e0 e unicit\u00e0 e quindi l\u2019opera ben pu\u00f2 essere usufruita esclusivamente per la sua valenza estetica indipendentemente dal suo contenuto. Per\u00f2 \u00e8 sempre un bene che l\u2019artista \u201cracconti le sollecitazioni esterne\u201d\u00a0 per verificare la piena corrispondenza tra la forma formata e la forma formante. Infatti, quando c\u2019\u00e8 piena corrispondenza tra contenente\u00a0 e contenuto significa che l\u2019arte ha assolto la sua funzione originaria che \u00e8 la funzione etica, cio\u00e8 espressione del proprio &#8220;S\u00e9&#8221; e quindi la capacit\u00e0 di dare risposte alle domande che da sempre l&#8217;uomo si pone.<\/em><\/p>\n<p><strong>La mostra si intitola PrimaverART in riferimento alla stagione primaverile, ma pu\u00f2 essere associata anche ad una primavera intesa come rinascita, emblema della capacit\u00e0 dell&#8217;arte di rinnovarsi continuamente. Che cosa significa per Lei la primavera nella vita e nell&#8217;arte?<\/strong><\/p>\n<p><em>L\u2019arte in se \u00e8 sempre primavera, \u00e8 sempre rinascita e rigenerazione. L\u2019artista nel dipingere fa un passo avanti, si rigenera, si rinnova, vede nuovi orizzonti da raggiungere dando quindi un senso infinito alla finitezza della sua quotidianit\u00e0.<\/em><\/p>\n<p><strong>Quale tecnica ha utilizzato per l&#8217;opera esposta e quale utilizza maggiormente?<\/strong><\/p>\n<p><em>Per l\u2019opera che \u00e8 esposta ho utilizzato la tecnica acrilico su tela ed \u00e8 la tecnica che uso maggiormente.<\/em><strong><em>\u00a0<\/em><\/strong><\/p>\n<p><strong>Nelle esposizioni collettive spesso ci si fa un&#8217;idea dell&#8217;artista soltanto attraverso una o due opere. La scelta di che cosa mostrare \u00e8, dunque, importantissima. Lei come sceglie le opere da esporre?<\/strong><\/p>\n<p><em>Partecipo sempre con le ultime opere create, anche perch\u00e9 dipingo esclusivamente opere che si avvicinano al surrealismo-metafisico senza spaziare tra i vari generi di pittura.<\/em><\/p>\n<p><a href=\"https:\/\/mediavoxmagazine.it\/wp-content\/uploads\/2016\/04\/Crescenzo-Giuseppe.jpg\" rel=\"attachment wp-att-1416\"><img loading=\"lazy\" decoding=\"async\" class=\"aligncenter wp-image-1416 size-full\" src=\"https:\/\/mediavoxmagazine.it\/wp-content\/uploads\/2016\/04\/Crescenzo-Giuseppe.jpg\" alt=\"Crescenzo Giuseppe\" width=\"574\" height=\"692\" srcset=\"https:\/\/mediavoxmagazine.it\/wp-content\/uploads\/2016\/04\/Crescenzo-Giuseppe.jpg 574w, https:\/\/mediavoxmagazine.it\/wp-content\/uploads\/2016\/04\/Crescenzo-Giuseppe-249x300.jpg 249w\" sizes=\"auto, (max-width: 574px) 100vw, 574px\" \/><\/a><\/p>\n","protected":false},"excerpt":{"rendered":"<div class=\"mh-excerpt\"><p>Grande successo dal 20 al 26 marzo 2016 per la II Edizione di \u201cLa PrimaverART\u201c, la Rassegna d\u2019Arte contemporanea organizzata presso la Galleria d\u2019Arte Michelangelo\u00a0 <a class=\"mh-excerpt-more\" href=\"https:\/\/mediavoxmagazine.it\/?p=1415\" title=\"\u201cLa PrimaverART\u201d II Edizione della Rassegna d\u2019Arte contemporanea.\">[&#8230;]<\/a><\/p>\n<\/div>","protected":false},"author":6,"featured_media":1168,"comment_status":"closed","ping_status":"closed","sticky":false,"template":"","format":"standard","meta":{"footnotes":""},"categories":[199],"tags":[18,55,333,57],"class_list":["post-1415","post","type-post","status-publish","format-standard","has-post-thumbnail","hentry","category-largo-allarte","tag-arte","tag-collettiva","tag-la-primaverart","tag-rassegna"],"_links":{"self":[{"href":"https:\/\/mediavoxmagazine.it\/index.php?rest_route=\/wp\/v2\/posts\/1415","targetHints":{"allow":["GET"]}}],"collection":[{"href":"https:\/\/mediavoxmagazine.it\/index.php?rest_route=\/wp\/v2\/posts"}],"about":[{"href":"https:\/\/mediavoxmagazine.it\/index.php?rest_route=\/wp\/v2\/types\/post"}],"author":[{"embeddable":true,"href":"https:\/\/mediavoxmagazine.it\/index.php?rest_route=\/wp\/v2\/users\/6"}],"replies":[{"embeddable":true,"href":"https:\/\/mediavoxmagazine.it\/index.php?rest_route=%2Fwp%2Fv2%2Fcomments&post=1415"}],"version-history":[{"count":1,"href":"https:\/\/mediavoxmagazine.it\/index.php?rest_route=\/wp\/v2\/posts\/1415\/revisions"}],"predecessor-version":[{"id":1417,"href":"https:\/\/mediavoxmagazine.it\/index.php?rest_route=\/wp\/v2\/posts\/1415\/revisions\/1417"}],"wp:featuredmedia":[{"embeddable":true,"href":"https:\/\/mediavoxmagazine.it\/index.php?rest_route=\/wp\/v2\/media\/1168"}],"wp:attachment":[{"href":"https:\/\/mediavoxmagazine.it\/index.php?rest_route=%2Fwp%2Fv2%2Fmedia&parent=1415"}],"wp:term":[{"taxonomy":"category","embeddable":true,"href":"https:\/\/mediavoxmagazine.it\/index.php?rest_route=%2Fwp%2Fv2%2Fcategories&post=1415"},{"taxonomy":"post_tag","embeddable":true,"href":"https:\/\/mediavoxmagazine.it\/index.php?rest_route=%2Fwp%2Fv2%2Ftags&post=1415"}],"curies":[{"name":"wp","href":"https:\/\/api.w.org\/{rel}","templated":true}]}}