{"id":1419,"date":"2016-04-07T18:13:55","date_gmt":"2016-04-07T17:13:55","guid":{"rendered":"https:\/\/mediavoxmagazine.it\/?p=1419"},"modified":"2016-04-07T18:15:19","modified_gmt":"2016-04-07T17:15:19","slug":"la-primaverart-ii-edizione-della-rassegna-darte-contemporanea-9","status":"publish","type":"post","link":"https:\/\/mediavoxmagazine.it\/?p=1419","title":{"rendered":"\u201cLa PrimaverART\u201d II Edizione della Rassegna d\u2019Arte contemporanea."},"content":{"rendered":"<p>Grande successo dal 20 al 26 marzo 2016 per la II Edizione di \u201c<strong>La PrimaverART<\/strong>\u201c, la Rassegna d\u2019Arte contemporanea organizzata presso la <strong>Galleria d\u2019Arte Michelangelo<\/strong>\u00a0 di <strong>Alfonso Orza<\/strong> a Sarno (SA) dall\u2019Associazione culturale \u201cMediavox\u201d, in occasione della VIII Edizione di \u201c<strong>Arte&amp;Cioccolato<\/strong>\u201c.<\/p>\n<p>Conosciamo meglio gli Artisti che hanno esposto le loro opere\u2026<\/p>\n<p>&nbsp;<\/p>\n<p class=\"Standard\" style=\"text-align: center;\" align=\"center\"><span style=\"text-decoration: underline;\"><b>INTERVISTA A LETIZIA LANDI FERRAIOLI<\/b><\/span><b>\u00a0<\/b><\/p>\n<p class=\"Standard\" style=\"text-align: justify; text-justify: inter-ideograph;\">Letizia Landi Ferraioli \u00e8 diplomata al Liceo Artistico A. Sabatini di Salerno e laureata in Scienze dei Beni Culturali. La sua passione per la pittura, iniziata da piccola, oggi \u00e8 la sua professione. Il suo \u00e8 un linguaggio in cui le pennellate vivaci e i segni in rilievo costituiscono totalmente l\u2019immagine ritratta. In continuo aggiornamento \u00e8 il suo bagaglio tecnico; in particolar modo sta approfondendo la tecnica dell\u2019acquerello e della grafite.<\/p>\n<p class=\"Standard\" style=\"text-align: justify; text-justify: inter-ideograph;\"><b>Che cosa significa per Lei fare arte oggi, dopo che tutto sembra esser stato sperimentato?<\/b><\/p>\n<p class=\"Standard\" style=\"text-align: justify; text-justify: inter-ideograph;\"><i>Credo che nell\u2019arte ci sia ancora tanto da sperimentare ed io la utilizzo come uno strumento per scoprire nuove possibilit\u00e0 espressive.<\/i><\/p>\n<p class=\"Standard\" style=\"text-align: justify; text-justify: inter-ideograph;\"><b>Qual \u00e8 il ruolo dell&#8217;artista contemporaneo? Che messaggio deve dare con le sue opere?<\/b><\/p>\n<p class=\"Standard\" style=\"text-align: justify; text-justify: inter-ideograph;\"><i>L\u2019artista ha come compito quello di non far \u201cmorire\u201d l\u2019immaginazione e la fantasia. In una societ\u00e0 tanto stereotipata anche io sento di avere questo \u201cruolo\u201d<\/i><\/p>\n<p class=\"Standard\" style=\"text-align: justify; text-justify: inter-ideograph;\"><b>Alcuni artisti sono restii a parlare delle proprie opere&#8230;Pensa sia utile che l&#8217;artista suggerisca delle interpretazioni a chi osserva la sua arte?<\/b><\/p>\n<p class=\"Standard\" style=\"text-align: justify; text-justify: inter-ideograph;\"><i>L\u2019arte \u00e8 immaginazione, \u00e8 libert\u00e0 d\u2019espressione\u2026perch\u00e9 condizionare la fantasia di chi osserva?<\/i><\/p>\n<p class=\"Standard\" style=\"text-align: justify; text-justify: inter-ideograph;\"><b>La mostra si intitola PrimaverART in riferimento alla stagione primaverile, ma pu\u00f2 essere associata anche ad una primavera intesa come rinascita, emblema della capacit\u00e0 dell&#8217;arte di rinnovarsi continuamente. Che cosa significa per Lei la primavera nella vita e nell&#8217;arte?<\/b><b>\u00a0<\/b><\/p>\n<p class=\"Standard\" style=\"text-align: justify; text-justify: inter-ideograph;\"><i>La primavera nella vita e nell\u2019arte rappresentano quella fase in cui si \u00e8 in pace con se stessi e poi con il mondo. L\u2019arte \u00e8 la trasposizione figurativa di ci\u00f2 che si vive dentro. Se la stagione che sta vivendo l\u2019artista \u00e8 la primavera, allora la sua opera sar\u00e0 un complesso di armonie e colori<\/i><\/p>\n<p class=\"Standard\" style=\"text-align: justify; text-justify: inter-ideograph;\"><b>Quale tecnica ha utilizzato per l&#8217;opera esposta e quale utilizza maggiormente?<\/b><\/p>\n<p class=\"Standard\" style=\"text-align: justify; text-justify: inter-ideograph;\"><i>In questo caso ho utilizzato la grafite e il carboncino, tecnica che sto approfondendo di recente. Di solito utilizzo l\u2019acrilico. Sento pi\u00f9 mia questa tecnica perch\u00e9 mi rispecchia molto: \u00e8 \u201cveloce\u201d<\/i>.<\/p>\n<p class=\"Standard\" style=\"text-align: justify; text-justify: inter-ideograph;\"><b>Nelle esposizioni collettive spesso ci si fa un&#8217;idea dell&#8217;artista soltanto attraverso una o due opere. La scelta di che cosa mostrare \u00e8, dunque, importantissima. Lei come sceglie le opere da esporre?<\/b><\/p>\n<p class=\"Standard\" style=\"text-align: justify; text-justify: inter-ideograph;\"><i>L\u2019opera che ho scelto lascia trasparire moltissimo il periodo che sto vivendo\u2026attualmente sono nella stagione invernale e sto lavorando su pi\u00f9 aspetti della mia vita per giungere ad una primavera \u201crivestita\u201d di colori.<\/i><\/p>\n<p class=\"Standard\">\n<p class=\"Standard\"><b>\u00a0<a href=\"https:\/\/mediavoxmagazine.it\/wp-content\/uploads\/2016\/04\/Ferraioli-Letizia-Landi.jpg\" rel=\"attachment wp-att-1420\"><img loading=\"lazy\" decoding=\"async\" class=\"aligncenter wp-image-1420 size-full\" src=\"https:\/\/mediavoxmagazine.it\/wp-content\/uploads\/2016\/04\/Ferraioli-Letizia-Landi.jpg\" alt=\"Ferraioli Letizia Landi\" width=\"750\" height=\"530\" srcset=\"https:\/\/mediavoxmagazine.it\/wp-content\/uploads\/2016\/04\/Ferraioli-Letizia-Landi.jpg 750w, https:\/\/mediavoxmagazine.it\/wp-content\/uploads\/2016\/04\/Ferraioli-Letizia-Landi-300x212.jpg 300w\" sizes=\"auto, (max-width: 750px) 100vw, 750px\" \/><\/a><\/b><\/p>\n<p class=\"Standard\">\n<p class=\"Standard\">\n<p class=\"Standard\">\n","protected":false},"excerpt":{"rendered":"<div class=\"mh-excerpt\"><p>Grande successo dal 20 al 26 marzo 2016 per la II Edizione di \u201cLa PrimaverART\u201c, la Rassegna d\u2019Arte contemporanea organizzata presso la Galleria d\u2019Arte Michelangelo\u00a0 <a class=\"mh-excerpt-more\" href=\"https:\/\/mediavoxmagazine.it\/?p=1419\" title=\"\u201cLa PrimaverART\u201d II Edizione della Rassegna d\u2019Arte contemporanea.\">[&#8230;]<\/a><\/p>\n<\/div>","protected":false},"author":6,"featured_media":1168,"comment_status":"closed","ping_status":"closed","sticky":false,"template":"","format":"standard","meta":{"footnotes":""},"categories":[199],"tags":[18,55,56,371,372],"class_list":["post-1419","post","type-post","status-publish","format-standard","has-post-thumbnail","hentry","category-largo-allarte","tag-arte","tag-collettiva","tag-mostra","tag-pittura","tag-scultura"],"_links":{"self":[{"href":"https:\/\/mediavoxmagazine.it\/index.php?rest_route=\/wp\/v2\/posts\/1419","targetHints":{"allow":["GET"]}}],"collection":[{"href":"https:\/\/mediavoxmagazine.it\/index.php?rest_route=\/wp\/v2\/posts"}],"about":[{"href":"https:\/\/mediavoxmagazine.it\/index.php?rest_route=\/wp\/v2\/types\/post"}],"author":[{"embeddable":true,"href":"https:\/\/mediavoxmagazine.it\/index.php?rest_route=\/wp\/v2\/users\/6"}],"replies":[{"embeddable":true,"href":"https:\/\/mediavoxmagazine.it\/index.php?rest_route=%2Fwp%2Fv2%2Fcomments&post=1419"}],"version-history":[{"count":1,"href":"https:\/\/mediavoxmagazine.it\/index.php?rest_route=\/wp\/v2\/posts\/1419\/revisions"}],"predecessor-version":[{"id":1421,"href":"https:\/\/mediavoxmagazine.it\/index.php?rest_route=\/wp\/v2\/posts\/1419\/revisions\/1421"}],"wp:featuredmedia":[{"embeddable":true,"href":"https:\/\/mediavoxmagazine.it\/index.php?rest_route=\/wp\/v2\/media\/1168"}],"wp:attachment":[{"href":"https:\/\/mediavoxmagazine.it\/index.php?rest_route=%2Fwp%2Fv2%2Fmedia&parent=1419"}],"wp:term":[{"taxonomy":"category","embeddable":true,"href":"https:\/\/mediavoxmagazine.it\/index.php?rest_route=%2Fwp%2Fv2%2Fcategories&post=1419"},{"taxonomy":"post_tag","embeddable":true,"href":"https:\/\/mediavoxmagazine.it\/index.php?rest_route=%2Fwp%2Fv2%2Ftags&post=1419"}],"curies":[{"name":"wp","href":"https:\/\/api.w.org\/{rel}","templated":true}]}}