{"id":1443,"date":"2016-04-10T09:49:38","date_gmt":"2016-04-10T08:49:38","guid":{"rendered":"https:\/\/mediavoxmagazine.it\/?p=1443"},"modified":"2016-04-10T09:50:53","modified_gmt":"2016-04-10T08:50:53","slug":"la-primaverart-ii-edizione-della-rassegna-darte-contemporanea-12","status":"publish","type":"post","link":"https:\/\/mediavoxmagazine.it\/?p=1443","title":{"rendered":"\u201cLa PrimaverART\u201d II Edizione della Rassegna d\u2019Arte contemporanea."},"content":{"rendered":"<p>Grande successo dal 20 al 26 marzo 2016 per la II Edizione di \u201c<strong>La PrimaverART<\/strong>\u201c, la Rassegna d\u2019Arte contemporanea organizzata presso la <strong>Galleria d\u2019Arte Michelangelo<\/strong>\u00a0 di <strong>Alfonso Orza<\/strong> a Sarno (SA) dall\u2019Associazione culturale \u201cMediavox\u201d, in occasione della VIII Edizione di \u201c<strong>Arte&amp;Cioccolato<\/strong>\u201c.<\/p>\n<p>Conosciamo meglio gli Artisti che hanno esposto le loro opere\u2026<\/p>\n<p style=\"text-align: center;\"><span style=\"text-decoration: underline;\"><strong>INTERVISTA AD ANTONIO LANZETTA<\/strong><\/span><\/p>\n<p style=\"text-align: center;\">\n<blockquote>\n<p style=\"text-align: right;\"><strong>ANTONIO LANZETTA<\/strong>\u00e8 nato a Sarno il 19 ottobre 1974. Attualmente residente a Striano (NA), ha partecipato a importanti eventi, tra i quali: \u201cExpo 2015\u201d, con lo storico e critico d\u2019arte Giorgio Grasso; Rassegna d\u2019Arte Contemporanea \u201cLargo\u2026 all\u2019Arte\u201d a Palazzo Genovese \u2013 Salerno nel 2016. Ha ottenuto il 2\u00b0 premio al concorso \u201cIonio Giardino Incantato 2016\u201d e ha partecipato al 1\u00b0 Concorso Internazionale \u201cIl Canto delle Muse\u201d di Bellizzi, con conferimento di una Segnalazione Speciale per la poesia \u201cTerra Mia\u201d.<\/p>\n<\/blockquote>\n<p style=\"text-align: right;\">\n<p style=\"text-align: right;\">\n<p><strong>Che cosa significa per Lei fare arte oggi, dopo che tutto sembra esser stato sperimentato?<\/strong><\/p>\n<p><em>Fare arte oggi per me significa ancora sperimentare. Di fatto, le mie opere sono un variegato di materiali di diverso genere e di tecniche varie. E altro ancora ho da scoprire e sperimentare. <\/em><\/p>\n<p><strong>Qual \u00e8 il ruolo dell&#8217;artista contemporaneo? Che messaggio deve dare con le sue opere?<\/strong><\/p>\n<p><em>Credo che non si possa delineare un ruolo predefinito. Ogni artista esprime attraverso le sue opere il proprio Io, il proprio stato d\u2019animo, il vissuto e il vivere contemporaneo, trasmettendolo poi attraverso l\u2019arte in ogni suo genere.<\/em><strong>\u00a0<\/strong><\/p>\n<p><strong>Alcuni artisti sono restii a parlare delle proprie opere&#8230;Pensa sia utile che l&#8217;artista suggerisca delle interpretazioni a chi osserva la sua arte?<\/strong><\/p>\n<p><em>Sicuramente \u00e8 pi\u00f9 che utile esternare il proprio pensiero attraverso le opere realizzate. In modo particolare se si tratta di opere contemporanee, credo che sia davvero utile suggerire una corretta interpretazione di ci\u00f2 che si sta cercando di trasmettere.<\/em><strong>\u00a0<\/strong><\/p>\n<p><strong>La mostra si intitola PrimaverART in riferimento alla stagione primaverile, ma pu\u00f2 essere associata anche ad una primavera intesa come rinascita, emblema della capacit\u00e0 dell&#8217;arte di rinnovarsi continuamente. Che cosa significa per Lei la primavera nella vita e nell&#8217;arte?<\/strong><\/p>\n<p><em>La primavera nella vita e nell\u2019arte per me ha un significato particolare ed indispensabile. La primavera \u00e8 l\u2019esplosione dei colori della natura, l\u2019esplosione del rinascere ed \u00e8 proprio da ci\u00f2 che io trovo una ispirazione particolare, trasferendo tutto ci\u00f2 che assimilo proprio attraverso i colori, cosa che si pu\u00f2 ben notare nell\u2019osservare i miei lavori.<\/em><\/p>\n<p><strong>Quale tecnica ha utilizzato per l&#8217;opera esposta e quale utilizza maggiormente? <\/strong><\/p>\n<p><em>La tecnica che ho usato \u00e8 una tecnica mista con l\u2019impiego di colori acrilici e pasta a rilievo.\u00a0<\/em><em>Artisticamente, io sono nato con il mosaico, mediante l\u2019utilizzo di materiali naturali (orzo, riso, farro, lenticchie, ecc. ), per poi passare alle pietre ed \u00e8 proprio questa tecnica che utilizzo maggiormente in quasi tutti i miei lavori.<\/em><\/p>\n<p><strong>Nelle esposizioni collettive spesso ci si fa un&#8217;idea dell&#8217;artista soltanto attraverso una o due opere. La scelta di che cosa mostrare \u00e8, dunque, importantissima. Lei come sceglie le opere da esporre?<\/strong><\/p>\n<p><strong>\u00a0<\/strong><em>Sembrer\u00e0 strano, ma fino ad oggi tutte le collettive a cui ho preso parte hanno coinciso sempre con il completamento di una nuova opera, pertanto, non mi sono mai preoccupato della scelta. <\/em><em>Preciso che ho partecipato anche a collettive a tema ed \u00e8 stato solo in quei casi che ho dovuto scegliere un\u2019opera particolare.<\/em><\/p>\n<p><img loading=\"lazy\" decoding=\"async\" class=\"wp-image-1444 size-full aligncenter\" src=\"https:\/\/mediavoxmagazine.it\/wp-content\/uploads\/2016\/04\/Lanzetta-Antonio-1.jpg\" alt=\"Lanzetta Antonio (1)\" width=\"498\" height=\"438\" srcset=\"https:\/\/mediavoxmagazine.it\/wp-content\/uploads\/2016\/04\/Lanzetta-Antonio-1.jpg 498w, https:\/\/mediavoxmagazine.it\/wp-content\/uploads\/2016\/04\/Lanzetta-Antonio-1-300x264.jpg 300w\" sizes=\"auto, (max-width: 498px) 100vw, 498px\" \/><\/p>\n<p>&nbsp;<\/p>\n<p>&nbsp;<\/p>\n<p>&nbsp;<\/p>\n","protected":false},"excerpt":{"rendered":"<div class=\"mh-excerpt\"><p>Grande successo dal 20 al 26 marzo 2016 per la II Edizione di \u201cLa PrimaverART\u201c, la Rassegna d\u2019Arte contemporanea organizzata presso la Galleria d\u2019Arte Michelangelo\u00a0 <a class=\"mh-excerpt-more\" href=\"https:\/\/mediavoxmagazine.it\/?p=1443\" title=\"\u201cLa PrimaverART\u201d II Edizione della Rassegna d\u2019Arte contemporanea.\">[&#8230;]<\/a><\/p>\n<\/div>","protected":false},"author":6,"featured_media":1168,"comment_status":"closed","ping_status":"closed","sticky":false,"template":"","format":"standard","meta":{"footnotes":""},"categories":[199],"tags":[18,55,414,56,371,369,372],"class_list":["post-1443","post","type-post","status-publish","format-standard","has-post-thumbnail","hentry","category-largo-allarte","tag-arte","tag-collettiva","tag-mosaico","tag-mostra","tag-pittura","tag-primaverart","tag-scultura"],"_links":{"self":[{"href":"https:\/\/mediavoxmagazine.it\/index.php?rest_route=\/wp\/v2\/posts\/1443","targetHints":{"allow":["GET"]}}],"collection":[{"href":"https:\/\/mediavoxmagazine.it\/index.php?rest_route=\/wp\/v2\/posts"}],"about":[{"href":"https:\/\/mediavoxmagazine.it\/index.php?rest_route=\/wp\/v2\/types\/post"}],"author":[{"embeddable":true,"href":"https:\/\/mediavoxmagazine.it\/index.php?rest_route=\/wp\/v2\/users\/6"}],"replies":[{"embeddable":true,"href":"https:\/\/mediavoxmagazine.it\/index.php?rest_route=%2Fwp%2Fv2%2Fcomments&post=1443"}],"version-history":[{"count":1,"href":"https:\/\/mediavoxmagazine.it\/index.php?rest_route=\/wp\/v2\/posts\/1443\/revisions"}],"predecessor-version":[{"id":1445,"href":"https:\/\/mediavoxmagazine.it\/index.php?rest_route=\/wp\/v2\/posts\/1443\/revisions\/1445"}],"wp:featuredmedia":[{"embeddable":true,"href":"https:\/\/mediavoxmagazine.it\/index.php?rest_route=\/wp\/v2\/media\/1168"}],"wp:attachment":[{"href":"https:\/\/mediavoxmagazine.it\/index.php?rest_route=%2Fwp%2Fv2%2Fmedia&parent=1443"}],"wp:term":[{"taxonomy":"category","embeddable":true,"href":"https:\/\/mediavoxmagazine.it\/index.php?rest_route=%2Fwp%2Fv2%2Fcategories&post=1443"},{"taxonomy":"post_tag","embeddable":true,"href":"https:\/\/mediavoxmagazine.it\/index.php?rest_route=%2Fwp%2Fv2%2Ftags&post=1443"}],"curies":[{"name":"wp","href":"https:\/\/api.w.org\/{rel}","templated":true}]}}