{"id":1468,"date":"2016-04-12T06:39:46","date_gmt":"2016-04-12T05:39:46","guid":{"rendered":"https:\/\/mediavoxmagazine.it\/?p=1468"},"modified":"2016-04-13T13:24:01","modified_gmt":"2016-04-13T12:24:01","slug":"la-primaverart-ii-edizione-2","status":"publish","type":"post","link":"https:\/\/mediavoxmagazine.it\/?p=1468","title":{"rendered":"\u201cLa PrimaverART\u201d II Edizione della Rassegna d\u2019Arte contemporanea."},"content":{"rendered":"<p>Grande successo dal 20 al 26 marzo 2016 per la II Edizione di \u201c<strong>La PrimaverART<\/strong>\u201c, la Rassegna d\u2019Arte contemporanea organizzata presso la <strong>Galleria d\u2019Arte Michelangelo<\/strong>\u00a0 di <strong>Alfonso Orza<\/strong> a Sarno (SA) dall\u2019Associazione culturale \u201cMediavox\u201d, in occasione della VIII Edizione di \u201c<strong>Arte&amp;Cioccolato<\/strong>\u201c.<\/p>\n<p>Conosciamo meglio gli Artisti che hanno esposto le loro opere\u2026<\/p>\n<p style=\"text-align: center;\"><span style=\"text-decoration: underline;\"><strong>INTERVISTA A ZHENA VINCENZA MAIORINO<\/strong><\/span><\/p>\n<blockquote>\n<p style=\"text-align: right;\"><strong><br \/>\n<em>ZHENA<\/em><\/strong><em> \u00e8 il nome d&#8217;arte di Vincenza Maiorino. Ha conseguito il diploma di Maestro d&#8217;Arte a Salerno. E&#8217; creatrice della corrente artistica PRANO ART, un modo per trasmettere energia positiva. E&#8217; un&#8217;artista poliedrica, dalla grande gestualit\u00e0 espressiva e la sua arte, oltre che pittorica, si estende anche alla ceramica, meritando recensioni positive dalla stampa specializzata. Nel 2015, ha illustrato il libro &#8220;Dammi la mano&#8221;. Inoltre, ha vinto la tappa &#8220;Salerno Street Art&#8221; a Montecarlo, premiata dal Principe di Monaco. Le sue opere sono presenti in numerose collezioni private in Italia e all&#8217;estero.<\/em><\/p>\n<\/blockquote>\n<p>&nbsp;<\/p>\n<p>&nbsp;<\/p>\n<p><strong>\u00a0<\/strong><\/p>\n<p><strong>Che cosa significa per Lei fare arte oggi, dopo che tutto sembra esser stato sperimentato?<\/strong><\/p>\n<p><em>Per me fare arte vuol dire entrare dentro la mia spiritualit\u00e0, ritrovandomi in connessione con l&#8217;universo. Se ogni artista riuscisse ad esprimere ci\u00f2 che trova dentro di s\u00e9 sarebbe un continuo esperimento. <\/em><\/p>\n<p><strong>Qual \u00e8 il ruolo dell&#8217;artista contemporaneo? Che messaggio deve dare con le sue opere?<\/strong><\/p>\n<p><em>Penso che ci sia bisogno di una evoluzione nell&#8217;arte, sentendosi liberi artisticamente, a 360 gradi. Il mio compito \u00e8 trasmettere &#8220;ENERGIA POSITIVA&#8221; attraverso i colori e il loro giusto equilibrio armonico. <\/em><\/p>\n<p><strong>Alcuni artisti sono restii a parlare delle proprie opere&#8230;Pensa sia utile che l&#8217;artista suggerisca delle interpretazioni a chi osserva la sua arte?<\/strong><\/p>\n<p><em>No!!! Come dicevo, l&#8217;arte \u00e8 principalmente LIBERT\u00c0, pertanto ogni artista \u00e8 libero di scegliere come comportarsi in merito. Personalmente, credo sia giusto che l&#8217;interlocutore esprima le sensazioni e ci\u00f2 che riesce a vedere. Soprattutto se l&#8217;opera che si ha di fronte ti lascia entrare dentro di essa, catturandoti. <\/em><\/p>\n<p><strong>La mostra si intitola PrimaverART in riferimento alla stagione primaverile, ma pu\u00f2 essere associata anche ad una primavera intesa come rinascita, emblema della capacit\u00e0 dell&#8217;arte di rinnovarsi continuamente. Che cosa significa per Lei la primavera nella vita e nell&#8217;arte?<\/strong><\/p>\n<p><em>Mi colpisce questa domanda, poich\u00e9 La Primavera \u00e8 la stagione che preferisco. In primavera rinasco: vedo la luce che pervade di una nuova energia il mio corpo. Mi sento come un germoglio che fiorisce e, con me, prende un certo vigore anche la mia arte. <\/em><\/p>\n<p><strong>Quale tecnica ha utilizzato per l&#8217;opera esposta e quale utilizza maggiormente? <\/strong><\/p>\n<p><em>La tecnica utilizzata per l&#8217;opera esposta \u00e8 una tecnica mista personale, con l&#8217;utilizzo della spatola. In genere uso dipingere con spatola, con le mani e anche con piccoli aggeggi di uso quotidiano. Non uso pennelli, preferisco lasciare la forza del colore. <\/em><\/p>\n<p><strong>Nelle esposizioni collettive spesso ci si fa un&#8217;idea dell&#8217;artista soltanto attraverso una o due opere. La scelta di che cosa mostrare \u00e8, dunque, importantissima. Lei come sceglie le opere da esporre<\/strong><strong>\u00a0<\/strong><\/p>\n<p><em>Come sempre, mi lascio guidare dall&#8217;istinto, sempre che non sia dato un tema preciso alla mostra.<\/em><\/p>\n<p><img loading=\"lazy\" decoding=\"async\" class=\"wp-image-1469 size-full aligncenter\" src=\"https:\/\/mediavoxmagazine.it\/wp-content\/uploads\/2016\/04\/Maiorino-Vincenza-Zhena.jpg\" alt=\"Maiorino Vincenza (Zhena)\" width=\"328\" height=\"394\" srcset=\"https:\/\/mediavoxmagazine.it\/wp-content\/uploads\/2016\/04\/Maiorino-Vincenza-Zhena.jpg 328w, https:\/\/mediavoxmagazine.it\/wp-content\/uploads\/2016\/04\/Maiorino-Vincenza-Zhena-250x300.jpg 250w\" sizes=\"auto, (max-width: 328px) 100vw, 328px\" \/><\/p>\n<p>&nbsp;<\/p>\n<p>&nbsp;<\/p>\n","protected":false},"excerpt":{"rendered":"<div class=\"mh-excerpt\"><p>Grande successo dal 20 al 26 marzo 2016 per la II Edizione di \u201cLa PrimaverART\u201c, la Rassegna d\u2019Arte contemporanea organizzata presso la Galleria d\u2019Arte Michelangelo\u00a0 <a class=\"mh-excerpt-more\" href=\"https:\/\/mediavoxmagazine.it\/?p=1468\" title=\"\u201cLa PrimaverART\u201d II Edizione della Rassegna d\u2019Arte contemporanea.\">[&#8230;]<\/a><\/p>\n<\/div>","protected":false},"author":6,"featured_media":1168,"comment_status":"closed","ping_status":"closed","sticky":false,"template":"","format":"standard","meta":{"footnotes":""},"categories":[199],"tags":[18,55,369,422],"class_list":["post-1468","post","type-post","status-publish","format-standard","has-post-thumbnail","hentry","category-largo-allarte","tag-arte","tag-collettiva","tag-primaverart","tag-rasssegna"],"_links":{"self":[{"href":"https:\/\/mediavoxmagazine.it\/index.php?rest_route=\/wp\/v2\/posts\/1468","targetHints":{"allow":["GET"]}}],"collection":[{"href":"https:\/\/mediavoxmagazine.it\/index.php?rest_route=\/wp\/v2\/posts"}],"about":[{"href":"https:\/\/mediavoxmagazine.it\/index.php?rest_route=\/wp\/v2\/types\/post"}],"author":[{"embeddable":true,"href":"https:\/\/mediavoxmagazine.it\/index.php?rest_route=\/wp\/v2\/users\/6"}],"replies":[{"embeddable":true,"href":"https:\/\/mediavoxmagazine.it\/index.php?rest_route=%2Fwp%2Fv2%2Fcomments&post=1468"}],"version-history":[{"count":2,"href":"https:\/\/mediavoxmagazine.it\/index.php?rest_route=\/wp\/v2\/posts\/1468\/revisions"}],"predecessor-version":[{"id":1475,"href":"https:\/\/mediavoxmagazine.it\/index.php?rest_route=\/wp\/v2\/posts\/1468\/revisions\/1475"}],"wp:featuredmedia":[{"embeddable":true,"href":"https:\/\/mediavoxmagazine.it\/index.php?rest_route=\/wp\/v2\/media\/1168"}],"wp:attachment":[{"href":"https:\/\/mediavoxmagazine.it\/index.php?rest_route=%2Fwp%2Fv2%2Fmedia&parent=1468"}],"wp:term":[{"taxonomy":"category","embeddable":true,"href":"https:\/\/mediavoxmagazine.it\/index.php?rest_route=%2Fwp%2Fv2%2Fcategories&post=1468"},{"taxonomy":"post_tag","embeddable":true,"href":"https:\/\/mediavoxmagazine.it\/index.php?rest_route=%2Fwp%2Fv2%2Ftags&post=1468"}],"curies":[{"name":"wp","href":"https:\/\/api.w.org\/{rel}","templated":true}]}}