{"id":1476,"date":"2016-04-13T13:28:02","date_gmt":"2016-04-13T12:28:02","guid":{"rendered":"https:\/\/mediavoxmagazine.it\/?p=1476"},"modified":"2016-04-13T13:28:17","modified_gmt":"2016-04-13T12:28:17","slug":"la-primaverart-ii-edizione-della-rassegna-darte-contemporanea-14","status":"publish","type":"post","link":"https:\/\/mediavoxmagazine.it\/?p=1476","title":{"rendered":"\u201cLa PrimaverART\u201d II Edizione della Rassegna d\u2019Arte contemporanea."},"content":{"rendered":"<p>Grande successo dal 20 al 26 marzo 2016 per la II Edizione di \u201c<strong>La PrimaverART<\/strong>\u201c, la Rassegna d\u2019Arte contemporanea organizzata presso la <strong>Galleria d\u2019Arte Michelangelo<\/strong>\u00a0 di <strong>Alfonso Orza<\/strong> a Sarno (SA) dall\u2019Associazione culturale \u201cMediavox\u201d, in occasione della VIII Edizione di \u201c<strong>Arte&amp;Cioccolato<\/strong>\u201c.<\/p>\n<p>Conosciamo meglio gli Artisti che hanno esposto le loro opere\u2026<\/p>\n<p style=\"text-align: center;\"><span style=\"text-decoration: underline;\"><strong>INTERVISTA A CONCETTA MARROCOLI <\/strong><\/span><\/p>\n<blockquote>\n<p style=\"text-align: right;\"><strong>CONCETTA MARROCOLI<\/strong> nasce a Napoli il 13\/7\/1950. Durante il suo percorso di studi in giurisprudenza\u00a0 non perde mai di vista il lato pi\u00f9 soggettivo della realt\u00e0, quello in cui non vi sono regole, difetti, errori, quello in cui non v\u2019\u00e8 legge universale che definisca il bello, il brutto e che distingua la perfezione da ci\u00f2 che non lo \u00e8: l\u2019arte.\u00a0 Si lascia coinvolgere da tutte le forme artistiche, come teatro, cinema e laboratori creativi. Autodidatta, le piace approfondire lo studio dei particolari. Si tuffa con passione in tutto ci\u00f2 che \u00e8 conoscenza. Ha effettuato numerose mostre in Italia e all\u2019estero.<\/p>\n<\/blockquote>\n<p>&nbsp;<\/p>\n<p><strong>\u00a0<\/strong><\/p>\n<p><strong>Che cosa significa per Lei fare arte oggi, dopo che tutto sembra esser stato sperimentato?<\/strong><\/p>\n<p><em>Per me non ci sono canoni prescritti. L\u2019arte si evolve in continuazione, raccogliendo tutte le emozioni, usando tutti gli strumenti a propria disposizione e ricercandone altri. Come sempre.<\/em><\/p>\n<p><strong>Qual \u00e8 il ruolo dell&#8217;artista contemporaneo? Che messaggio deve dare con le sue opere?<\/strong><\/p>\n<p><em>L\u2019arte in tutte le sue espressioni \u00e8 ricchezza. Trasmettendola ai posteri, trasmettiamo la ricchezza pi\u00f9 grande, che \u00e8 quella della preziosit\u00e0 dell\u2019essere umano.<\/em><\/p>\n<p><strong>Alcuni artisti sono restii a parlare delle proprie opere&#8230;Pensa sia utile che l&#8217;artista suggerisca delle interpretazioni a chi osserva la sua arte?<\/strong><\/p>\n<p><em>Pu\u00f2 essere utile trasmettere la propria emozione compositiva, ma potrebbe deludere le aspettative di chi la osserva e questo mi \u00e8 accaduto.<\/em><\/p>\n<p><strong>La mostra si intitola PrimaverART in riferimento alla stagione primaverile, ma pu\u00f2 essere associata anche ad una primavera intesa come rinascita, emblema della capacit\u00e0 dell&#8217;arte di rinnovarsi continuamente. Che cosa significa per Lei la primavera nella vita e nell&#8217;arte?<\/strong><\/p>\n<p><em>Punti di vista. C\u2019\u00e8 chi ama la neve, il candore, chi il mare, la pioggia. Stati d\u2019animo. Anche passeggiare stretti sotto la pioggia \u00e8 Primavera e rinnovamento dei sentimenti. Sento il calore del sole ogni volta che riesco ad esprimere la mia emozione con l\u2019arte e condividerla.<\/em><\/p>\n<p><strong>Quale tecnica ha utilizzato per l&#8217;opera esposta e quale utilizza maggiormente? <\/strong><\/p>\n<p><em>Olio e Acrilico, ma mi piace anche inserire ed utilizzare altri materiali.<\/em><\/p>\n<p><strong>Nelle esposizioni collettive spesso ci si fa un&#8217;idea dell&#8217;artista soltanto attraverso una o due opere. La scelta di che cosa mostrare \u00e8, dunque, importantissima. Lei come sceglie le opere da esporre?<\/strong><\/p>\n<p><em>Se viene dato un soggetto, scelgo anche un\u2019opera che esprima il concetto. Altrimenti quella che mi ispira in quel momento, luogo, periodo, sentimento. Amo le mie creature.<\/em><\/p>\n<p><strong>\u00a0<a href=\"https:\/\/mediavoxmagazine.it\/wp-content\/uploads\/2016\/04\/Marrocoli-Concetta.jpg\" rel=\"attachment wp-att-1477\"><img loading=\"lazy\" decoding=\"async\" class=\"wp-image-1477 size-full aligncenter\" src=\"https:\/\/mediavoxmagazine.it\/wp-content\/uploads\/2016\/04\/Marrocoli-Concetta.jpg\" alt=\"Marrocoli Concetta\" width=\"336\" height=\"488\" srcset=\"https:\/\/mediavoxmagazine.it\/wp-content\/uploads\/2016\/04\/Marrocoli-Concetta.jpg 336w, https:\/\/mediavoxmagazine.it\/wp-content\/uploads\/2016\/04\/Marrocoli-Concetta-207x300.jpg 207w\" sizes=\"auto, (max-width: 336px) 100vw, 336px\" \/><\/a><\/strong><\/p>\n<p><strong>\u00a0<\/strong><\/p>\n<p>&nbsp;<\/p>\n<p><strong>\u00a0<\/strong><\/p>\n","protected":false},"excerpt":{"rendered":"<div class=\"mh-excerpt\"><p>Grande successo dal 20 al 26 marzo 2016 per la II Edizione di \u201cLa PrimaverART\u201c, la Rassegna d\u2019Arte contemporanea organizzata presso la Galleria d\u2019Arte Michelangelo\u00a0 <a class=\"mh-excerpt-more\" href=\"https:\/\/mediavoxmagazine.it\/?p=1476\" title=\"\u201cLa PrimaverART\u201d II Edizione della Rassegna d\u2019Arte contemporanea.\">[&#8230;]<\/a><\/p>\n<\/div>","protected":false},"author":6,"featured_media":1168,"comment_status":"closed","ping_status":"closed","sticky":false,"template":"","format":"standard","meta":{"footnotes":""},"categories":[199],"tags":[18,425,333,371,57,372],"class_list":["post-1476","post","type-post","status-publish","format-standard","has-post-thumbnail","hentry","category-largo-allarte","tag-arte","tag-colletiva","tag-la-primaverart","tag-pittura","tag-rassegna","tag-scultura"],"_links":{"self":[{"href":"https:\/\/mediavoxmagazine.it\/index.php?rest_route=\/wp\/v2\/posts\/1476","targetHints":{"allow":["GET"]}}],"collection":[{"href":"https:\/\/mediavoxmagazine.it\/index.php?rest_route=\/wp\/v2\/posts"}],"about":[{"href":"https:\/\/mediavoxmagazine.it\/index.php?rest_route=\/wp\/v2\/types\/post"}],"author":[{"embeddable":true,"href":"https:\/\/mediavoxmagazine.it\/index.php?rest_route=\/wp\/v2\/users\/6"}],"replies":[{"embeddable":true,"href":"https:\/\/mediavoxmagazine.it\/index.php?rest_route=%2Fwp%2Fv2%2Fcomments&post=1476"}],"version-history":[{"count":1,"href":"https:\/\/mediavoxmagazine.it\/index.php?rest_route=\/wp\/v2\/posts\/1476\/revisions"}],"predecessor-version":[{"id":1478,"href":"https:\/\/mediavoxmagazine.it\/index.php?rest_route=\/wp\/v2\/posts\/1476\/revisions\/1478"}],"wp:featuredmedia":[{"embeddable":true,"href":"https:\/\/mediavoxmagazine.it\/index.php?rest_route=\/wp\/v2\/media\/1168"}],"wp:attachment":[{"href":"https:\/\/mediavoxmagazine.it\/index.php?rest_route=%2Fwp%2Fv2%2Fmedia&parent=1476"}],"wp:term":[{"taxonomy":"category","embeddable":true,"href":"https:\/\/mediavoxmagazine.it\/index.php?rest_route=%2Fwp%2Fv2%2Fcategories&post=1476"},{"taxonomy":"post_tag","embeddable":true,"href":"https:\/\/mediavoxmagazine.it\/index.php?rest_route=%2Fwp%2Fv2%2Ftags&post=1476"}],"curies":[{"name":"wp","href":"https:\/\/api.w.org\/{rel}","templated":true}]}}