{"id":1480,"date":"2016-04-14T07:41:38","date_gmt":"2016-04-14T06:41:38","guid":{"rendered":"https:\/\/mediavoxmagazine.it\/?p=1480"},"modified":"2016-04-14T07:41:56","modified_gmt":"2016-04-14T06:41:56","slug":"la-primaverart-ii-edizione-della-rassegna-darte-contemporanea-15","status":"publish","type":"post","link":"https:\/\/mediavoxmagazine.it\/?p=1480","title":{"rendered":"\u201cLa PrimaverART\u201d II Edizione della Rassegna d\u2019Arte contemporanea."},"content":{"rendered":"<p>Grande successo dal 20 al 26 marzo 2016 per la II Edizione di \u201c<strong>La PrimaverART<\/strong>\u201c, la Rassegna d\u2019Arte contemporanea organizzata presso la <strong>Galleria d\u2019Arte Michelangelo<\/strong>\u00a0 di <strong>Alfonso Orza<\/strong> a Sarno (SA) dall\u2019Associazione culturale \u201cMediavox\u201d, in occasione della VIII Edizione di \u201c<strong>Arte&amp;Cioccolato<\/strong>\u201c.<\/p>\n<p>Conosciamo meglio gli Artisti che hanno esposto le loro opere\u2026<\/p>\n<p style=\"text-align: center;\"><span style=\"text-decoration: underline;\"><strong>INTERVISTA\u00a0 A MARILENA\u00a0 PALOMBA<\/strong><\/span><\/p>\n<p><strong>\u00a0<\/strong><\/p>\n<blockquote>\n<p style=\"text-align: right;\"><em><strong>MARILENA\u00a0 PALOMBA<\/strong> \u00e8 una giovane pittrice pompeiana. Fin da piccola sviluppa uno spiccato senso artistico. Questa passione la porter\u00e0 a seguire dapprima gli studi liceali presso il Liceo Artistico di Salerno, dove si diploma a pieni voti, e poi all\u2019Accademia di Belle arti di Napoli (allieva del maestro Salvatore Provino), dove consegue sia la Laurea triennale che la Specialistica con il massimo dei voti. Molto attiva in mostre ed esposizioni in tutta la Campania.<\/em><\/p>\n<\/blockquote>\n<p>&nbsp;<\/p>\n<p><strong>\u00a0<\/strong><\/p>\n<p><strong>Che cosa significa per Lei fare arte oggi, dopo che tutto sembra esser stato sperimentato?<\/strong><\/p>\n<p><em>Fare arte oggi \u00e8 un compito estremamente difficile. In un\u2019epoca in cui l\u2019innovazione e la tecnologia corrono troppo veloci rispetto al reale scorrimento del tempo, l\u2019unico compito dell\u2019artista \u00e8 riuscire a catturare gli attimi e imprimere le emozioni sulla tela senza filtri e artifici, trasmettendo tutto l\u2019amore e la passione contenuti in ogni singola pennellata e ogni piccola gradazione cromatica. \u00a0<\/em><em>Fare arte oggi non \u00e8, secondo me, trovare una tecnica mai sperimentata o delle composizioni pittoriche innovative, ma tornare ai \u201cvecchi canoni e alle vecchie tecniche\u201d della pittura, che ai nostri giorni, con l\u2019ausilio della fotografia, ci permettono di dar vita a opere iperrealistiche dotate di sensibilit\u00e0 e di anima.<\/em><\/p>\n<p><strong>\u00a0<\/strong><\/p>\n<p><strong>Qual \u00e8 il ruolo dell&#8217;artista contemporaneo? Che messaggio deve dare con le sue opere?<\/strong><\/p>\n<p><em>L\u2019artista ha il duro compito di comunicare attraverso le immagini. La tv, i mass media, Internet e tutti gli altri mezzi di comunicazione di massa spesso tendono a trasmettere timore e paura rispetto agli ultimi avvenimenti di cronaca, agli attacchi terroristici, ai complotti politici o agli interessi di sistema. L\u2019arte, quindi, dovrebbe essere un mare calmo e un porto sicuro in cui approdare, dovrebbe trasmettere la stessa serenit\u00e0 e tranquillit\u00e0 della visione della luna riflessa sul mare, donare al fruitore l\u2019emozione di poter carpire la vera essenza dell\u2019animo dell\u2019artista e la vera bellezza del mondo, al di l\u00e0 delle barbarie e cattiverie dell\u2019epoca moderna, sempre pi\u00f9 scarna di valori. <\/em><\/p>\n<p>&nbsp;<\/p>\n<p><strong>Alcuni artisti sono restii a parlare delle proprie opere&#8230;Pensa sia utile che l&#8217;artista suggerisca delle interpretazioni a chi osserva la sua arte?<\/strong><\/p>\n<p><em>Non necessariamente bisogna spiegare un\u2019emozione\u2026 <\/em><em>E\u2019 uno stato d\u2019animo,\u00a0 una sottile linea di congiunzione tra realt\u00e0 e fantasia, tra la mente e il cuore.\u00a0 Di sicuro in alcuni casi pu\u00f2 essere utile l\u2019interpretazione dell\u2019artista, soprattutto rispetto ad opere concettuali o estremamente moderne, per dare la possibilit\u00e0 al fruitore di capire l\u2019intenzione e il messaggio nascosto, ma credo sia anche bello lasciare libero spazio alla fantasia e all\u2019interpretazione di ognuno di noi, che potr\u00e0 scorgere il ogni opera un pezzetto del proprio bagaglio di esperienze personali.\u00a0 <\/em><\/p>\n<p>&nbsp;<\/p>\n<p><strong>La mostra si intitola PrimaverART in riferimento alla stagione primaverile, ma pu\u00f2 essere associata anche ad una primavera intesa come rinascita, emblema della capacit\u00e0 dell&#8217;arte di rinnovarsi continuamente. Che cosa significa per Lei la primavera nella vita e nell&#8217;arte?<\/strong><\/p>\n<p><em>\u00c8 necessario non fossilizzarsi su una singola tecnica o su un medesimo soggetto e non ridurre la propria arte alla copia di se stessi. Bisogna avere la possibilit\u00e0 di poter spaziare tra varie tecniche pittoriche e applicare queste ultime su vari supporti. Sperimentare e porsi degli obiettivi e dei traguardi, cercando continuamente di rinnovarsi e superare i propri limiti. Credere che la realizzazione di ogni singola opera debba essere un po\u2019 come una sfida, una lotta continua tra la matericit\u00e0 del pigmento e la traslazione di quest\u2019ultimo in vera e propria anima.<\/em><\/p>\n<p><strong>\u00a0<\/strong><\/p>\n<p><strong>Quale tecnica ha utilizzato per l&#8217;opera esposta e quale utilizza maggiormente? <\/strong><\/p>\n<p><em>L\u2019opera esposta \u00e8 realizzata ad olio su tela ed \u00e8 la tecnica che prediligo per la realizzazione dei miei dipinti, poich\u00e9 \u00e8 quella che pi\u00f9 di tutte mi permette di avere degli effetti iperrealistici.<\/em><\/p>\n<p><strong>\u00a0<\/strong><\/p>\n<p><strong>Nelle esposizioni collettive spesso ci si fa un&#8217;idea dell&#8217;artista soltanto attraverso una o due opere. La scelta di che cosa mostrare \u00e8, dunque, importantissima. Lei come sceglie le opere da esporre?<\/strong><\/p>\n<p><em>Ho sempre molta difficolt\u00e0 nello scegliere l\u2019unica opera da poter esporre\u2026 <\/em><em>Spesso mi lascio guidare semplicemente dall\u2019istinto e devo dire che finora non mi ha mai deluso.<\/em><\/p>\n<p><em>\u00a0<a href=\"https:\/\/mediavoxmagazine.it\/wp-content\/uploads\/2016\/04\/Palomba-Marilena.jpg\" rel=\"attachment wp-att-1481\"><img loading=\"lazy\" decoding=\"async\" class=\"wp-image-1481 size-full aligncenter\" src=\"https:\/\/mediavoxmagazine.it\/wp-content\/uploads\/2016\/04\/Palomba-Marilena.jpg\" alt=\"Palomba Marilena\" width=\"1512\" height=\"838\" srcset=\"https:\/\/mediavoxmagazine.it\/wp-content\/uploads\/2016\/04\/Palomba-Marilena.jpg 1512w, https:\/\/mediavoxmagazine.it\/wp-content\/uploads\/2016\/04\/Palomba-Marilena-300x166.jpg 300w, https:\/\/mediavoxmagazine.it\/wp-content\/uploads\/2016\/04\/Palomba-Marilena-768x426.jpg 768w, https:\/\/mediavoxmagazine.it\/wp-content\/uploads\/2016\/04\/Palomba-Marilena-1024x568.jpg 1024w\" sizes=\"auto, (max-width: 1512px) 100vw, 1512px\" \/><\/a><\/em><\/p>\n<p><strong>\u00a0<\/strong><\/p>\n<p><strong>\u00a0<\/strong><\/p>\n<p><strong>\u00a0<\/strong><\/p>\n<p><strong>\u00a0<\/strong><\/p>\n","protected":false},"excerpt":{"rendered":"<div class=\"mh-excerpt\"><p>Grande successo dal 20 al 26 marzo 2016 per la II Edizione di \u201cLa PrimaverART\u201c, la Rassegna d\u2019Arte contemporanea organizzata presso la Galleria d\u2019Arte Michelangelo\u00a0 <a class=\"mh-excerpt-more\" href=\"https:\/\/mediavoxmagazine.it\/?p=1480\" title=\"\u201cLa PrimaverART\u201d II Edizione della Rassegna d\u2019Arte contemporanea.\">[&#8230;]<\/a><\/p>\n<\/div>","protected":false},"author":6,"featured_media":1168,"comment_status":"closed","ping_status":"closed","sticky":false,"template":"","format":"standard","meta":{"footnotes":""},"categories":[199],"tags":[18,31,371,57],"class_list":["post-1480","post","type-post","status-publish","format-standard","has-post-thumbnail","hentry","category-largo-allarte","tag-arte","tag-cultura","tag-pittura","tag-rassegna"],"_links":{"self":[{"href":"https:\/\/mediavoxmagazine.it\/index.php?rest_route=\/wp\/v2\/posts\/1480","targetHints":{"allow":["GET"]}}],"collection":[{"href":"https:\/\/mediavoxmagazine.it\/index.php?rest_route=\/wp\/v2\/posts"}],"about":[{"href":"https:\/\/mediavoxmagazine.it\/index.php?rest_route=\/wp\/v2\/types\/post"}],"author":[{"embeddable":true,"href":"https:\/\/mediavoxmagazine.it\/index.php?rest_route=\/wp\/v2\/users\/6"}],"replies":[{"embeddable":true,"href":"https:\/\/mediavoxmagazine.it\/index.php?rest_route=%2Fwp%2Fv2%2Fcomments&post=1480"}],"version-history":[{"count":1,"href":"https:\/\/mediavoxmagazine.it\/index.php?rest_route=\/wp\/v2\/posts\/1480\/revisions"}],"predecessor-version":[{"id":1482,"href":"https:\/\/mediavoxmagazine.it\/index.php?rest_route=\/wp\/v2\/posts\/1480\/revisions\/1482"}],"wp:featuredmedia":[{"embeddable":true,"href":"https:\/\/mediavoxmagazine.it\/index.php?rest_route=\/wp\/v2\/media\/1168"}],"wp:attachment":[{"href":"https:\/\/mediavoxmagazine.it\/index.php?rest_route=%2Fwp%2Fv2%2Fmedia&parent=1480"}],"wp:term":[{"taxonomy":"category","embeddable":true,"href":"https:\/\/mediavoxmagazine.it\/index.php?rest_route=%2Fwp%2Fv2%2Fcategories&post=1480"},{"taxonomy":"post_tag","embeddable":true,"href":"https:\/\/mediavoxmagazine.it\/index.php?rest_route=%2Fwp%2Fv2%2Ftags&post=1480"}],"curies":[{"name":"wp","href":"https:\/\/api.w.org\/{rel}","templated":true}]}}