{"id":1492,"date":"2016-04-15T07:02:14","date_gmt":"2016-04-15T06:02:14","guid":{"rendered":"https:\/\/mediavoxmagazine.it\/?p=1492"},"modified":"2016-04-15T07:03:14","modified_gmt":"2016-04-15T06:03:14","slug":"la-primaverart-ii-edizione-della-rassegna-darte-contemporanea-16","status":"publish","type":"post","link":"https:\/\/mediavoxmagazine.it\/?p=1492","title":{"rendered":"\u201cLa PrimaverART\u201d II Edizione della Rassegna d\u2019Arte contemporanea."},"content":{"rendered":"<p>Grande successo dal 20 al 26 marzo 2016 per la II Edizione di \u201c<strong>La PrimaverART<\/strong>\u201c, la Rassegna d\u2019Arte contemporanea organizzata presso la <strong>Galleria d\u2019Arte Michelangelo<\/strong>\u00a0 di <strong>Alfonso Orza<\/strong> a Sarno (SA) dall\u2019Associazione culturale \u201cMediavox\u201d, in occasione della VIII Edizione di \u201c<strong>Arte&amp;Cioccolato<\/strong>\u201c.<\/p>\n<p>Conosciamo meglio gli Artisti che hanno esposto le loro opere\u2026<\/p>\n<p style=\"text-align: center;\"><span style=\"text-decoration: underline;\"><strong>INTERVISTA AD ANNA PELLEGRINO<\/strong><\/span><\/p>\n<p><strong>\u00a0<\/strong><\/p>\n<blockquote>\n<p style=\"text-align: right;\"><em><strong>ANNA PELLEGRINO<\/strong> \u00e8 nata a Sarno nel 1974.\u00a0 Fin da piccolissima sente la passione per l&#8217;arte e cerca di esprimerla in tutte le sue forme. Indirizzata da suo padre, si diploma all&#8217;Istituto Tecnico Commerciale. Si tratta di un mondo ben lontano dall&#8217;arte, ma nulla la distoglie dalla sua passione e cos\u00ec continua da autodidatta. Oltre alla passione per l&#8217;arte, forte \u00e8 anche il suo interesse per\u00a0 la musica; infatti ha studiato pianoforte.<\/em><\/p>\n<p style=\"text-align: right;\"><strong>\u00a0<\/strong><\/p>\n<\/blockquote>\n<p><strong>Che cosa significa per Lei fare arte oggi, dopo che tutto sembra esser stato sperimentato?<\/strong><\/p>\n<p><em>Per me fare arte \u00e8 potermi esprimere, ma soprattutto potermi rifugiare ed emozionare. Non ci sono n\u00e9 epoca n\u00e9 limiti; c&#8217;\u00e8 sempre qualcosa di nuovo da sperimentare. <\/em><\/p>\n<p><strong>Qual \u00e8 il ruolo dell&#8217;artista contemporaneo? Che messaggio deve dare con le sue opere?<\/strong><\/p>\n<p><em>In ogni epoca ci sono state e ci saranno difficolt\u00e0 e problematiche, perch\u00e9 parlare di ruolo? L&#8217;artista esprime ci\u00f2 che prova, quindi c&#8217;\u00e8 chi con le sue opere denuncia un disagio personale o sociale e chi invece \u00e8 capace di distogliere la mente da tutto ci\u00f2, trasmettendo leggerezza.<\/em><\/p>\n<p><strong>\u00a0<\/strong><\/p>\n<p><strong>Alcuni artisti sono restii a parlare delle proprie opere&#8230;Pensa sia utile che l&#8217;artista suggerisca delle interpretazioni a chi osserva la sua arte?<\/strong><\/p>\n<p><em>Non per forza l&#8217;artista ha il dovere di suggerire l&#8217;interpretazione della sua opera. Allo stesso tempo, per\u00f2, deve essere consapevole che non tutti potranno estrapolarne il vero significato, entrando nell&#8217;intimo dell&#8217;opera. Potrebbe essere utile, ma non \u00e8 necessario. <\/em><\/p>\n<p><strong>\u00a0<\/strong><\/p>\n<p><strong>La mostra si intitola PrimaverART in riferimento alla stagione primaverile, ma pu\u00f2 essere associata anche ad una primavera intesa come rinascita, emblema della capacit\u00e0 dell&#8217;arte di rinnovarsi continuamente. Che cosa significa per Lei la primavera nella vita e nell&#8217;arte?<\/strong><\/p>\n<p><em>L&#8217;arte che si rinnova costantemente pu\u00f2 essere associata alla stagione primaverile. Non bisogna mai arrendersi. Per me la primavera nella vita e nell&#8217;arte \u00e8 simbolo di speranza.<\/em><\/p>\n<p><strong>\u00a0<\/strong><\/p>\n<p><strong>Quale tecnica ha utilizzato per l&#8217;opera esposta e quale utilizza maggiormente? <\/strong><\/p>\n<p><em>Per l&#8217;opera esposta ho utilizzato la tecnica dell&#8217;olio su tela ed \u00e8 questa che uso maggiormente. <\/em><\/p>\n<p><strong>\u00a0<\/strong><\/p>\n<p><strong>Nelle esposizioni collettive spesso ci si fa un&#8217;idea dell&#8217;artista soltanto attraverso una o due opere. La scelta di che cosa mostrare \u00e8, dunque, importantissima. Lei come sceglie le opere da esporre?<\/strong><\/p>\n<p><em>Scelgo le opere da esporre in base a quello che mi emoziona e mi soddisfa in quel preciso momento.<\/em><\/p>\n<p><a href=\"https:\/\/mediavoxmagazine.it\/wp-content\/uploads\/2016\/04\/Pellegrino-Anna.jpg\" rel=\"attachment wp-att-1493\"><img loading=\"lazy\" decoding=\"async\" class=\"aligncenter wp-image-1493 size-full\" src=\"https:\/\/mediavoxmagazine.it\/wp-content\/uploads\/2016\/04\/Pellegrino-Anna.jpg\" alt=\"Pellegrino Anna\" width=\"358\" height=\"431\" srcset=\"https:\/\/mediavoxmagazine.it\/wp-content\/uploads\/2016\/04\/Pellegrino-Anna.jpg 358w, https:\/\/mediavoxmagazine.it\/wp-content\/uploads\/2016\/04\/Pellegrino-Anna-249x300.jpg 249w\" sizes=\"auto, (max-width: 358px) 100vw, 358px\" \/><\/a><\/p>\n<p><strong>\u00a0<\/strong><\/p>\n","protected":false},"excerpt":{"rendered":"<div class=\"mh-excerpt\"><p>Grande successo dal 20 al 26 marzo 2016 per la II Edizione di \u201cLa PrimaverART\u201c, la Rassegna d\u2019Arte contemporanea organizzata presso la Galleria d\u2019Arte Michelangelo\u00a0 <a class=\"mh-excerpt-more\" href=\"https:\/\/mediavoxmagazine.it\/?p=1492\" title=\"\u201cLa PrimaverART\u201d II Edizione della Rassegna d\u2019Arte contemporanea.\">[&#8230;]<\/a><\/p>\n<\/div>","protected":false},"author":6,"featured_media":1168,"comment_status":"closed","ping_status":"closed","sticky":false,"template":"","format":"standard","meta":{"footnotes":""},"categories":[199],"tags":[18,115,333,371,57,372],"class_list":["post-1492","post","type-post","status-publish","format-standard","has-post-thumbnail","hentry","category-largo-allarte","tag-arte","tag-fotografia","tag-la-primaverart","tag-pittura","tag-rassegna","tag-scultura"],"_links":{"self":[{"href":"https:\/\/mediavoxmagazine.it\/index.php?rest_route=\/wp\/v2\/posts\/1492","targetHints":{"allow":["GET"]}}],"collection":[{"href":"https:\/\/mediavoxmagazine.it\/index.php?rest_route=\/wp\/v2\/posts"}],"about":[{"href":"https:\/\/mediavoxmagazine.it\/index.php?rest_route=\/wp\/v2\/types\/post"}],"author":[{"embeddable":true,"href":"https:\/\/mediavoxmagazine.it\/index.php?rest_route=\/wp\/v2\/users\/6"}],"replies":[{"embeddable":true,"href":"https:\/\/mediavoxmagazine.it\/index.php?rest_route=%2Fwp%2Fv2%2Fcomments&post=1492"}],"version-history":[{"count":1,"href":"https:\/\/mediavoxmagazine.it\/index.php?rest_route=\/wp\/v2\/posts\/1492\/revisions"}],"predecessor-version":[{"id":1494,"href":"https:\/\/mediavoxmagazine.it\/index.php?rest_route=\/wp\/v2\/posts\/1492\/revisions\/1494"}],"wp:featuredmedia":[{"embeddable":true,"href":"https:\/\/mediavoxmagazine.it\/index.php?rest_route=\/wp\/v2\/media\/1168"}],"wp:attachment":[{"href":"https:\/\/mediavoxmagazine.it\/index.php?rest_route=%2Fwp%2Fv2%2Fmedia&parent=1492"}],"wp:term":[{"taxonomy":"category","embeddable":true,"href":"https:\/\/mediavoxmagazine.it\/index.php?rest_route=%2Fwp%2Fv2%2Fcategories&post=1492"},{"taxonomy":"post_tag","embeddable":true,"href":"https:\/\/mediavoxmagazine.it\/index.php?rest_route=%2Fwp%2Fv2%2Ftags&post=1492"}],"curies":[{"name":"wp","href":"https:\/\/api.w.org\/{rel}","templated":true}]}}