{"id":1509,"date":"2016-04-16T16:23:13","date_gmt":"2016-04-16T15:23:13","guid":{"rendered":"https:\/\/mediavoxmagazine.it\/?p=1509"},"modified":"2016-04-16T16:34:56","modified_gmt":"2016-04-16T15:34:56","slug":"la-primaverart-ii-edizione-della-rassegna-darte-contemporanea-17","status":"publish","type":"post","link":"https:\/\/mediavoxmagazine.it\/?p=1509","title":{"rendered":"\u201cLa PrimaverART\u201d II Edizione della Rassegna d\u2019Arte contemporanea."},"content":{"rendered":"<p>Grande successo dal 20 al 26 marzo 2016 per la II Edizione di \u201c<strong>La PrimaverART<\/strong>\u201c, la Rassegna d\u2019Arte contemporanea organizzata presso la <strong>Galleria d\u2019Arte Michelangelo<\/strong>\u00a0 di <strong>Alfonso Orza<\/strong> a Sarno (SA) dall\u2019Associazione culturale \u201cMediavox\u201d, in occasione della VIII Edizione di \u201c<strong>Arte&amp;Cioccolato<\/strong>\u201c.<\/p>\n<p>Conosciamo meglio gli Artisti che hanno esposto le loro opere\u2026<\/p>\n<p style=\"text-align: center;\"><span style=\"text-decoration: underline;\"><strong>INTERVISTA A VINCENZO PIATTO<\/strong><\/span><\/p>\n<p style=\"text-align: center;\"><span style=\"text-decoration: underline;\"><strong>\u00a0<\/strong><\/span><\/p>\n<blockquote>\n<p style=\"text-align: right;\"><em><strong>VINCENZO PIATTO<\/strong>, nato a Cimitile, ha iniziato a dipingere fin da piccolo. Ha frequentato poi il Liceo Artistico e l&#8217;Accademia di Belle Arti di Napoli. Attualmente insegna disegno e storia dell\u2019arte in una scuola media. Ha in attivo mostre e tanti premi. Hanno scritto di lui diversi giornali ed \u00e8 presente in svariati libri e cataloghi. Inoltre ha creato illustrazioni per le poesie di numerosi autori.<\/em><\/p>\n<p style=\"text-align: right;\"><em><strong>\u00a0<\/strong><\/em><\/p>\n<\/blockquote>\n<p><strong>Che cosa significa per Lei fare arte oggi, dopo che tutto sembra esser stato sperimentato?<\/strong><\/p>\n<p><em>Per me fare arte significa sperimentare amore, passione, insomma tutte le emozioni e le sensazioni che la vita pu\u00f2 donare. Essa, inoltre, \u00e8 un modo per donarsi agli altri.<\/em><\/p>\n<p><strong>\u00a0<\/strong><\/p>\n<p><strong>Qual \u00e8 il ruolo dell&#8217;artista contemporaneo? Che messaggio deve dare con le sue opere?<\/strong><\/p>\n<p><em>Oggi la situazione \u00e8 difficile, visto che vanno avanti gli artisti con pi\u00f9 soldi e amicizie politiche. Il suo ruolo, quindi, sarebbe improponibile, poich\u00e9\u00a0 oggi\u00a0 tutto si basa sul materialismo e sulla commercializzazione. Il messaggio dell&#8217;artista comunque dovrebbe essere di speranza e di avvertimento insieme, soprattutto guardando agli avvenimenti odierni. <\/em><\/p>\n<p><strong>\u00a0<\/strong><\/p>\n<p><strong>Alcuni artisti sono restii a parlare delle proprie opere&#8230;Pensa sia utile che l&#8217;artista suggerisca delle interpretazioni a chi osserva la sua arte?<\/strong><\/p>\n<p><em>Dipende dall\u2019osservatore. Se si vuole, si danno spiegazioni, altrimenti si \u00e8 liberi. Dipende anche\u00a0 dal genere di pittura che si fa.<\/em><\/p>\n<p><strong>\u00a0<\/strong><\/p>\n<p><strong>La mostra si intitola PrimaverART in riferimento alla stagione primaverile, ma pu\u00f2 essere associata anche ad una primavera intesa come rinascita, emblema della capacit\u00e0 dell&#8217;arte di rinnovarsi continuamente. Che cosa significa per Lei la primavera nella vita e nell&#8217;arte?<\/strong><\/p>\n<p><em>Significa desiderio di non essere un numero o un nome, di essere preso in considerazione, soprattutto nel mio paese che ormai da anni \u00e8 in coma. Significa vivere ed esser rispettato senza gelosie, invidie e cattiverie; dimostrare che l\u2019 umilt\u00e0 \u00e8 un dono di Dio e non una disgrazia. Vivere.<\/em><\/p>\n<p><strong>\u00a0<\/strong><\/p>\n<p><strong>Quale tecnica ha utilizzato per l&#8217;opera esposta e quale utilizza maggiormente?<\/strong><strong>\u00a0<\/strong><\/p>\n<p><em>Tecnica ad olio, che \u00e8 quella che utilizzo sempre, tranne nella sperimentazione in cui utilizzo varie tecniche, visto che sono docente di discipline pittoriche . <\/em><\/p>\n<p><strong>\u00a0<\/strong><\/p>\n<p><strong>Nelle esposizioni collettive spesso ci si fa un&#8217;idea dell&#8217;artista soltanto attraverso una o due opere. La scelta di che cosa mostrare \u00e8, dunque, importantissima. Lei come sceglie le opere da esporre?<\/strong><\/p>\n<p><em>Dipende dalla tematica affrontata. Se \u00e8 libera preferisco le recenti.<\/em><\/p>\n<p><img loading=\"lazy\" decoding=\"async\" class=\"aligncenter wp-image-1510 size-full\" src=\"https:\/\/mediavoxmagazine.it\/wp-content\/uploads\/2016\/04\/Piatto-Vincenzo.jpg\" alt=\"Piatto Vincenzo\" width=\"359\" height=\"484\" srcset=\"https:\/\/mediavoxmagazine.it\/wp-content\/uploads\/2016\/04\/Piatto-Vincenzo.jpg 359w, https:\/\/mediavoxmagazine.it\/wp-content\/uploads\/2016\/04\/Piatto-Vincenzo-223x300.jpg 223w\" sizes=\"auto, (max-width: 359px) 100vw, 359px\" \/><\/p>\n<p><strong>\u00a0<\/strong><\/p>\n","protected":false},"excerpt":{"rendered":"<div class=\"mh-excerpt\"><p>Grande successo dal 20 al 26 marzo 2016 per la II Edizione di \u201cLa PrimaverART\u201c, la Rassegna d\u2019Arte contemporanea organizzata presso la Galleria d\u2019Arte Michelangelo\u00a0 <a class=\"mh-excerpt-more\" href=\"https:\/\/mediavoxmagazine.it\/?p=1509\" title=\"\u201cLa PrimaverART\u201d II Edizione della Rassegna d\u2019Arte contemporanea.\">[&#8230;]<\/a><\/p>\n<\/div>","protected":false},"author":6,"featured_media":1168,"comment_status":"closed","ping_status":"closed","sticky":false,"template":"","format":"standard","meta":{"footnotes":""},"categories":[199],"tags":[18,55,333,57],"class_list":["post-1509","post","type-post","status-publish","format-standard","has-post-thumbnail","hentry","category-largo-allarte","tag-arte","tag-collettiva","tag-la-primaverart","tag-rassegna"],"_links":{"self":[{"href":"https:\/\/mediavoxmagazine.it\/index.php?rest_route=\/wp\/v2\/posts\/1509","targetHints":{"allow":["GET"]}}],"collection":[{"href":"https:\/\/mediavoxmagazine.it\/index.php?rest_route=\/wp\/v2\/posts"}],"about":[{"href":"https:\/\/mediavoxmagazine.it\/index.php?rest_route=\/wp\/v2\/types\/post"}],"author":[{"embeddable":true,"href":"https:\/\/mediavoxmagazine.it\/index.php?rest_route=\/wp\/v2\/users\/6"}],"replies":[{"embeddable":true,"href":"https:\/\/mediavoxmagazine.it\/index.php?rest_route=%2Fwp%2Fv2%2Fcomments&post=1509"}],"version-history":[{"count":1,"href":"https:\/\/mediavoxmagazine.it\/index.php?rest_route=\/wp\/v2\/posts\/1509\/revisions"}],"predecessor-version":[{"id":1511,"href":"https:\/\/mediavoxmagazine.it\/index.php?rest_route=\/wp\/v2\/posts\/1509\/revisions\/1511"}],"wp:featuredmedia":[{"embeddable":true,"href":"https:\/\/mediavoxmagazine.it\/index.php?rest_route=\/wp\/v2\/media\/1168"}],"wp:attachment":[{"href":"https:\/\/mediavoxmagazine.it\/index.php?rest_route=%2Fwp%2Fv2%2Fmedia&parent=1509"}],"wp:term":[{"taxonomy":"category","embeddable":true,"href":"https:\/\/mediavoxmagazine.it\/index.php?rest_route=%2Fwp%2Fv2%2Fcategories&post=1509"},{"taxonomy":"post_tag","embeddable":true,"href":"https:\/\/mediavoxmagazine.it\/index.php?rest_route=%2Fwp%2Fv2%2Ftags&post=1509"}],"curies":[{"name":"wp","href":"https:\/\/api.w.org\/{rel}","templated":true}]}}