{"id":1527,"date":"2016-04-17T18:27:33","date_gmt":"2016-04-17T17:27:33","guid":{"rendered":"https:\/\/mediavoxmagazine.it\/?p=1527"},"modified":"2016-04-18T12:58:42","modified_gmt":"2016-04-18T11:58:42","slug":"premio-albatros-2016-la-famiglia","status":"publish","type":"post","link":"https:\/\/mediavoxmagazine.it\/?p=1527","title":{"rendered":"Premio Albatros 2016: \u201cLa Famiglia \u201d"},"content":{"rendered":"<p>&nbsp;<\/p>\n<blockquote>\n<p style=\"text-align: right;\"><strong><em>Sabato 16 aprile 2016,<\/em><\/strong><em> <strong>Basilica di San Giovanni Maggiore\u00a0&#8211;<\/strong>\u00a0<strong>Napoli<\/strong> <\/em><\/p>\n<p style=\"text-align: right;\"><em><strong>Manifestazione finale del Premio Albatros<\/strong>: ospiti attesissimi ed una giuria d&#8217;eccezione<\/em><em>.<\/em><em>\u00a0<\/em><\/p>\n<\/blockquote>\n<p>&nbsp;<\/p>\n<p><a href=\"https:\/\/mediavoxmagazine.it\/wp-content\/uploads\/2016\/04\/12961555_10207920163993867_8232091005565266557_n.jpg\" rel=\"attachment wp-att-1529\"><img loading=\"lazy\" decoding=\"async\" class=\"alignleft wp-image-1529 size-medium\" src=\"https:\/\/mediavoxmagazine.it\/wp-content\/uploads\/2016\/04\/12961555_10207920163993867_8232091005565266557_n-210x300.jpg\" alt=\"12961555_10207920163993867_8232091005565266557_n\" width=\"210\" height=\"300\" srcset=\"https:\/\/mediavoxmagazine.it\/wp-content\/uploads\/2016\/04\/12961555_10207920163993867_8232091005565266557_n-210x300.jpg 210w, https:\/\/mediavoxmagazine.it\/wp-content\/uploads\/2016\/04\/12961555_10207920163993867_8232091005565266557_n.jpg 671w\" sizes=\"auto, (max-width: 210px) 100vw, 210px\" \/><\/a><\/p>\n<p>&nbsp;<\/p>\n<p>Quattordici candeline per un Premio atteso ed amato: successo e soddisfazione per la Manifestazione conclusiva del\u00a0<strong>Premio Albatros 2016 &#8211; Premio internazionale Poesia, Narrativa e Arte<\/strong>.\u00a0<a href=\"https:\/\/mediavoxmagazine.it\/wp-content\/uploads\/2016\/04\/IMG_4854.jpg\" rel=\"attachment wp-att-1536\"><img loading=\"lazy\" decoding=\"async\" class=\"size-medium wp-image-1536 alignright\" src=\"https:\/\/mediavoxmagazine.it\/wp-content\/uploads\/2016\/04\/IMG_4854-187x300.jpg\" alt=\"IMG_4854\" width=\"187\" height=\"300\" srcset=\"https:\/\/mediavoxmagazine.it\/wp-content\/uploads\/2016\/04\/IMG_4854-187x300.jpg 187w, https:\/\/mediavoxmagazine.it\/wp-content\/uploads\/2016\/04\/IMG_4854-768x1231.jpg 768w, https:\/\/mediavoxmagazine.it\/wp-content\/uploads\/2016\/04\/IMG_4854-639x1024.jpg 639w, https:\/\/mediavoxmagazine.it\/wp-content\/uploads\/2016\/04\/IMG_4854.jpg 900w\" sizes=\"auto, (max-width: 187px) 100vw, 187px\" \/><\/a><\/p>\n<p>Location ambitissima la<strong>\u00a0B<\/strong><b>asilica di San Giovanni Maggiore<\/b>, sita nel cuore antico\u00a0della meravigliosa Napoli. Il suo ingresso principale svetta\u00a0su Via Mezzocannone.<\/p>\n<p>L&#8217;Evento (organizzato dalla <strong>Albatros Edizioni<\/strong> e dall\u2019<strong>Istituto Europeo per la Diffusione della Cultura e dell\u2019Arte<\/strong>, in collaborazione con la <strong>Fondazione dell\u2019Ordine degli Ingegneri di Napoli <\/strong>&#8211;\u00a0Presidente Ing. <strong>Luigi Vinci<\/strong>) \u00e8 stato presentato dal bravissimo Direttore Artistico <strong>Adriano Fiore<\/strong> e da \u00a0<strong>Lia Cutino,<\/strong>\u00a0conduttrice, attrice e giornalista.\u00a0Presidente del Premio, l&#8217;eccezionale\u00a0<strong>Lucia de Cristofaro<\/strong>;<strong>\u00a0<\/strong>Presidente onorario, <strong>Margherita Dini-Ciacci<\/strong>, Presidente UNICEF Campania; Vice Presidente <strong>Yvonne Carbonaro;<\/strong>\u00a0Segretario, <strong>Maresa Galli<\/strong>.<\/p>\n<p><img loading=\"lazy\" decoding=\"async\" class=\"alignleft wp-image-1532 size-medium\" src=\"https:\/\/mediavoxmagazine.it\/wp-content\/uploads\/2016\/04\/IMG_4842-300x216.jpg\" alt=\"IMG_4842\" width=\"300\" height=\"216\" srcset=\"https:\/\/mediavoxmagazine.it\/wp-content\/uploads\/2016\/04\/IMG_4842-300x216.jpg 300w, https:\/\/mediavoxmagazine.it\/wp-content\/uploads\/2016\/04\/IMG_4842-768x554.jpg 768w, https:\/\/mediavoxmagazine.it\/wp-content\/uploads\/2016\/04\/IMG_4842-1024x738.jpg 1024w\" sizes=\"auto, (max-width: 300px) 100vw, 300px\" \/><br \/>\nNomi\u00a0di grande fama quelli insigniti del <strong>Premio Speciale Cultura<\/strong>\u00a0&#8211;\u00a0<strong>Albatros Edizioni<\/strong>;<img loading=\"lazy\" decoding=\"async\" class=\"alignright wp-image-1542 \" src=\"https:\/\/mediavoxmagazine.it\/wp-content\/uploads\/2016\/04\/IMG_0779-v5-150x150.jpg\" alt=\"IMG_0779 v5\" width=\"202\" height=\"202\" \/> i\u00a0nomi dei premiati sono stati scelti dai lettori di Albatros Magazine, italiani e stranieri, oltre che da una Giuria di esperti.\u00a0<strong>Jake Berry<\/strong>, produttore noto al grande pubblico per le sue collaborazioni con Rolling Stone, U2 e Metallica (Berry ha inviato un video-messaggio ed il suo Premio \u00e8 stato ritirato dal fotografo <strong>Cosimo<br \/>\nStassano<\/strong>); il giornalista e scrittore <strong>Magdi Cristiano Allam<\/strong> che da sempre \u00e8 protagonista del dibattito sull\u2019integrazione socio-culturale tra Oriente ed Occidente; il grande scrittore <strong>Maurizio De Giovanni<\/strong>; l\u2019icona della musica italiana, <strong>Peppino Di Capri<\/strong>; il celebre attore e YouTuber <strong>Guglielmo Scilla<\/strong>, reduce dal successo della fiction su Rai1 \u201cBaciato dal sole\u201d; l\u2019attore <strong>Arturo Sepe<\/strong>, prossimo protagonista della seguitissima serie tv di Sky \u201cGomorra\u201d; il Direttore del settimanale Gioia,\u00a0<strong>Maria Elena Viola<\/strong>; <img loading=\"lazy\" decoding=\"async\" class=\"alignright wp-image-1530 \" src=\"https:\/\/mediavoxmagazine.it\/wp-content\/uploads\/2016\/04\/IMG_0774-v2-150x150.jpg\" alt=\"IMG_0774 v2\" width=\"169\" height=\"169\" \/>Sua Eccellenza <strong>Giancarlo Maria Curcio<\/strong>, gi\u00e0 ambasciatore a Buenos <img loading=\"lazy\" decoding=\"async\" class=\"alignleft wp-image-1543 \" src=\"https:\/\/mediavoxmagazine.it\/wp-content\/uploads\/2016\/04\/IMG_0786-v3-150x150.jpg\" alt=\"IMG_0786 v3\" width=\"195\" height=\"195\" \/>Aires ed oggi segretario esecutivo del Sindacato Nazionale Dipendenti Ministero Affari Esteri; <strong>Gaetano <img loading=\"lazy\" decoding=\"async\" class=\"alignright wp-image-1531 size-thumbnail\" src=\"https:\/\/mediavoxmagazine.it\/wp-content\/uploads\/2016\/04\/IMG_0777-150x150.jpg\" alt=\"IMG_0777\" width=\"150\" height=\"150\" \/>Petrosino<\/strong>, ballerino, coreografo e ma\u00eetre de ballet presso l\u2019Arena di Verona; la giornalista televisiva <strong>Giusy Regalino<\/strong>; <strong>Domenico Falco<\/strong>, Presidente del Movimento Unitario Giornalisti e Vice-Presidente dell\u2019Ordine dei Giornalisti della Campania; il giornalista e membro del Consiglio Nazionale dell\u2019OdG <strong>Alessandro Savoia<\/strong>; la scrittrice e Direttrice della rivista bimestrale \u201cSilarus\u201d,<strong>\u00a0Lorenza Rocco Carbone<\/strong>;\u00a0il M\u00b0<strong>Ornella Di Benedetto<\/strong>, Direttrice del magnifico coro che\u00a0ha conclusa\u00a0la kermesse.<\/p>\n<p><a href=\"https:\/\/mediavoxmagazine.it\/wp-content\/uploads\/2016\/04\/IMG_4902.jpg\" rel=\"attachment wp-att-1544\"><img loading=\"lazy\" decoding=\"async\" class=\"wp-image-1544 alignleft\" src=\"https:\/\/mediavoxmagazine.it\/wp-content\/uploads\/2016\/04\/IMG_4902-300x169.jpg\" alt=\"IMG_4902\" width=\"144\" height=\"81\" srcset=\"https:\/\/mediavoxmagazine.it\/wp-content\/uploads\/2016\/04\/IMG_4902-300x169.jpg 300w, https:\/\/mediavoxmagazine.it\/wp-content\/uploads\/2016\/04\/IMG_4902-768x432.jpg 768w, https:\/\/mediavoxmagazine.it\/wp-content\/uploads\/2016\/04\/IMG_4902-1024x576.jpg 1024w, https:\/\/mediavoxmagazine.it\/wp-content\/uploads\/2016\/04\/IMG_4902-678x381.jpg 678w, https:\/\/mediavoxmagazine.it\/wp-content\/uploads\/2016\/04\/IMG_4902.jpg 1599w\" sizes=\"auto, (max-width: 144px) 100vw, 144px\" \/><\/a><\/p>\n<p><img loading=\"lazy\" decoding=\"async\" class=\"alignleft wp-image-1571 \" src=\"https:\/\/mediavoxmagazine.it\/wp-content\/uploads\/2016\/04\/al12-150x150.jpg\" alt=\"al12\" width=\"132\" height=\"132\" \/>Inoltre, sono stati consegnati\u00a0due riconoscimenti speciali:\u00a0il\u00a0<strong>Premio alla Carriera<\/strong> all\u2019artista <strong>Osvaldo Petricciuolo<\/strong>; il <strong>Premio Paese Ospite<\/strong> al\u00a0Console <strong>Carlo Iaccarino<\/strong>, in rappresentanza della Repubblica del Per\u00f9.<img loading=\"lazy\" decoding=\"async\" class=\"alignright wp-image-1572 size-thumbnail\" src=\"https:\/\/mediavoxmagazine.it\/wp-content\/uploads\/2016\/04\/IMG_0773-v1-150x150.jpg\" alt=\"IMG_0773 v1\" width=\"150\" height=\"150\" \/><\/p>\n<p>&nbsp;<\/p>\n<p><img loading=\"lazy\" decoding=\"async\" class=\"wp-image-1540 alignright\" src=\"https:\/\/mediavoxmagazine.it\/wp-content\/uploads\/2016\/04\/IMG_4861-300x196.jpg\" alt=\"IMG_4861\" width=\"170\" height=\"111\" srcset=\"https:\/\/mediavoxmagazine.it\/wp-content\/uploads\/2016\/04\/IMG_4861-300x196.jpg 300w, https:\/\/mediavoxmagazine.it\/wp-content\/uploads\/2016\/04\/IMG_4861-768x502.jpg 768w, https:\/\/mediavoxmagazine.it\/wp-content\/uploads\/2016\/04\/IMG_4861.jpg 951w\" sizes=\"auto, (max-width: 170px) 100vw, 170px\" \/><\/p>\n<p>&nbsp;<\/p>\n<p><img loading=\"lazy\" decoding=\"async\" class=\"size-medium wp-image-1535 alignleft\" src=\"https:\/\/mediavoxmagazine.it\/wp-content\/uploads\/2016\/04\/IMG_4853-300x282.jpg\" alt=\"IMG_4853\" width=\"300\" height=\"282\" srcset=\"https:\/\/mediavoxmagazine.it\/wp-content\/uploads\/2016\/04\/IMG_4853-300x282.jpg 300w, https:\/\/mediavoxmagazine.it\/wp-content\/uploads\/2016\/04\/IMG_4853-768x723.jpg 768w, https:\/\/mediavoxmagazine.it\/wp-content\/uploads\/2016\/04\/IMG_4853.jpg 956w\" sizes=\"auto, (max-width: 300px) 100vw, 300px\" \/><\/p>\n<p>Il Premio Albatros 2016 ha ricevuto\u00a0i\u00a0<strong>Patrocini del Ministero dei <\/strong><strong>Beni e delle Attivit\u00e0 Culturali e del Turismo<\/strong>, della <strong>Regione Campania<\/strong>, del <strong>Comune di\u00a0<\/strong><strong>Napoli<\/strong>, dell\u2019<strong>UNICEF Campania<\/strong>, della <img loading=\"lazy\" decoding=\"async\" class=\"wp-image-1539 alignright\" src=\"https:\/\/mediavoxmagazine.it\/wp-content\/uploads\/2016\/04\/IMG_4877-300x169.jpg\" alt=\"IMG_4877\" width=\"240\" height=\"135\" srcset=\"https:\/\/mediavoxmagazine.it\/wp-content\/uploads\/2016\/04\/IMG_4877-300x169.jpg 300w, https:\/\/mediavoxmagazine.it\/wp-content\/uploads\/2016\/04\/IMG_4877-768x432.jpg 768w, https:\/\/mediavoxmagazine.it\/wp-content\/uploads\/2016\/04\/IMG_4877-1024x576.jpg 1024w, https:\/\/mediavoxmagazine.it\/wp-content\/uploads\/2016\/04\/IMG_4877-678x381.jpg 678w, https:\/\/mediavoxmagazine.it\/wp-content\/uploads\/2016\/04\/IMG_4877.jpg 1600w\" sizes=\"auto, (max-width: 240px) 100vw, 240px\" \/><strong>Fondazione dell\u2019Ordine degli Ingegneri di Napoli<\/strong>, dell\u2019<strong>AICS \u2013 Associazione Italiana Cultura e Sport<\/strong>, dell\u2019<strong>Association de la Presse \u00e9trang\u00e8r<\/strong>, dell\u2019<strong>Associazione Radici<\/strong>, dell\u2019<strong>Associazione Giornalisti Valle del Sarno<\/strong>.<img loading=\"lazy\" decoding=\"async\" class=\"wp-image-1538 alignright\" src=\"https:\/\/mediavoxmagazine.it\/wp-content\/uploads\/2016\/04\/IMG_4896-300x169.jpg\" alt=\"IMG_4896\" width=\"243\" height=\"137\" srcset=\"https:\/\/mediavoxmagazine.it\/wp-content\/uploads\/2016\/04\/IMG_4896-300x169.jpg 300w, https:\/\/mediavoxmagazine.it\/wp-content\/uploads\/2016\/04\/IMG_4896-768x432.jpg 768w, https:\/\/mediavoxmagazine.it\/wp-content\/uploads\/2016\/04\/IMG_4896-1024x576.jpg 1024w, https:\/\/mediavoxmagazine.it\/wp-content\/uploads\/2016\/04\/IMG_4896-678x381.jpg 678w, https:\/\/mediavoxmagazine.it\/wp-content\/uploads\/2016\/04\/IMG_4896.jpg 1600w\" sizes=\"auto, (max-width: 243px) 100vw, 243px\" \/><\/p>\n<p>Tantissimi i <strong>partecipanti alle varie Sezione del Premio<\/strong>:\u00a0poeti, artisti, scrittori, tutti di grande sensibilit\u00e0 e talento, aspettano ormai l&#8217;appuntamento con il Premio Albatros che \u00e8, ormai, anche un vero e proprio momento di incontro\u00a0per\u00a0confrontarsi e dialogare, condividendo passioni ed interessi.\u00a0Presenti in Basilica tutti i <strong>Finalisti<\/strong>: i <strong>Vincitori<\/strong> hanno scoperto, in diretta, di aver conquistato il Premio.<\/p>\n<p>&nbsp;<\/p>\n<blockquote>\n<p style=\"text-align: center;\"><span style=\"text-decoration: underline;\"><strong>INTERVISTANDO. . .<\/strong><\/span><\/p>\n<p style=\"text-align: right;\"><strong>Peppino Di Capri <\/strong>ha fatto innamorare generazioni di romantici.<img loading=\"lazy\" decoding=\"async\" class=\"size-medium wp-image-1545 alignright\" src=\"https:\/\/mediavoxmagazine.it\/wp-content\/uploads\/2016\/04\/IMG_0779-v4-221x300.jpg\" alt=\"IMG_0779 v4\" width=\"221\" height=\"300\" srcset=\"https:\/\/mediavoxmagazine.it\/wp-content\/uploads\/2016\/04\/IMG_0779-v4-221x300.jpg 221w, https:\/\/mediavoxmagazine.it\/wp-content\/uploads\/2016\/04\/IMG_0779-v4-768x1044.jpg 768w, https:\/\/mediavoxmagazine.it\/wp-content\/uploads\/2016\/04\/IMG_0779-v4-753x1024.jpg 753w, https:\/\/mediavoxmagazine.it\/wp-content\/uploads\/2016\/04\/IMG_0779-v4.jpg 1189w\" sizes=\"auto, (max-width: 221px) 100vw, 221px\" \/><\/p>\n<p style=\"text-align: right;\">Le sue canzoni sono il Manifesto dell&#8217;Amore. L&#8217;Amore senza tempo che fa sognare e<br \/>\nancora sperare, gioire ma anche\u00a0soffrire. &#8220;<em>Nessuno al mondo<\/em>&#8221; come lui, emblema di una napoletanit\u00e0 che \u00e8 eccellenza, anche senza &#8220;<em>Champagne<\/em>&#8221; riesce a creare un&#8217;atmosfera da sogno che fa\u00a0desiderare esclusivamente &#8220;<i>Un grande amore e niente pi\u00f9&#8221;.<\/i><\/p>\n<p style=\"text-align: right;\">Contento per il Premio, ha affermato:<br \/>\n&#8220;<em>Ricevere questo Premio in una location eccezionale, in cui si respira Storia, Cultura e Arte, \u00a0ed essere stato scelto dai prestigiosi Lettori di Albatros mi rende davvero felice ed orgoglioso<\/em><em>. Grazie a tutti quelli che mi seguono\u00a0con tanto affetto perch\u00e8 riescono a farmi sentire sempre il calore della loro stima.&#8221;<\/em><\/p>\n<p style=\"text-align: right;\"><em>\u00a0<\/em><\/p>\n<p style=\"text-align: left;\"><strong><a href=\"https:\/\/mediavoxmagazine.it\/wp-content\/uploads\/2016\/04\/al11.jpg\" rel=\"attachment wp-att-1546\"><img loading=\"lazy\" decoding=\"async\" class=\"size-medium wp-image-1546 alignleft\" src=\"https:\/\/mediavoxmagazine.it\/wp-content\/uploads\/2016\/04\/al11-248x300.jpg\" alt=\"al11\" width=\"248\" height=\"300\" srcset=\"https:\/\/mediavoxmagazine.it\/wp-content\/uploads\/2016\/04\/al11-248x300.jpg 248w, https:\/\/mediavoxmagazine.it\/wp-content\/uploads\/2016\/04\/al11.jpg 638w\" sizes=\"auto, (max-width: 248px) 100vw, 248px\" \/><\/a><\/strong><\/p>\n<p style=\"text-align: left;\"><strong>Guglielmo Scilla<\/strong>\u00a0\u00e8 un giovane e talentuoso\u00a0conduttore radiofonico, attore, scrittore e video blogger italiano. Sulla rete,\u00a0il suo\u00a0canale YouTube\u00a0&#8220;Willwoosh&#8221; \u00e8 ormai luogo di culto per uno stuolo di fans affezionatissimi. E se prima il target dei suoi estimatori era decisamente giovane, da quando \u00e8 entrato a far parte del Cast della\u00a0fiction Rai &#8220;Baciato dal sole&#8221; ha letteralmente conquistato anche una folta platea meno &#8220;social&#8221;. Molto simpatico, disponibile e cordiale, non si annoia mai: firma autografi, anche all&#8217;interno delle cover dei cellulari, scatta foto e ascolta con grande interesse.<\/p>\n<p style=\"text-align: left;\">Ci ha confidato:\u00a0<span style=\"line-height: 1.5;\">&#8220;<\/span><em style=\"line-height: 1.5;\">Passare dal Web, alla Radio alla Tv, al mondo dell&#8217;Editoria \u00e8 molto stimolante ma \u00e8 anche una gran bella responsabilit\u00e0 perch\u00e8 devi saper cambiare linguaggio ma riuscire a dire le stesse cose ad un pubblico attento che ti segue. Io ho\u00a0il privilegio, soprattutto attraverso i Social Networks, di parlare con moltissimi\u00a0Giovani e spesso riesco anche a palpare la solitudine di tanti che si aprono con me e mi confidano in privato, raccontandosi, le proprie paure e speranze. Il lato pi\u00f9 bello dei canali di comunicazione social \u00e8 proprio riuscire ad entrare in contatto con i singoli\u00a0ed essere se stessi con la massima sincerit\u00e0 ed umilt\u00e0.<\/em><span style=\"line-height: 1.5;\">&#8220;<\/span><\/p>\n<p style=\"text-align: right;\"><strong>Arturo Sepe<\/strong>\u00a0interpreta una dei nuovi personaggi di &#8220;Gomorra 2 &#8211; La serie&#8221;.<img loading=\"lazy\" decoding=\"async\" class=\"size-medium wp-image-1547 alignright\" src=\"https:\/\/mediavoxmagazine.it\/wp-content\/uploads\/2016\/04\/IMG_0784-v-1-300x227.jpg\" alt=\"IMG_0784 v 1\" width=\"300\" height=\"227\" srcset=\"https:\/\/mediavoxmagazine.it\/wp-content\/uploads\/2016\/04\/IMG_0784-v-1-300x227.jpg 300w, https:\/\/mediavoxmagazine.it\/wp-content\/uploads\/2016\/04\/IMG_0784-v-1-768x580.jpg 768w, https:\/\/mediavoxmagazine.it\/wp-content\/uploads\/2016\/04\/IMG_0784-v-1-1024x773.jpg 1024w, https:\/\/mediavoxmagazine.it\/wp-content\/uploads\/2016\/04\/IMG_0784-v-1-80x60.jpg 80w\" sizes=\"auto, (max-width: 300px) 100vw, 300px\" \/><br \/>\nArtista tanto\u00a0apprezzato nel settore cinematografico e teatrale italiano, vanta partecipazioni a note produzioni italiane soprattutto sul piccolo schermo. Molto amato dal pubblico, \u00e8 estremamente cordiale; parlare con lui \u00e8 interessante.<strong><br \/>\n<\/strong><\/p>\n<p style=\"text-align: right;\">Ci ha raccontato: &#8220;<em>Tra poco andranno in onda le nuove puntate della serie &#8216;Gomorra&#8217;. Non posso anticipare proprio nulla purtroppo; posso, per\u00f2, assicurarvi che \u00e8 stato un anno durissimo tra prove ed\u00a0esercitazioni ma anche un anno bellissimo, ricco di grandi soddisfazioni. Spero che la mia interpretazione vi piaccia.&#8221;<\/em><\/p>\n<p style=\"text-align: right;\">\n<\/blockquote>\n<p style=\"text-align: left;\"><em><strong>Tutte le foto sono state scattate da Ledy Napule e da Lorenzo Ruggiero<\/strong>. Ecco un collage&#8230;<\/em><\/p>\n<p style=\"text-align: center;\"><img loading=\"lazy\" decoding=\"async\" class=\"wp-image-1548 size-full aligncenter\" src=\"https:\/\/mediavoxmagazine.it\/wp-content\/uploads\/2016\/04\/premio-albatros-2016-a.jpg\" alt=\"premio albatros 2016 a\" width=\"3621\" height=\"5120\" srcset=\"https:\/\/mediavoxmagazine.it\/wp-content\/uploads\/2016\/04\/premio-albatros-2016-a.jpg 3621w, https:\/\/mediavoxmagazine.it\/wp-content\/uploads\/2016\/04\/premio-albatros-2016-a-212x300.jpg 212w, https:\/\/mediavoxmagazine.it\/wp-content\/uploads\/2016\/04\/premio-albatros-2016-a-768x1086.jpg 768w, https:\/\/mediavoxmagazine.it\/wp-content\/uploads\/2016\/04\/premio-albatros-2016-a-724x1024.jpg 724w\" sizes=\"auto, (max-width: 3621px) 100vw, 3621px\" \/><\/p>\n","protected":false},"excerpt":{"rendered":"<div class=\"mh-excerpt\"><p>&nbsp; Sabato 16 aprile 2016, Basilica di San Giovanni Maggiore\u00a0&#8211;\u00a0Napoli Manifestazione finale del Premio Albatros: ospiti attesissimi ed una giuria d&#8217;eccezione.\u00a0 &nbsp; &nbsp; Quattordici candeline <a class=\"mh-excerpt-more\" href=\"https:\/\/mediavoxmagazine.it\/?p=1527\" title=\"Premio Albatros 2016: \u201cLa Famiglia \u201d\">[&#8230;]<\/a><\/p>\n<\/div>","protected":false},"author":3,"featured_media":1528,"comment_status":"closed","ping_status":"closed","sticky":false,"template":"","format":"standard","meta":{"footnotes":""},"categories":[11],"tags":[18,38,29,437,436,41,327],"class_list":["post-1527","post","type-post","status-publish","format-standard","has-post-thumbnail","hentry","category-eventi","tag-arte","tag-letteratura","tag-lettura","tag-narrativa","tag-ospiti","tag-poesia","tag-premio"],"_links":{"self":[{"href":"https:\/\/mediavoxmagazine.it\/index.php?rest_route=\/wp\/v2\/posts\/1527","targetHints":{"allow":["GET"]}}],"collection":[{"href":"https:\/\/mediavoxmagazine.it\/index.php?rest_route=\/wp\/v2\/posts"}],"about":[{"href":"https:\/\/mediavoxmagazine.it\/index.php?rest_route=\/wp\/v2\/types\/post"}],"author":[{"embeddable":true,"href":"https:\/\/mediavoxmagazine.it\/index.php?rest_route=\/wp\/v2\/users\/3"}],"replies":[{"embeddable":true,"href":"https:\/\/mediavoxmagazine.it\/index.php?rest_route=%2Fwp%2Fv2%2Fcomments&post=1527"}],"version-history":[{"count":21,"href":"https:\/\/mediavoxmagazine.it\/index.php?rest_route=\/wp\/v2\/posts\/1527\/revisions"}],"predecessor-version":[{"id":1573,"href":"https:\/\/mediavoxmagazine.it\/index.php?rest_route=\/wp\/v2\/posts\/1527\/revisions\/1573"}],"wp:featuredmedia":[{"embeddable":true,"href":"https:\/\/mediavoxmagazine.it\/index.php?rest_route=\/wp\/v2\/media\/1528"}],"wp:attachment":[{"href":"https:\/\/mediavoxmagazine.it\/index.php?rest_route=%2Fwp%2Fv2%2Fmedia&parent=1527"}],"wp:term":[{"taxonomy":"category","embeddable":true,"href":"https:\/\/mediavoxmagazine.it\/index.php?rest_route=%2Fwp%2Fv2%2Fcategories&post=1527"},{"taxonomy":"post_tag","embeddable":true,"href":"https:\/\/mediavoxmagazine.it\/index.php?rest_route=%2Fwp%2Fv2%2Ftags&post=1527"}],"curies":[{"name":"wp","href":"https:\/\/api.w.org\/{rel}","templated":true}]}}