{"id":1574,"date":"2016-04-19T07:13:52","date_gmt":"2016-04-19T06:13:52","guid":{"rendered":"https:\/\/mediavoxmagazine.it\/?p=1574"},"modified":"2016-04-19T07:14:34","modified_gmt":"2016-04-19T06:14:34","slug":"la-primaverart-ii-edizione-della-rassegna-darte-contemporanea-19","status":"publish","type":"post","link":"https:\/\/mediavoxmagazine.it\/?p=1574","title":{"rendered":"\u201cLa PrimaverART\u201d II Edizione della Rassegna d\u2019Arte contemporanea."},"content":{"rendered":"<p>Grande successo dal 20 al 26 marzo 2016 per la II Edizione di \u201c<strong>La PrimaverART<\/strong>\u201c, la Rassegna d\u2019Arte contemporanea organizzata presso la <strong>Galleria d\u2019Arte Michelangelo<\/strong>\u00a0 di <strong>Alfonso Orza<\/strong> a Sarno (SA) dall\u2019Associazione culturale \u201cMediavox\u201d, in occasione della VIII Edizione di \u201c<strong>Arte&amp;Cioccolato<\/strong>\u201c.<\/p>\n<p>Conosciamo meglio gli Artisti che hanno esposto le loro opere\u2026<\/p>\n<p style=\"text-align: center;\"><span style=\"text-decoration: underline;\"><strong>INTERVISTA A SILVIA REA<\/strong><\/span><\/p>\n<blockquote>\n<p style=\"text-align: right;\"><strong><em>SILVIA REA<\/em><\/strong><em>. Singolare e sorprendente, breve e intenso si potrebbe definire l\u2019atipico percorso artistico di Silvia Rea. Da sempre appassionata di disegno, solo dal 2004 si dedica alla pittura a tempo pieno, frequentando diversi corsi di pittura, approfondendo lo studio del disegno dal vero, dell\u2019anatomia e delle tecniche pittoriche tradizionali. Ha svolto per pi\u00f9 di dodici anni un lavoro intenso che le ha permesso di sperimentare e sviluppare le sue capacit\u00e0 espressive. Ha partecipato a numerose mostre, in Italia e in Francia, vincendo numerosi premi.<\/em><\/p>\n<p style=\"text-align: right;\">\n<\/blockquote>\n<p><strong>\u00a0<\/strong><\/p>\n<p><strong>Che cosa significa per Lei fare arte oggi, dopo che tutto sembra esser stato <\/strong><strong>sperimentato?<\/strong><\/p>\n<p><em>Confesso che non mi interrogo tanto sul significato di ci\u00f2 che faccio. Dipingere per me \u00e8 una pulsione irresistibile e introspettiva, che mi spinge a rappresentare il mio mondo emozionale.<\/em><\/p>\n<p><strong>Qual \u00e8 il ruolo dell&#8217;artista contemporaneo? Che messaggio deve dare con le sue opere?<\/strong><\/p>\n<p><em>L&#8217;artista in ogni epoca deve essere impregnato, come una spugna, della realt\u00e0 in cui vive e deve metterne a nudo le contraddizioni o interpretarne le paure, le aspirazioni, le fughe o le frustrazioni, metabolizzando il tutto attraverso il proprio &#8220;crogiuolo&#8221; emotivo ed espressivo.<\/em><\/p>\n<p><strong>Alcuni artisti sono restii a parlare delle proprie opere&#8230;Pensa sia utile che l&#8217;artista suggerisca delle interpretazioni a chi osserva la sua arte?<\/strong><\/p>\n<p><em>A volte mi piace raccontare cosa rappresenta per me un certo lavoro. Ma mi piace anche vedere cosa la gente legge nelle mie opere.<\/em><\/p>\n<p><strong>La mostra si intitola PrimaverART in riferimento alla stagione primaverile, ma pu\u00f2 essere associata anche ad una primavera intesa come rinascita, emblema della capacit\u00e0 dell&#8217;arte di rinnovarsi continuamente. Che cosa significa per Lei la primavera nella vita e nell&#8217;arte?<\/strong><\/p>\n<p><em>Un vento leggero spesso \u00e8 protagonista dei miei lavori, un vento che muove le stoffe in danze sensuali, un vento che costruisce forme fantastiche in un cielo terso, cielo del Sud! E la primavera, quando tutta la vita rinasce, \u00e8 in armonia con le mie costruzioni fantastiche.<\/em><strong><br \/>\n<\/strong><\/p>\n<p><strong>Quale tecnica ha utilizzato per l&#8217;opera esposta e quale utilizza maggiormente? <\/strong><\/p>\n<p><em>L&#8217;opera esposta \u00e8 realizzata ad olio su tela, che \u00e8 \u00e8 anche la tecnica che preferisco, per la sua malleabilit\u00e0 e perch\u00e9 mi permette di trasformare il mio mondo fantastico in immagini senza darmi fretta, lasciandomi tutto il tempo per raggiungere ci\u00f2 che cerco.<\/em><strong><em><br \/>\nA<\/em><\/strong><em>mo anche l&#8217;acquerello, per la ragione esattamente contraria, e cio\u00e8 per la sua totale immediatezza e impossibilit\u00e0 di ogni ripensamento!!<\/em><\/p>\n<p><strong>Nelle esposizioni collettive spesso ci si fa un&#8217;idea dell&#8217;artista soltanto attraverso una o due opere. La scelta di che cosa mostrare \u00e8, dunque, importantissima. Lei come sceglie le opere da esporre?<\/strong><strong>\u00a0<\/strong><\/p>\n<p><em>Spesso c&#8217;\u00e8 un tema nelle mostre e quindi scelgo un lavoro che \u00e8 coerente con il tema, ma devo anche sentire che mi rappresenta. A volte realizzo un&#8217;opera per quel tema, ma solo se incontra le mie corde emotive e se ho tempo sufficiente.<\/em><strong><\/p>\n<p><\/strong><\/p>\n<p><img loading=\"lazy\" decoding=\"async\" class=\"aligncenter wp-image-1575 size-full\" src=\"https:\/\/mediavoxmagazine.it\/wp-content\/uploads\/2016\/04\/Rea-Silvia.jpg\" alt=\"Rea Silvia\" width=\"618\" height=\"960\" srcset=\"https:\/\/mediavoxmagazine.it\/wp-content\/uploads\/2016\/04\/Rea-Silvia.jpg 618w, https:\/\/mediavoxmagazine.it\/wp-content\/uploads\/2016\/04\/Rea-Silvia-193x300.jpg 193w\" sizes=\"auto, (max-width: 618px) 100vw, 618px\" \/><\/p>\n","protected":false},"excerpt":{"rendered":"<div class=\"mh-excerpt\"><p>Grande successo dal 20 al 26 marzo 2016 per la II Edizione di \u201cLa PrimaverART\u201c, la Rassegna d\u2019Arte contemporanea organizzata presso la Galleria d\u2019Arte Michelangelo\u00a0 <a class=\"mh-excerpt-more\" href=\"https:\/\/mediavoxmagazine.it\/?p=1574\" title=\"\u201cLa PrimaverART\u201d II Edizione della Rassegna d\u2019Arte contemporanea.\">[&#8230;]<\/a><\/p>\n<\/div>","protected":false},"author":6,"featured_media":1168,"comment_status":"closed","ping_status":"closed","sticky":false,"template":"","format":"standard","meta":{"footnotes":""},"categories":[199],"tags":[18,55,333,371],"class_list":["post-1574","post","type-post","status-publish","format-standard","has-post-thumbnail","hentry","category-largo-allarte","tag-arte","tag-collettiva","tag-la-primaverart","tag-pittura"],"_links":{"self":[{"href":"https:\/\/mediavoxmagazine.it\/index.php?rest_route=\/wp\/v2\/posts\/1574","targetHints":{"allow":["GET"]}}],"collection":[{"href":"https:\/\/mediavoxmagazine.it\/index.php?rest_route=\/wp\/v2\/posts"}],"about":[{"href":"https:\/\/mediavoxmagazine.it\/index.php?rest_route=\/wp\/v2\/types\/post"}],"author":[{"embeddable":true,"href":"https:\/\/mediavoxmagazine.it\/index.php?rest_route=\/wp\/v2\/users\/6"}],"replies":[{"embeddable":true,"href":"https:\/\/mediavoxmagazine.it\/index.php?rest_route=%2Fwp%2Fv2%2Fcomments&post=1574"}],"version-history":[{"count":1,"href":"https:\/\/mediavoxmagazine.it\/index.php?rest_route=\/wp\/v2\/posts\/1574\/revisions"}],"predecessor-version":[{"id":1576,"href":"https:\/\/mediavoxmagazine.it\/index.php?rest_route=\/wp\/v2\/posts\/1574\/revisions\/1576"}],"wp:featuredmedia":[{"embeddable":true,"href":"https:\/\/mediavoxmagazine.it\/index.php?rest_route=\/wp\/v2\/media\/1168"}],"wp:attachment":[{"href":"https:\/\/mediavoxmagazine.it\/index.php?rest_route=%2Fwp%2Fv2%2Fmedia&parent=1574"}],"wp:term":[{"taxonomy":"category","embeddable":true,"href":"https:\/\/mediavoxmagazine.it\/index.php?rest_route=%2Fwp%2Fv2%2Fcategories&post=1574"},{"taxonomy":"post_tag","embeddable":true,"href":"https:\/\/mediavoxmagazine.it\/index.php?rest_route=%2Fwp%2Fv2%2Ftags&post=1574"}],"curies":[{"name":"wp","href":"https:\/\/api.w.org\/{rel}","templated":true}]}}