{"id":1592,"date":"2016-04-20T06:56:50","date_gmt":"2016-04-20T05:56:50","guid":{"rendered":"https:\/\/mediavoxmagazine.it\/?p=1592"},"modified":"2016-04-20T06:57:06","modified_gmt":"2016-04-20T05:57:06","slug":"la-primaverart-ii-edizione-della-rassegna-darte-contemporanea-20","status":"publish","type":"post","link":"https:\/\/mediavoxmagazine.it\/?p=1592","title":{"rendered":"\u201cLa PrimaverART\u201d II Edizione della Rassegna d\u2019Arte contemporanea."},"content":{"rendered":"<p>Grande successo dal 20 al 26 marzo 2016 per la II Edizione di \u201c<strong>La PrimaverART<\/strong>\u201c, la Rassegna d\u2019Arte contemporanea organizzata presso la <strong>Galleria d\u2019Arte Michelangelo<\/strong>\u00a0 di <strong>Alfonso Orza<\/strong> a Sarno (SA) dall\u2019Associazione culturale \u201cMediavox\u201d, in occasione della VIII Edizione di \u201c<strong>Arte&amp;Cioccolato<\/strong>\u201c.<\/p>\n<p>Conosciamo meglio gli Artisti che hanno esposto le loro opere\u2026<\/p>\n<p style=\"text-align: center;\"><span style=\"text-decoration: underline;\"><strong>INTERVISTA A LUCIANO ROMUALDO<\/strong><\/span><\/p>\n<p><strong>\u00a0<\/strong><\/p>\n<blockquote>\n<p style=\"text-align: right;\"><em><strong>LUCIANO ROMUALDO<\/strong> \u00e8 nato a Napoli nel 1942. Comincia ad interessarsi di pittura, scultura e fotografia sin da ragazzo. Nel 1977 esordisce sulla scena espositiva.<strong><br \/>\n<\/strong>Collabora con alcuni grandi artisti italiani (Renato Barisani, Carmine Di Ruggiero, Gianni De Tora, Riccardo Dalisi, ecc.) alla realizzazione delle loro opere, talvolta di notevole impegno, in uno scambio di esperienze tecniche e culturali di rilevante importanza. <strong><br \/>\n<\/strong>La sua attivit\u00e0 si esplica nei pi\u00f9 diversi campi: pittura, mosaico, vetrata, vetrofusione, smaltografia, ceramica raku.<\/em><\/p>\n<\/blockquote>\n<p>&nbsp;<\/p>\n<p><strong>\u00a0<\/strong><\/p>\n<p><strong>Che cosa significa per Lei fare arte oggi, dopo che tutto sembra esser stato sperimentato?<\/strong><\/p>\n<p><em>L\u2019arte \u00e8 un\u2019attivit\u00e0 umana di cui non si pu\u00f2 prevedere la fine in base alla sola sperimentazione, tecnica o quale che sia, n\u00e9 mai si pu\u00f2 sostenere che anche la sperimentazione sia oggi conclusa. Nel mio caso ho compiuto una nuova sperimentazione per quel che riguarda la scultura mosaicata.<\/em><\/p>\n<p><strong>Qual \u00e8 il ruolo dell&#8217;artista contemporaneo? Che messaggio deve dare con le sue opere?<\/strong><\/p>\n<p><em>L\u2019artista contemporaneo non sente di avere un ruolo; egli non invia messaggi, avendo realizzato un\u2019opera. Con la sua sensibilit\u00e0 ne produce inconsapevolmente uno. <\/em><\/p>\n<p><strong>Alcuni artisti sono restii a parlare delle proprie opere&#8230;Pensa sia utile che l&#8217;artista suggerisca delle interpretazioni a chi osserva la sua arte?<\/strong><\/p>\n<p><em>Ogni opera d\u2019arte \u00e8 unica. La sua origine sta in una profondit\u00e0 unica, quella dell\u2019artista o forse della realt\u00e0 pi\u00f9 ampia possibile; l\u2019arte si sviluppa lungo un processo formativo fino a rivelarsi in un\u2019opera, un evento la cui significanza varia secondo il fruitore-spettatore. <\/em><strong>\u00a0<\/strong><\/p>\n<p><strong>La mostra si intitola PrimaverART in riferimento alla stagione primaverile, ma pu\u00f2 essere associata anche ad una primavera intesa come rinascita, emblema della capacit\u00e0 dell&#8217;arte di rinnovarsi continuamente. Che cosa significa per Lei la primavera nella vita e nell&#8217;arte?<\/strong><strong>\u00a0<\/strong><\/p>\n<p><em>La primavera \u00e8 la stagione della rinascita della natura e dell\u2019uomo, che della natura \u00e8 parte; e l\u2019arte \u00e8 anch\u2019essa primavera, \u00e8 rinascita, ripresentazione di un simbolo, di un\u2019emozione, di un\u2019idea tecnicamente incarnata in una forma inedita. <\/em><\/p>\n<p><strong>Quale tecnica ha utilizzato per l&#8217;opera esposta e quale utilizza maggiormente? <\/strong><\/p>\n<p><em>Per l\u2019opera inviata ho utilizzato il mosaico di smalti di Venezia con una tecnica innovativa: quella delle tarsie a rilievo in vetro-fusione inventata e utilizzata unicamente da me. Solitamente utilizzo sia mosaico che vetro-fusione. <\/em><strong>\u00a0<\/strong><\/p>\n<p><strong>Nelle esposizioni collettive spesso ci si fa un&#8217;idea dell&#8217;artista soltanto attraverso una o due opere. La scelta di che cosa mostrare \u00e8, dunque, importantissima. Lei come sceglie le opere da esporre?<\/strong><strong>\u00a0<\/strong><\/p>\n<p><em>Cerco di ricordare le opere che ho realizzato e magari rivederle e, se scopro che una o pi\u00f9 opere corrispondono al tema proposto dalla mostra, immagino che sia la mostra ad invitarmi e perci\u00f2 partecipo.<\/em><\/p>\n<p><img loading=\"lazy\" decoding=\"async\" class=\"aligncenter wp-image-1593 size-full\" src=\"https:\/\/mediavoxmagazine.it\/wp-content\/uploads\/2016\/04\/Romualdo-Luciano-1.jpg\" alt=\"Romualdo Luciano (1)\" width=\"1073\" height=\"992\" srcset=\"https:\/\/mediavoxmagazine.it\/wp-content\/uploads\/2016\/04\/Romualdo-Luciano-1.jpg 1073w, https:\/\/mediavoxmagazine.it\/wp-content\/uploads\/2016\/04\/Romualdo-Luciano-1-300x277.jpg 300w, https:\/\/mediavoxmagazine.it\/wp-content\/uploads\/2016\/04\/Romualdo-Luciano-1-768x710.jpg 768w, https:\/\/mediavoxmagazine.it\/wp-content\/uploads\/2016\/04\/Romualdo-Luciano-1-1024x947.jpg 1024w\" sizes=\"auto, (max-width: 1073px) 100vw, 1073px\" \/><\/p>\n<p>&nbsp;<\/p>\n","protected":false},"excerpt":{"rendered":"<div class=\"mh-excerpt\"><p>Grande successo dal 20 al 26 marzo 2016 per la II Edizione di \u201cLa PrimaverART\u201c, la Rassegna d\u2019Arte contemporanea organizzata presso la Galleria d\u2019Arte Michelangelo\u00a0 <a class=\"mh-excerpt-more\" href=\"https:\/\/mediavoxmagazine.it\/?p=1592\" title=\"\u201cLa PrimaverART\u201d II Edizione della Rassegna d\u2019Arte contemporanea.\">[&#8230;]<\/a><\/p>\n<\/div>","protected":false},"author":6,"featured_media":1168,"comment_status":"closed","ping_status":"closed","sticky":false,"template":"","format":"standard","meta":{"footnotes":""},"categories":[199],"tags":[18,55,333,57],"class_list":["post-1592","post","type-post","status-publish","format-standard","has-post-thumbnail","hentry","category-largo-allarte","tag-arte","tag-collettiva","tag-la-primaverart","tag-rassegna"],"_links":{"self":[{"href":"https:\/\/mediavoxmagazine.it\/index.php?rest_route=\/wp\/v2\/posts\/1592","targetHints":{"allow":["GET"]}}],"collection":[{"href":"https:\/\/mediavoxmagazine.it\/index.php?rest_route=\/wp\/v2\/posts"}],"about":[{"href":"https:\/\/mediavoxmagazine.it\/index.php?rest_route=\/wp\/v2\/types\/post"}],"author":[{"embeddable":true,"href":"https:\/\/mediavoxmagazine.it\/index.php?rest_route=\/wp\/v2\/users\/6"}],"replies":[{"embeddable":true,"href":"https:\/\/mediavoxmagazine.it\/index.php?rest_route=%2Fwp%2Fv2%2Fcomments&post=1592"}],"version-history":[{"count":1,"href":"https:\/\/mediavoxmagazine.it\/index.php?rest_route=\/wp\/v2\/posts\/1592\/revisions"}],"predecessor-version":[{"id":1594,"href":"https:\/\/mediavoxmagazine.it\/index.php?rest_route=\/wp\/v2\/posts\/1592\/revisions\/1594"}],"wp:featuredmedia":[{"embeddable":true,"href":"https:\/\/mediavoxmagazine.it\/index.php?rest_route=\/wp\/v2\/media\/1168"}],"wp:attachment":[{"href":"https:\/\/mediavoxmagazine.it\/index.php?rest_route=%2Fwp%2Fv2%2Fmedia&parent=1592"}],"wp:term":[{"taxonomy":"category","embeddable":true,"href":"https:\/\/mediavoxmagazine.it\/index.php?rest_route=%2Fwp%2Fv2%2Fcategories&post=1592"},{"taxonomy":"post_tag","embeddable":true,"href":"https:\/\/mediavoxmagazine.it\/index.php?rest_route=%2Fwp%2Fv2%2Ftags&post=1592"}],"curies":[{"name":"wp","href":"https:\/\/api.w.org\/{rel}","templated":true}]}}