{"id":1622,"date":"2016-04-21T06:22:39","date_gmt":"2016-04-21T05:22:39","guid":{"rendered":"https:\/\/mediavoxmagazine.it\/?p=1622"},"modified":"2016-05-31T11:50:47","modified_gmt":"2016-05-31T10:50:47","slug":"la-primaverart-ii-edizione-della-rassegna-darte-contemporanea-21","status":"publish","type":"post","link":"https:\/\/mediavoxmagazine.it\/?p=1622","title":{"rendered":"\u201cLa PrimaverART\u201d II Edizione della Rassegna d\u2019Arte contemporanea."},"content":{"rendered":"<p>Grande successo dal 20 al 26 marzo 2016 per la II Edizione di \u201c<strong>La PrimaverART<\/strong>\u201c, la Rassegna d\u2019Arte contemporanea organizzata presso la <strong>Galleria d\u2019Arte Michelangelo<\/strong>\u00a0 di <strong>Alfonso Orza<\/strong> a Sarno (SA) dall\u2019Associazione culturale \u201cMediavox\u201d, in occasione della VIII Edizione di \u201c<strong>Arte&amp;Cioccolato<\/strong>\u201c.<\/p>\n<p>Conosciamo meglio gli Artisti che hanno esposto le loro opere\u2026<\/p>\n<p style=\"text-align: center;\"><span style=\"text-decoration: underline;\"><strong>INTERVISTA AD ELENA SAVOKHINA<\/strong><\/span><\/p>\n<blockquote>\n<p style=\"text-align: right;\"><em><strong>ELENA SAVOKHINA<\/strong> \u00e8 nata a Lipetsk, citt\u00e0 della Russia centrale. Ha conseguito un diploma di pittrice miniaturista e da ventuno anni vive a Salerno. Pur dipingendo da una vita, solo da poco ha deciso di rendere pubbliche le sue opere attraverso varie associazioni culturali. Ha partecipato a diverse mostre in Italia e all&#8217;estero, tra cui anche a Dubai.<\/em><\/p>\n<\/blockquote>\n<p><strong>\u00a0<\/strong><\/p>\n<p><strong>Che cosa significa per Lei fare arte oggi, dopo che tutto sembra esser stato sperimentato?<\/strong><\/p>\n<p><em>Fare arte e&#8217; un&#8217;emozione senza fine. Il compito principale se non unico di un artista \u00e8 trasmettere queste emozioni, al di l\u00e0 delle tecniche; creare un legame che non sia meramente visivo con chi osserva. <\/em><\/p>\n<p><strong>Qual \u00e8 il ruolo dell&#8217;artista contemporaneo? Che messaggio deve dare con le sue opere?<\/strong><\/p>\n<p><em>Nell&#8217;epoca che viviamo, fatta di valori prettamente materiali, l&#8217;unico messaggio che un artista pu\u00f2 dare \u00e8 di una maggiore sensibilit\u00e0 verso i veri valori dell&#8217;esistenza, di aprire l&#8217;animo di chi troppo spesso dimentica di averlo.<\/em><strong>\u00a0<\/strong><\/p>\n<p><strong>Alcuni artisti sono restii a parlare delle proprie opere&#8230;Pensa sia utile che l&#8217;artista suggerisca delle interpretazioni a chi osserva la sua arte?<\/strong><\/p>\n<p><em>No, assolutamente, secondo me suggerire \u00e8 condizionare o giustificare qualcosa di incomprensibile, una pratica in uso da parte di chi fa un certo tipo lavori.<\/em><\/p>\n<p><strong>La mostra si intitola PrimaverART in riferimento alla stagione primaverile, ma pu\u00f2 essere associata anche ad una primavera intesa come rinascita, emblema della capacit\u00e0 dell&#8217;arte di rinnovarsi continuamente. Che cosa significa per Lei la primavera nella vita e nell&#8217;arte?<\/strong><\/p>\n<p><em>La primavera \u00e8 la vita che si rinnova, lo splendore della luce, dei colori, \u00e8 il rinascimento dell&#8217;anima intorpidita dal buio invernale. L&#8217;arte \u00e8 la primavera!<\/em><\/p>\n<p><strong>Quale tecnica ha utilizzato per l&#8217;opera esposta e quale utilizza maggiormente? <\/strong><\/p>\n<p><em>Semplici colori acrilici e nient&#8217;altro. Tecnicamente utilizzo con pi\u00f9 frequenza gli acquerelli perch\u00e9 amo l&#8217;espressivit\u00e0 di questa tecnica, ma qualche volta mi trovo ad utilizzare le tempere per affreschi, icone o copie rinascimentali.<\/em><\/p>\n<p><strong>Nelle esposizioni collettive spesso ci si fa un&#8217;idea dell&#8217;artista soltanto attraverso una o due opere. La scelta di che cosa mostrare \u00e8, dunque, importantissima. Lei come sceglie le opere da esporre?<\/strong><\/p>\n<p><em>Dipende se la mostra ha un tema o meno; comunque preferisco di solito portare lavori nuovi.<\/em><\/p>\n<p><img loading=\"lazy\" decoding=\"async\" class=\"aligncenter wp-image-1623 size-full\" src=\"https:\/\/mediavoxmagazine.it\/wp-content\/uploads\/2016\/04\/Savokhina-Elena.jpg\" alt=\"Savokhina Elena\" width=\"1134\" height=\"798\" srcset=\"https:\/\/mediavoxmagazine.it\/wp-content\/uploads\/2016\/04\/Savokhina-Elena.jpg 1134w, https:\/\/mediavoxmagazine.it\/wp-content\/uploads\/2016\/04\/Savokhina-Elena-300x211.jpg 300w, https:\/\/mediavoxmagazine.it\/wp-content\/uploads\/2016\/04\/Savokhina-Elena-768x540.jpg 768w, https:\/\/mediavoxmagazine.it\/wp-content\/uploads\/2016\/04\/Savokhina-Elena-1024x721.jpg 1024w\" sizes=\"auto, (max-width: 1134px) 100vw, 1134px\" \/><\/p>\n<p><strong><em>\u00a0<\/em><\/strong><\/p>\n","protected":false},"excerpt":{"rendered":"<div class=\"mh-excerpt\"><p>Grande successo dal 20 al 26 marzo 2016 per la II Edizione di \u201cLa PrimaverART\u201c, la Rassegna d\u2019Arte contemporanea organizzata presso la Galleria d\u2019Arte Michelangelo\u00a0 <a class=\"mh-excerpt-more\" href=\"https:\/\/mediavoxmagazine.it\/?p=1622\" title=\"\u201cLa PrimaverART\u201d II Edizione della Rassegna d\u2019Arte contemporanea.\">[&#8230;]<\/a><\/p>\n<\/div>","protected":false},"author":6,"featured_media":1168,"comment_status":"closed","ping_status":"closed","sticky":false,"template":"","format":"standard","meta":{"footnotes":""},"categories":[199],"tags":[18,56,57],"class_list":["post-1622","post","type-post","status-publish","format-standard","has-post-thumbnail","hentry","category-largo-allarte","tag-arte","tag-mostra","tag-rassegna"],"_links":{"self":[{"href":"https:\/\/mediavoxmagazine.it\/index.php?rest_route=\/wp\/v2\/posts\/1622","targetHints":{"allow":["GET"]}}],"collection":[{"href":"https:\/\/mediavoxmagazine.it\/index.php?rest_route=\/wp\/v2\/posts"}],"about":[{"href":"https:\/\/mediavoxmagazine.it\/index.php?rest_route=\/wp\/v2\/types\/post"}],"author":[{"embeddable":true,"href":"https:\/\/mediavoxmagazine.it\/index.php?rest_route=\/wp\/v2\/users\/6"}],"replies":[{"embeddable":true,"href":"https:\/\/mediavoxmagazine.it\/index.php?rest_route=%2Fwp%2Fv2%2Fcomments&post=1622"}],"version-history":[{"count":1,"href":"https:\/\/mediavoxmagazine.it\/index.php?rest_route=\/wp\/v2\/posts\/1622\/revisions"}],"predecessor-version":[{"id":1624,"href":"https:\/\/mediavoxmagazine.it\/index.php?rest_route=\/wp\/v2\/posts\/1622\/revisions\/1624"}],"wp:featuredmedia":[{"embeddable":true,"href":"https:\/\/mediavoxmagazine.it\/index.php?rest_route=\/wp\/v2\/media\/1168"}],"wp:attachment":[{"href":"https:\/\/mediavoxmagazine.it\/index.php?rest_route=%2Fwp%2Fv2%2Fmedia&parent=1622"}],"wp:term":[{"taxonomy":"category","embeddable":true,"href":"https:\/\/mediavoxmagazine.it\/index.php?rest_route=%2Fwp%2Fv2%2Fcategories&post=1622"},{"taxonomy":"post_tag","embeddable":true,"href":"https:\/\/mediavoxmagazine.it\/index.php?rest_route=%2Fwp%2Fv2%2Ftags&post=1622"}],"curies":[{"name":"wp","href":"https:\/\/api.w.org\/{rel}","templated":true}]}}