{"id":1640,"date":"2016-04-22T07:41:33","date_gmt":"2016-04-22T06:41:33","guid":{"rendered":"https:\/\/mediavoxmagazine.it\/?p=1640"},"modified":"2016-04-22T07:43:08","modified_gmt":"2016-04-22T06:43:08","slug":"la-primaverart-ii-edizione-della-rassegna-darte-contemporanea-22","status":"publish","type":"post","link":"https:\/\/mediavoxmagazine.it\/?p=1640","title":{"rendered":"\u201cLa PrimaverART\u201d II Edizione della Rassegna d\u2019Arte contemporanea."},"content":{"rendered":"<p>Grande successo dal 20 al 26 marzo 2016 per la II Edizione di \u201c<strong>La PrimaverART<\/strong>\u201c, la Rassegna d\u2019Arte contemporanea organizzata presso la <strong>Galleria d\u2019Arte Michelangelo<\/strong>\u00a0 di <strong>Alfonso Orza<\/strong> a Sarno (SA) dall\u2019Associazione culturale \u201cMediavox\u201d, in occasione della VIII Edizione di \u201c<strong>Arte&amp;Cioccolato<\/strong>\u201c.<\/p>\n<p>Conosciamo meglio gli Artisti che hanno esposto le loro opere\u2026<\/p>\n<p style=\"text-align: center;\"><span style=\"text-decoration: underline;\"><strong>INTERVISTA AD ARCANGELLA SCALELLA<\/strong><\/span><\/p>\n<blockquote>\n<p style=\"text-align: right;\"><em><strong>ARCANGELLA SCALELLA<\/strong>, nata a Napoli il 16 Maggio 1973, vive a Cardito (NA). Dopo il Liceo Scientifico, decide di seguire le sue attitudini e intraprende la Facolt\u00e0 di Architettura. La pittura resta comunque una sua grande passione, per cui nel tempo Scalella acquisisce varie tecniche, dall&#8217;acquerello all&#8217;acrilico, all&#8217;olio. Dal 2014 entra in contatto con la pittura a pastello e decide di procedere al perfezionamento di tale tecnica, che le permette di approdare all&#8217;iperrealismo.<\/em><\/p>\n<p style=\"text-align: right;\"><em><strong>\u00a0<\/strong><\/em><\/p>\n<\/blockquote>\n<p><strong>Che cosa significa per Lei fare arte oggi, dopo che tutto sembra esser stato sperimentato?<\/strong><\/p>\n<p><em>L\u2019arte \u00e8 un impulso irrefrenabile che riflette l\u2019interiorit\u00e0 spirituale di un essere umano, travolto dal bisogno di mettere a nudo il proprio animo<\/em><strong>\u00a0<\/strong><\/p>\n<p><strong>Qual \u00e8 il ruolo dell&#8217;artista contemporaneo? Che messaggio deve dare con le sue opere?<\/strong><\/p>\n<p><em>Un artista ci d\u00e0 la possibilit\u00e0 di addentrarci nella profondit\u00e0 del mondo e lo fa in modo originale, senza vincoli di alcun genere. Un paesaggio, un sentimento, un temporale, un volto possono essere raffigurati in forme diverse a seconda dello stato d\u2019animo di chi vuole donare al mondo le sue pi\u00f9 remote emozioni.<\/em><\/p>\n<p><strong>Alcuni artisti sono restii a parlare delle proprie opere&#8230;Pensa sia utile che l&#8217;artista suggerisca delle interpretazioni a chi osserva la sua arte?<\/strong><\/p>\n<p><em>Credo di no, perch\u00e9 dietro ogni opera c\u2019\u00e8 una trama che riflette l\u2019anima di chi osserva. Un dipinto d\u00e0 la possibilit\u00e0 alla mente di viaggiare oltre il tempo ed ogni singolo osservatore pu\u00f2 provare un&#8217;emozione diversa. L&#8217;arte dev\u2019essere contemplata e mai definita perch\u00e9 \u00e8 in grado di suscitare emozioni diverse a chi ne trae nutrimento.<\/em><\/p>\n<p><strong>La mostra si intitola PrimaverART in riferimento alla stagione primaverile, ma pu\u00f2 essere associata anche ad una primavera intesa come rinascita, emblema della capacit\u00e0 dell&#8217;arte di rinnovarsi continuamente. Che cosa significa per Lei la primavera nella vita e nell&#8217;arte?<\/strong><\/p>\n<p><em>La primavera \u00e8 la stagione della rinascita. La natura si risveglia e mostra il suo incanto nei colori della vita. Nell&#8217;arte \u00e8 la stessa cosa: ogni dipinto nasce da un risveglio, da un turbine di emozioni, da una rinascita, che si esplica nella via della trascendenza.<\/em><\/p>\n<p><strong>Quale tecnica ha utilizzato per l&#8217;opera esposta e quale utilizza maggiormente? <\/strong><\/p>\n<p><em>Ho utilizzato il pastello secco ed \u00e8 la tecnica che utilizzo maggiormente.<\/em><\/p>\n<p><strong>Nelle esposizioni collettive spesso ci si fa un&#8217;idea dell&#8217;artista soltanto attraverso una o due opere. La scelta di che cosa mostrare \u00e8, dunque, importantissima. Lei come sceglie le opere da esporre?<\/strong><\/p>\n<p><em>La scelta delle opere \u00e8 istintiva. Si sceglie di mostrare ci\u00f2 che maggiormente si vuole trasmettere all&#8217;osservatore. Ogni opera \u00e8 un brandello della propria anima e a volte diventa difficile preferire un&#8217;opera rispetto ad un&#8217;altra. Credo che tutto nasca da uno stato d&#8217;animo.<\/em><\/p>\n<p><a href=\"https:\/\/mediavoxmagazine.it\/wp-content\/uploads\/2016\/04\/Scalella-Arcangela.jpg\" rel=\"attachment wp-att-1641\"><img loading=\"lazy\" decoding=\"async\" class=\"aligncenter wp-image-1641 size-full\" src=\"https:\/\/mediavoxmagazine.it\/wp-content\/uploads\/2016\/04\/Scalella-Arcangela.jpg\" alt=\"Scalella Arcangela\" width=\"1456\" height=\"1050\" srcset=\"https:\/\/mediavoxmagazine.it\/wp-content\/uploads\/2016\/04\/Scalella-Arcangela.jpg 1456w, https:\/\/mediavoxmagazine.it\/wp-content\/uploads\/2016\/04\/Scalella-Arcangela-300x216.jpg 300w, https:\/\/mediavoxmagazine.it\/wp-content\/uploads\/2016\/04\/Scalella-Arcangela-768x554.jpg 768w, https:\/\/mediavoxmagazine.it\/wp-content\/uploads\/2016\/04\/Scalella-Arcangela-1024x738.jpg 1024w\" sizes=\"auto, (max-width: 1456px) 100vw, 1456px\" \/><\/a><\/p>\n<p>&nbsp;<\/p>\n<p>&nbsp;<\/p>\n","protected":false},"excerpt":{"rendered":"<div class=\"mh-excerpt\"><p>Grande successo dal 20 al 26 marzo 2016 per la II Edizione di \u201cLa PrimaverART\u201c, la Rassegna d\u2019Arte contemporanea organizzata presso la Galleria d\u2019Arte Michelangelo\u00a0 <a class=\"mh-excerpt-more\" href=\"https:\/\/mediavoxmagazine.it\/?p=1640\" title=\"\u201cLa PrimaverART\u201d II Edizione della Rassegna d\u2019Arte contemporanea.\">[&#8230;]<\/a><\/p>\n<\/div>","protected":false},"author":6,"featured_media":1168,"comment_status":"closed","ping_status":"closed","sticky":false,"template":"","format":"standard","meta":{"footnotes":""},"categories":[199],"tags":[440,333],"class_list":["post-1640","post","type-post","status-publish","format-standard","has-post-thumbnail","hentry","category-largo-allarte","tag-arte-rassegna","tag-la-primaverart"],"_links":{"self":[{"href":"https:\/\/mediavoxmagazine.it\/index.php?rest_route=\/wp\/v2\/posts\/1640","targetHints":{"allow":["GET"]}}],"collection":[{"href":"https:\/\/mediavoxmagazine.it\/index.php?rest_route=\/wp\/v2\/posts"}],"about":[{"href":"https:\/\/mediavoxmagazine.it\/index.php?rest_route=\/wp\/v2\/types\/post"}],"author":[{"embeddable":true,"href":"https:\/\/mediavoxmagazine.it\/index.php?rest_route=\/wp\/v2\/users\/6"}],"replies":[{"embeddable":true,"href":"https:\/\/mediavoxmagazine.it\/index.php?rest_route=%2Fwp%2Fv2%2Fcomments&post=1640"}],"version-history":[{"count":1,"href":"https:\/\/mediavoxmagazine.it\/index.php?rest_route=\/wp\/v2\/posts\/1640\/revisions"}],"predecessor-version":[{"id":1642,"href":"https:\/\/mediavoxmagazine.it\/index.php?rest_route=\/wp\/v2\/posts\/1640\/revisions\/1642"}],"wp:featuredmedia":[{"embeddable":true,"href":"https:\/\/mediavoxmagazine.it\/index.php?rest_route=\/wp\/v2\/media\/1168"}],"wp:attachment":[{"href":"https:\/\/mediavoxmagazine.it\/index.php?rest_route=%2Fwp%2Fv2%2Fmedia&parent=1640"}],"wp:term":[{"taxonomy":"category","embeddable":true,"href":"https:\/\/mediavoxmagazine.it\/index.php?rest_route=%2Fwp%2Fv2%2Fcategories&post=1640"},{"taxonomy":"post_tag","embeddable":true,"href":"https:\/\/mediavoxmagazine.it\/index.php?rest_route=%2Fwp%2Fv2%2Ftags&post=1640"}],"curies":[{"name":"wp","href":"https:\/\/api.w.org\/{rel}","templated":true}]}}