{"id":1664,"date":"2016-04-24T09:29:28","date_gmt":"2016-04-24T08:29:28","guid":{"rendered":"https:\/\/mediavoxmagazine.it\/?p=1664"},"modified":"2016-04-24T09:32:26","modified_gmt":"2016-04-24T08:32:26","slug":"novita-legislative-e-depenalizzazione","status":"publish","type":"post","link":"https:\/\/mediavoxmagazine.it\/?p=1664","title":{"rendered":"Novit\u00e0 Legislative e Depenalizzazione"},"content":{"rendered":"<p><img loading=\"lazy\" decoding=\"async\" class=\"wp-image-1666 alignleft\" src=\"https:\/\/mediavoxmagazine.it\/wp-content\/uploads\/2016\/04\/articolo-giovanna1.jpg\" alt=\"articolo giovanna1\" width=\"557\" height=\"274\" srcset=\"https:\/\/mediavoxmagazine.it\/wp-content\/uploads\/2016\/04\/articolo-giovanna1.jpg 600w, https:\/\/mediavoxmagazine.it\/wp-content\/uploads\/2016\/04\/articolo-giovanna1-300x148.jpg 300w\" sizes=\"auto, (max-width: 557px) 100vw, 557px\" \/>Guida senza patente, omicidio stradale, lotta agli illeciti ambientali, ma come districarsi tra nuove procedure, normative, regolamenti ?<\/p>\n<p>Un utile aiuto \u00e8 stato dato\u00a0 dall\u2019evento formativo, magistralmente organizzato, nel mese di aprile 2016, dalla <strong>Polizia Municipale di Ricigliano (SA)<\/strong>, al comando del M.llo <strong>Francesco Malpede<\/strong>, presso l\u2019ampia sala convegni, di recente ristrutturata.<\/p>\n<p>Alla giornata di Studio ha partecipato un nutrito gruppo tra Dirigenti, Comandanti ed Agenti delle Polizie Locali e Provinciali, provenienti da cinque Province.<\/p>\n<p>Dopo il saluto del Sindaco di Ricigliano, Dr. <strong>Francesco Turturiello<\/strong>,\u00a0 \u00e8 intervenuta il M.llo\u00a0 <strong>Maria Gerarda Indelli<\/strong>\u00a0 che ha evidenziato l\u2019importanza di un confronto di esperienze tra colleghi di Comuni diversi, come quello che si \u00e8 appunto tenuto a Ricigliano.<\/p>\n<p>Interessanti gli interventi del Dott. <strong>Massimiliano Falcone<\/strong>, Tenente della Polizia Locale del Comune di Ascea, del Dott. <strong>Francesco Tolino<\/strong>, Comandante della Polizia Locale di Baronissi\u00a0 e del Dott. <strong>Giuseppe Aiello<\/strong>, Comandante della Polizia Locale di Lioni.<\/p>\n<p>La giornata di studio ha coinvolto anche il pubblico dei non addetti ai lavori presente in aula; al riguardo, degno di nota \u00e8 risultato l&#8217;intervento del Dottor <strong>Giuseppe Aiello<\/strong> che ha relazionato in tema di illeciti ambientali: il binomio ambiente e territorio \u00e8 il punto di forza su cui l\u2019Italia, e specialmente il Sud, deve contare. Dalle parole del Dr. Aiello \u00e8 emersa la difficolt\u00e0 per gli operatori di combattere gli abusi ambientali e la necessit\u00e0 di una profonda preparazione e competenza in una materia in continua evoluzione. Il Comandante non ha mancato di ricordare il Vigile di Acerra, <strong>Michele Luguori<\/strong>, morto di cancro probabilmente in servizio a seguito di una indagine sui rifiuti tossici.<\/p>\n<p>E\u2019 intervenuto anche M.llo <strong>Donato Parrilli<\/strong>, tra gli organizzatori pi\u00f9 attivi dell\u2019iniziativa, che ha auspicato che questo evento formativo possa diventare un appuntamento fisso.<\/p>\n<p>Prima del consueto pranzo di lavoro in uno dei tanti agriturismi del posto, gli organizzatori hanno donato un ricco cesto di prodotti tipici del territorio (<em>salumi, formaggi, vino di una rinomata azienda locale<\/em>) tra cui spiccava un bel mazzetto di asparagi selvatici raccolti di buon mattino, ai relatori in segno di riconoscimento e di ringraziamento per la riuscita della manifestazione.<\/p>\n<p>Con una ampia ed attrezzata Sala convegni, le bellezze paesaggistiche ed un interessante itinerario eno-gastronomico, Ricigliano si pone come una attraente meta di turismo, anche congressuale.<img loading=\"lazy\" decoding=\"async\" class=\"aligncenter wp-image-1665 size-full\" src=\"https:\/\/mediavoxmagazine.it\/wp-content\/uploads\/2016\/04\/articolo-giovanna-2.jpeg\" alt=\"articolo giovanna 2\" width=\"940\" height=\"367\" srcset=\"https:\/\/mediavoxmagazine.it\/wp-content\/uploads\/2016\/04\/articolo-giovanna-2.jpeg 940w, https:\/\/mediavoxmagazine.it\/wp-content\/uploads\/2016\/04\/articolo-giovanna-2-300x117.jpeg 300w, https:\/\/mediavoxmagazine.it\/wp-content\/uploads\/2016\/04\/articolo-giovanna-2-768x300.jpeg 768w\" sizes=\"auto, (max-width: 940px) 100vw, 940px\" \/><\/p>\n<p class=\"ecxMsoNormalCxSpMiddle\" style=\"text-align: right;\">\n<p class=\"ecxMsoNormalCxSpMiddle\" style=\"text-align: right;\">\n<blockquote>\n<p class=\"ecxMsoNormalCxSpMiddle\" style=\"text-align: right;\"><em><strong>ARTICOLO DI GIOVANNA PASSARIELLO<\/strong><\/em><\/p>\n<p class=\"ecxMsoNormalCxSpMiddle\" style=\"text-align: right;\"><em>La Dott.ssa Passariello \u00e8 laureata in\u00a0Lettere Moderne con indirizzo linguistico;<\/em><\/p>\n<p class=\"ecxMsoNormalCxSpMiddle\" style=\"text-align: right;\"><em>attualmente,\u00a0<\/em><em>\u00e8 Direttrice Marketing\u00a0per\u00a0una nota Azienda di\u00a0minuteria meccanica.<\/em><\/p>\n<p class=\"ecxMsoNormalCxSpMiddle\" style=\"text-align: right;\"><em><strong>\u00a0<img loading=\"lazy\" decoding=\"async\" class=\"wp-image-185 size-thumbnail alignright\" src=\"https:\/\/mediavoxmagazine.it\/wp-content\/uploads\/2016\/01\/giovanna-passariello-150x150.jpg\" alt=\"giovanna passariello\" width=\"150\" height=\"150\" \/><\/strong><\/em><\/p>\n<\/blockquote>\n<p>&nbsp;<\/p>\n<p>&nbsp;<\/p>\n<p>&nbsp;<\/p>\n<p>&nbsp;<\/p>\n<p>&nbsp;<\/p>\n<blockquote>\n<p style=\"text-align: left;\"><em><strong>Per approfondimenti:<\/strong><strong>\u00a0<\/strong><\/em><\/p>\n<p style=\"text-align: left;\"><em>https:\/\/www.poliziamunicipale.it\/<\/em><\/p>\n<p style=\"text-align: left;\"><em>http:\/\/www.lexambiente.com\/materie\/ambiente-in-genere\/188-dottrina188\/11980-ambiente-in-genere-depenalizzazione-abrogazione-di-reati-e-reati-contro-l-ambiente.html<\/em><\/p>\n<p style=\"text-align: left;\"><em>http:\/\/www.comune.ricigliano.sa.it\/index.php?action=index&amp;p=219<\/em><\/p>\n<\/blockquote>\n","protected":false},"excerpt":{"rendered":"<div class=\"mh-excerpt\"><p>Guida senza patente, omicidio stradale, lotta agli illeciti ambientali, ma come districarsi tra nuove procedure, normative, regolamenti ? Un utile aiuto \u00e8 stato dato\u00a0 dall\u2019evento <a class=\"mh-excerpt-more\" href=\"https:\/\/mediavoxmagazine.it\/?p=1664\" title=\"Novit\u00e0 Legislative e Depenalizzazione\">[&#8230;]<\/a><\/p>\n<\/div>","protected":false},"author":18,"featured_media":1667,"comment_status":"closed","ping_status":"closed","sticky":false,"template":"","format":"standard","meta":{"footnotes":""},"categories":[11],"tags":[80,174,173,153],"class_list":["post-1664","post","type-post","status-publish","format-standard","has-post-thumbnail","hentry","category-eventi","tag-attualita","tag-convegno","tag-diritto","tag-iniziativa"],"_links":{"self":[{"href":"https:\/\/mediavoxmagazine.it\/index.php?rest_route=\/wp\/v2\/posts\/1664","targetHints":{"allow":["GET"]}}],"collection":[{"href":"https:\/\/mediavoxmagazine.it\/index.php?rest_route=\/wp\/v2\/posts"}],"about":[{"href":"https:\/\/mediavoxmagazine.it\/index.php?rest_route=\/wp\/v2\/types\/post"}],"author":[{"embeddable":true,"href":"https:\/\/mediavoxmagazine.it\/index.php?rest_route=\/wp\/v2\/users\/18"}],"replies":[{"embeddable":true,"href":"https:\/\/mediavoxmagazine.it\/index.php?rest_route=%2Fwp%2Fv2%2Fcomments&post=1664"}],"version-history":[{"count":6,"href":"https:\/\/mediavoxmagazine.it\/index.php?rest_route=\/wp\/v2\/posts\/1664\/revisions"}],"predecessor-version":[{"id":1673,"href":"https:\/\/mediavoxmagazine.it\/index.php?rest_route=\/wp\/v2\/posts\/1664\/revisions\/1673"}],"wp:featuredmedia":[{"embeddable":true,"href":"https:\/\/mediavoxmagazine.it\/index.php?rest_route=\/wp\/v2\/media\/1667"}],"wp:attachment":[{"href":"https:\/\/mediavoxmagazine.it\/index.php?rest_route=%2Fwp%2Fv2%2Fmedia&parent=1664"}],"wp:term":[{"taxonomy":"category","embeddable":true,"href":"https:\/\/mediavoxmagazine.it\/index.php?rest_route=%2Fwp%2Fv2%2Fcategories&post=1664"},{"taxonomy":"post_tag","embeddable":true,"href":"https:\/\/mediavoxmagazine.it\/index.php?rest_route=%2Fwp%2Fv2%2Ftags&post=1664"}],"curies":[{"name":"wp","href":"https:\/\/api.w.org\/{rel}","templated":true}]}}