{"id":18823,"date":"2022-01-17T12:47:51","date_gmt":"2022-01-17T11:47:51","guid":{"rendered":"https:\/\/mediavoxmagazine.it\/?p=18823"},"modified":"2022-01-17T13:47:31","modified_gmt":"2022-01-17T12:47:31","slug":"casa-sanremo-larea-hospitality-del-festival-di-sanremo-spegne-15-candeline","status":"publish","type":"post","link":"https:\/\/mediavoxmagazine.it\/?p=18823","title":{"rendered":"CASA SANREMO: L\u2019AREA HOSPITALITY DEL FESTIVAL DI SANREMO SPEGNE 15 CANDELINE"},"content":{"rendered":"\n<blockquote class=\"wp-block-quote is-layout-flow wp-block-quote-is-layout-flow\"><p><span class=\"has-inline-color has-vivid-cyan-blue-color\">La <strong><a href=\"https:\/\/www.facebook.com\/CasaSanremoOfficial\/\">Casa del Festival<\/a><\/strong> festeggia quest\u2019anno un compleanno importante: 15 anni di illustri ospiti, grandi progetti e nuovi format. Tutto all\u2019insegna della Cultura e della Comunicazione.<\/span><\/p><\/blockquote>\n\n\n\n<p class=\"wp-block-paragraph\"><br><strong><span class=\"has-inline-color has-vivid-cyan-blue-color\">Casa Sanremo<\/span><\/strong> \u00e8 stata creata, ideata e realizzata da <strong><span class=\"has-inline-color has-vivid-red-color\">Consorzio Gruppo Eventi<\/span><\/strong> ben 15 anni fa e, da allora, non ha mai perso il suo fascino <em>glamour<\/em>. <\/p>\n\n\n\n<blockquote class=\"wp-block-quote has-text-align-center is-layout-flow wp-block-quote-is-layout-flow\"><p><strong><span class=\"has-inline-color has-luminous-vivid-orange-color\">Il taglio del nastro<br><\/span><\/strong><span class=\"has-inline-color has-luminous-vivid-orange-color\">dell\u2019Edizione 2022 \u00e8 previsto per domenica<\/span><strong><span class=\"has-inline-color has-luminous-vivid-orange-color\"> <\/span><\/strong><strong style=\"font-size: revert; color: initial;\"><span class=\"has-inline-color has-luminous-vivid-orange-color\">30 gennaio<\/span><\/strong><span class=\"has-inline-color has-luminous-vivid-orange-color\" style=\"font-size: revert;\">, alle <\/span><strong style=\"font-size: revert; color: initial;\"><span class=\"has-inline-color has-luminous-vivid-orange-color\">ore 18:00<\/span><\/strong><\/p><\/blockquote>\n\n\n\n<pre class=\"wp-block-verse\"><br>\u201c<em>Grande emozione per questa che \u00e8 l\u2019edizione della maturit\u00e0 per Casa Sanremo<\/em>\u201d: afferma<br><strong><span class=\"has-inline-color has-vivid-red-color\">Vincenzo Russolillo<\/span><\/strong>, Presidente di<strong><span class=\"has-inline-color has-vivid-red-color\"> Consorzio Gruppo Eventi<\/span><\/strong>, aggiungendo: \u201c<em>La crescita del progetto, nato 15 anni fa da un\u2019idea condivisa con Mauro Marino, oggi \u00e8 pi\u00f9 forte e concreta grazie alla partnership siglata nel 2020 con RAI PUBBLICIT\u00c0: un lavoro condiviso, fianco a fianco, con la Tv di Stato; un\u2019esperienza diventata esponenziale e esplosiva con \u2018Tra palco e citt\u00e0' che ha regalato, prima della pandemia, alla Citt\u00e0 di Sanremo la triangolazione con il Teatro Ariston e il grande palco di Piazza Colombo.<\/em> Anche in tempi complicati, come quelli che stiamo <em>ancora vivendo, Casa Sanremo continua<br>ad offrire punti fermi: l\u2019opportunit\u00e0, ad esempio, per addetti ai lavori e giornalisti di seguire il Festival in diretta sui megaschermi allestiti ad hoc; ancora, l\u2019ampio planning di eventi, diventati veri e propri format televisivi, per 'accorciare' le distanze che il periodo pandemico ha esasperato<\/em>.\u201d<\/pre>\n\n\n\n<p class=\"wp-block-paragraph\"><br>A Casa Sanremo, inoltre, la <strong>responsabilit\u00e0 sociale<\/strong> \u00e8 sempre protagonista: grazie alle consolidate <em>partnership<\/em> strette con l&#8217;<strong>UNICEF<\/strong>, con la <strong>Polizia di Stato<\/strong> per \u201c<strong>Una vita da social<\/strong>\u201d e con i sostenitori di \u201c<strong>Musica Contro le Mafie<\/strong>\u201d ma anche grazie a nuove<br>importanti sinergie come quella con <strong>Save The Children<\/strong>.<\/p>\n\n\n\n<p class=\"wp-block-paragraph\"><br>Ancora una novit\u00e0 per festeggiare i 15 anni di attivit\u00e0: <strong><span class=\"has-inline-color has-vivid-green-cyan-color\">#unregaloperlamusica<\/span><\/strong>. Attraverso questa iniziativa, Casa Sanremo chieder\u00e0 a tutti gli artisti protagonisti del <strong><span class=\"has-inline-color has-vivid-cyan-blue-color\">72\u00b0 Festival della Canzone Italiana<\/span><\/strong> di donare un proprio capo d\u2019abbigliamento o un proprio accessorio moda, possibilmente tra quelli indossati sul palco dell\u2019<strong><span class=\"has-inline-color has-vivid-cyan-blue-color\">Ariston<\/span><\/strong>.<br>Al termine del <strong><span class=\"has-inline-color has-vivid-cyan-blue-color\">Festival<\/span><\/strong>, tutti i capi raccolti saranno messi all\u2019asta e l\u2019intero ricavato sar\u00e0 donato a sostegno delle maestranze del comparto musicale. L\u2019idea solidale \u00e8 rivolta agli artisti in gara a <strong><span class=\"has-inline-color has-vivid-cyan-blue-color\">Sanremo 2022<\/span><\/strong> ma la speranza \u00e8 che anche altri artisti rispondano con entusiasmo e generosit\u00e0 alla <em>call to action<\/em>, donando a loro volta.<br><\/p>\n\n\n\n<p class=\"wp-block-paragraph\">Il mondo culturale e letterario, come di consueto, gira intorno a \u201c<strong><span class=\"has-inline-color has-luminous-vivid-orange-color\"><a href=\"https:\/\/www.facebook.com\/CasaSanremoOfficial\/\">Casa Sanremo Writers<\/a><\/span><\/strong>\u201d:<br>ambita vetrina di autori affermati e di successo, attraverso presentazioni e dibattiti, ma anche opportunit\u00e0 di visibilit\u00e0 per molti emergenti di qualit\u00e0. Quest\u2019anno, la novit\u00e0 dell\u2019atteso Concorso \u00e8 stata l\u2019ideazione della sezione dedicata alle \u201c<strong>Serie TV<\/strong>\u201d che si \u00e8 aggiunta a quella delle opere edite. <em>Testimonial<\/em> d\u2019eccezione e Presidente della Giuria per<br>la nuova sezione \u00e8 lo scrittore <strong><span class=\"has-inline-color has-vivid-red-color\">Maurizio de Giovanni<\/span><\/strong>: dalla sua penna sono nate alcune delle pi\u00f9 seguite serie televisive targate RAI delle passate stagioni.<\/p>\n\n\n\n<blockquote class=\"wp-block-quote is-layout-flow wp-block-quote-is-layout-flow\"><p><\/p><\/blockquote>\n\n\n\n<h3 class=\"has-text-align-center wp-block-heading\"><strong><span class=\"has-inline-color has-vivid-red-color\"><a href=\"https:\/\/www.facebook.com\/mediavoxmagazine\/\" data-type=\"URL\" data-id=\"https:\/\/www.facebook.com\/mediavoxmagazine\/\">MEDIAVOX MAGAZINE <\/a><em>MEDIAPARTNER<\/em> DI <a href=\"http:\/\/casasanremo.it\/2022\/01\/14\/giuria-casa-sanremo-writers-2022\/\">CASA SANREMO<\/a> WRITERS &#x1f449; Leggi<\/span> <a href=\"https:\/\/www.casasanremo.it\/2022\/01\/14\/giuria-casa-sanremo-writers-2022\/\">QUI<\/a><\/strong><br><\/h3>\n\n\n\n<figure class=\"wp-block-gallery aligncenter columns-3 is-cropped wp-block-gallery-1 is-layout-flex wp-block-gallery-is-layout-flex\"><ul class=\"blocks-gallery-grid\"><li class=\"blocks-gallery-item\"><figure><img loading=\"lazy\" decoding=\"async\" width=\"1024\" height=\"1024\" src=\"https:\/\/mediavoxmagazine.it\/wp-content\/uploads\/2022\/01\/IMG_20220115_092808_766-1-1024x1024.jpg\" alt=\"\" data-id=\"18847\" data-link=\"https:\/\/mediavoxmagazine.it\/?attachment_id=18847\" class=\"wp-image-18847\" srcset=\"https:\/\/mediavoxmagazine.it\/wp-content\/uploads\/2022\/01\/IMG_20220115_092808_766-1-1024x1024.jpg 1024w, https:\/\/mediavoxmagazine.it\/wp-content\/uploads\/2022\/01\/IMG_20220115_092808_766-1-300x300.jpg 300w, https:\/\/mediavoxmagazine.it\/wp-content\/uploads\/2022\/01\/IMG_20220115_092808_766-1-150x150.jpg 150w, https:\/\/mediavoxmagazine.it\/wp-content\/uploads\/2022\/01\/IMG_20220115_092808_766-1-768x768.jpg 768w, https:\/\/mediavoxmagazine.it\/wp-content\/uploads\/2022\/01\/IMG_20220115_092808_766-1.jpg 1080w\" sizes=\"auto, (max-width: 1024px) 100vw, 1024px\" \/><figcaption class=\"blocks-gallery-item__caption\"><a href=\"http:\/\/casasanremo.it\/2022\/01\/14\/giuria-casa-sanremo-writers-2022\/%20(si%20apre%20in%20una%20nuova%20scheda)\">http:\/\/casasanremo.it\/2022\/01\/14\/giuria-casa-sanremo-writers-2022\/<\/a><\/figcaption><\/figure><\/li><li class=\"blocks-gallery-item\"><figure><img loading=\"lazy\" decoding=\"async\" width=\"1016\" height=\"1024\" src=\"https:\/\/mediavoxmagazine.it\/wp-content\/uploads\/2022\/01\/IMG_20220117_122641-1016x1024.jpg\" alt=\"\" data-id=\"18848\" data-link=\"https:\/\/mediavoxmagazine.it\/?attachment_id=18848\" class=\"wp-image-18848\" srcset=\"https:\/\/mediavoxmagazine.it\/wp-content\/uploads\/2022\/01\/IMG_20220117_122641-1016x1024.jpg 1016w, https:\/\/mediavoxmagazine.it\/wp-content\/uploads\/2022\/01\/IMG_20220117_122641-298x300.jpg 298w, https:\/\/mediavoxmagazine.it\/wp-content\/uploads\/2022\/01\/IMG_20220117_122641-150x150.jpg 150w, https:\/\/mediavoxmagazine.it\/wp-content\/uploads\/2022\/01\/IMG_20220117_122641-768x774.jpg 768w, https:\/\/mediavoxmagazine.it\/wp-content\/uploads\/2022\/01\/IMG_20220117_122641.jpg 1080w\" sizes=\"auto, (max-width: 1016px) 100vw, 1016px\" \/><figcaption class=\"blocks-gallery-item__caption\"><a href=\"http:\/\/casasanremo.it\/2022\/01\/14\/giuria-casa-sanremo-writers-2022\/\">http:\/\/casasanremo.it\/2022\/01\/14\/giuria-casa-sanremo-writers-2022\/<\/a><\/figcaption><\/figure><\/li><li class=\"blocks-gallery-item\"><figure><img loading=\"lazy\" decoding=\"async\" width=\"1024\" height=\"1024\" src=\"https:\/\/mediavoxmagazine.it\/wp-content\/uploads\/2022\/01\/IMG_20220117_122624-1024x1024.jpg\" alt=\"\" data-id=\"18849\" data-link=\"https:\/\/mediavoxmagazine.it\/?attachment_id=18849\" class=\"wp-image-18849\" srcset=\"https:\/\/mediavoxmagazine.it\/wp-content\/uploads\/2022\/01\/IMG_20220117_122624-1024x1024.jpg 1024w, https:\/\/mediavoxmagazine.it\/wp-content\/uploads\/2022\/01\/IMG_20220117_122624-300x300.jpg 300w, https:\/\/mediavoxmagazine.it\/wp-content\/uploads\/2022\/01\/IMG_20220117_122624-150x150.jpg 150w, https:\/\/mediavoxmagazine.it\/wp-content\/uploads\/2022\/01\/IMG_20220117_122624-768x769.jpg 768w, https:\/\/mediavoxmagazine.it\/wp-content\/uploads\/2022\/01\/IMG_20220117_122624.jpg 1067w\" sizes=\"auto, (max-width: 1024px) 100vw, 1024px\" \/><figcaption class=\"blocks-gallery-item__caption\"><a href=\"http:\/\/casasanremo.it\/2022\/01\/14\/giuria-casa-sanremo-writers-2022\/\">http:\/\/casasanremo.it\/2022\/01\/14\/giuria-casa-sanremo-writers-2022\/<\/a><\/figcaption><\/figure><\/li><li class=\"blocks-gallery-item\"><figure><img loading=\"lazy\" decoding=\"async\" width=\"1024\" height=\"1024\" src=\"https:\/\/mediavoxmagazine.it\/wp-content\/uploads\/2022\/01\/FB_IMG_1642418965834-1024x1024.jpg\" alt=\"\" data-id=\"18850\" data-full-url=\"https:\/\/mediavoxmagazine.it\/wp-content\/uploads\/2022\/01\/FB_IMG_1642418965834.jpg\" data-link=\"https:\/\/mediavoxmagazine.it\/?attachment_id=18850\" class=\"wp-image-18850\" srcset=\"https:\/\/mediavoxmagazine.it\/wp-content\/uploads\/2022\/01\/FB_IMG_1642418965834-1024x1024.jpg 1024w, https:\/\/mediavoxmagazine.it\/wp-content\/uploads\/2022\/01\/FB_IMG_1642418965834-300x300.jpg 300w, https:\/\/mediavoxmagazine.it\/wp-content\/uploads\/2022\/01\/FB_IMG_1642418965834-150x150.jpg 150w, https:\/\/mediavoxmagazine.it\/wp-content\/uploads\/2022\/01\/FB_IMG_1642418965834-768x768.jpg 768w, https:\/\/mediavoxmagazine.it\/wp-content\/uploads\/2022\/01\/FB_IMG_1642418965834.jpg 1080w\" sizes=\"auto, (max-width: 1024px) 100vw, 1024px\" \/><figcaption class=\"blocks-gallery-item__caption\"><a href=\"http:\/\/casasanremo.it\/2022\/01\/14\/giuria-casa-sanremo-writers-2022\/\">http:\/\/casasanremo.it\/2022\/01\/14\/giuria-casa-sanremo-writers-2022\/<\/a><\/figcaption><\/figure><\/li><li class=\"blocks-gallery-item\"><figure><img loading=\"lazy\" decoding=\"async\" width=\"1024\" height=\"1024\" src=\"https:\/\/mediavoxmagazine.it\/wp-content\/uploads\/2022\/01\/FB_IMG_1642418972273-1024x1024.jpg\" alt=\"\" data-id=\"18851\" data-full-url=\"https:\/\/mediavoxmagazine.it\/wp-content\/uploads\/2022\/01\/FB_IMG_1642418972273.jpg\" data-link=\"https:\/\/mediavoxmagazine.it\/?attachment_id=18851\" class=\"wp-image-18851\" srcset=\"https:\/\/mediavoxmagazine.it\/wp-content\/uploads\/2022\/01\/FB_IMG_1642418972273-1024x1024.jpg 1024w, https:\/\/mediavoxmagazine.it\/wp-content\/uploads\/2022\/01\/FB_IMG_1642418972273-300x300.jpg 300w, https:\/\/mediavoxmagazine.it\/wp-content\/uploads\/2022\/01\/FB_IMG_1642418972273-150x150.jpg 150w, https:\/\/mediavoxmagazine.it\/wp-content\/uploads\/2022\/01\/FB_IMG_1642418972273-768x768.jpg 768w, https:\/\/mediavoxmagazine.it\/wp-content\/uploads\/2022\/01\/FB_IMG_1642418972273.jpg 1080w\" sizes=\"auto, (max-width: 1024px) 100vw, 1024px\" \/><figcaption class=\"blocks-gallery-item__caption\"><a href=\"http:\/\/casasanremo.it\/2022\/01\/14\/giuria-casa-sanremo-writers-2022\/\">http:\/\/casasanremo.it\/2022\/01\/14\/giuria-casa-sanremo-writers-2022\/<\/a><\/figcaption><\/figure><\/li><li class=\"blocks-gallery-item\"><figure><img loading=\"lazy\" decoding=\"async\" width=\"1024\" height=\"1024\" src=\"https:\/\/mediavoxmagazine.it\/wp-content\/uploads\/2022\/01\/FB_IMG_1642418976095-1024x1024.jpg\" alt=\"\" data-id=\"18852\" data-full-url=\"https:\/\/mediavoxmagazine.it\/wp-content\/uploads\/2022\/01\/FB_IMG_1642418976095.jpg\" data-link=\"https:\/\/mediavoxmagazine.it\/?attachment_id=18852\" class=\"wp-image-18852\" srcset=\"https:\/\/mediavoxmagazine.it\/wp-content\/uploads\/2022\/01\/FB_IMG_1642418976095-1024x1024.jpg 1024w, https:\/\/mediavoxmagazine.it\/wp-content\/uploads\/2022\/01\/FB_IMG_1642418976095-300x300.jpg 300w, https:\/\/mediavoxmagazine.it\/wp-content\/uploads\/2022\/01\/FB_IMG_1642418976095-150x150.jpg 150w, https:\/\/mediavoxmagazine.it\/wp-content\/uploads\/2022\/01\/FB_IMG_1642418976095-768x768.jpg 768w, https:\/\/mediavoxmagazine.it\/wp-content\/uploads\/2022\/01\/FB_IMG_1642418976095.jpg 1080w\" sizes=\"auto, (max-width: 1024px) 100vw, 1024px\" \/><figcaption class=\"blocks-gallery-item__caption\"><a href=\"http:\/\/casasanremo.it\/2022\/01\/14\/giuria-casa-sanremo-writers-2022\/\">http:\/\/casasanremo.it\/2022\/01\/14\/giuria-casa-sanremo-writers-2022\/<\/a><\/figcaption><\/figure><\/li><\/ul><figcaption class=\"blocks-gallery-caption\"><strong><span class=\"has-inline-color has-vivid-red-color\"><\/span><\/strong><\/figcaption><\/figure>\n\n\n\n<blockquote class=\"wp-block-quote is-layout-flow wp-block-quote-is-layout-flow\"><p><\/p><\/blockquote>\n\n\n\n<p class=\"wp-block-paragraph\">La settimana del <strong><span class=\"has-inline-color has-vivid-cyan-blue-color\">Festival<\/span><\/strong> \u00e8 intensa, ricca di iniziative che possono essere seguite nei Teatri<br>di <strong><span class=\"has-inline-color has-vivid-cyan-blue-color\">Casa Sanremo<\/span><\/strong> ed in diretta <em>streaming<\/em> su <strong><span class=\"has-inline-color has-vivid-cyan-blue-color\">Casa Sanremo TV<\/span><\/strong>.<br><strong><span class=\"has-inline-color has-vivid-cyan-blue-color\">Casa Sanremo TV<\/span><\/strong> prevede appuntamenti quotidiani rinnovati e di grande successo, come i <em>format<\/em> \u201c<strong>Sanremo in diretta<\/strong>\u201d e \u201c<strong>L\u2019Italia in Vetrina<\/strong>\u201d, condotti da <strong><span class=\"has-inline-color has-pale-pink-color\">Veronica Maya<\/span><\/strong>, e \u201c<strong>Buongiorno Sanremo<\/strong>\u201d condotto da <strong><span class=\"has-inline-color has-pale-cyan-blue-color\">Savino Zaba<\/span><\/strong>; oltre agli appuntamenti con gli artisti in gara, curati da <strong>Rockol<\/strong>, <em>media partner <\/em>di <strong><span class=\"has-inline-color has-vivid-cyan-blue-color\">Casa Sanremo <\/span><\/strong>per il quarto anno; ancora, diversi<br>saranno i contenuti legati al food e alle tradizioni dei tanti straordinari <strong>Territori<\/strong> protagonisti che rappresentano il valore aggiunto del nostro Bel Paese all\u2019interno della<br>Casa.<\/p>\n\n\n\n<blockquote class=\"wp-block-quote is-layout-flow wp-block-quote-is-layout-flow\"><p><\/p><\/blockquote>\n\n\n\n<h3 class=\"has-text-align-center wp-block-heading\"><strong><span class=\"has-inline-color has-vivid-red-color\"><a href=\"https:\/\/www.facebook.com\/mediavoxmagazine\/\">MEDIAVOX MAGAZINE<\/a> PROMUOVE I SEGUENTI LIBRI, NELL&#8217;AMBITO DELLA &#8220;VETRINA&#8221; DI <a href=\"http:\/\/casasanremo.it\/2022\/01\/14\/giuria-casa-sanremo-writers-2022\/\">CASA SANREMO WRITERS<\/a><\/span><\/strong><\/h3>\n\n\n\n<p class=\"has-text-align-center wp-block-paragraph\">&#x1f447;&#x1f447;&#x1f447;&#x1f447;&#x1f447;&#x1f447;&#x1f447;<\/p>\n\n\n\n<figure class=\"wp-block-gallery columns-3 is-cropped wp-block-gallery-2 is-layout-flex wp-block-gallery-is-layout-flex\"><ul class=\"blocks-gallery-grid\"><li class=\"blocks-gallery-item\"><figure><img loading=\"lazy\" decoding=\"async\" width=\"1024\" height=\"1024\" src=\"https:\/\/mediavoxmagazine.it\/wp-content\/uploads\/2022\/01\/FB_IMG_1642418854937-1024x1024.jpg\" alt=\"\" data-id=\"18855\" data-link=\"https:\/\/mediavoxmagazine.it\/?attachment_id=18855\" class=\"wp-image-18855\" srcset=\"https:\/\/mediavoxmagazine.it\/wp-content\/uploads\/2022\/01\/FB_IMG_1642418854937-1024x1024.jpg 1024w, https:\/\/mediavoxmagazine.it\/wp-content\/uploads\/2022\/01\/FB_IMG_1642418854937-300x300.jpg 300w, https:\/\/mediavoxmagazine.it\/wp-content\/uploads\/2022\/01\/FB_IMG_1642418854937-150x150.jpg 150w, https:\/\/mediavoxmagazine.it\/wp-content\/uploads\/2022\/01\/FB_IMG_1642418854937-768x768.jpg 768w, https:\/\/mediavoxmagazine.it\/wp-content\/uploads\/2022\/01\/FB_IMG_1642418854937.jpg 1080w\" sizes=\"auto, (max-width: 1024px) 100vw, 1024px\" \/><\/figure><\/li><li class=\"blocks-gallery-item\"><figure><img loading=\"lazy\" decoding=\"async\" width=\"1024\" height=\"1024\" src=\"https:\/\/mediavoxmagazine.it\/wp-content\/uploads\/2022\/01\/FB_IMG_1642418819032-1024x1024.jpg\" alt=\"\" data-id=\"18856\" data-link=\"https:\/\/mediavoxmagazine.it\/?attachment_id=18856\" class=\"wp-image-18856\" srcset=\"https:\/\/mediavoxmagazine.it\/wp-content\/uploads\/2022\/01\/FB_IMG_1642418819032-1024x1024.jpg 1024w, https:\/\/mediavoxmagazine.it\/wp-content\/uploads\/2022\/01\/FB_IMG_1642418819032-300x300.jpg 300w, https:\/\/mediavoxmagazine.it\/wp-content\/uploads\/2022\/01\/FB_IMG_1642418819032-150x150.jpg 150w, https:\/\/mediavoxmagazine.it\/wp-content\/uploads\/2022\/01\/FB_IMG_1642418819032-768x767.jpg 768w, https:\/\/mediavoxmagazine.it\/wp-content\/uploads\/2022\/01\/FB_IMG_1642418819032.jpg 1080w\" sizes=\"auto, (max-width: 1024px) 100vw, 1024px\" \/><\/figure><\/li><li class=\"blocks-gallery-item\"><figure><img loading=\"lazy\" decoding=\"async\" width=\"1024\" height=\"1024\" src=\"https:\/\/mediavoxmagazine.it\/wp-content\/uploads\/2022\/01\/FB_IMG_1642418825760-1024x1024.jpg\" alt=\"\" data-id=\"18857\" data-link=\"https:\/\/mediavoxmagazine.it\/?attachment_id=18857\" class=\"wp-image-18857\" srcset=\"https:\/\/mediavoxmagazine.it\/wp-content\/uploads\/2022\/01\/FB_IMG_1642418825760-1024x1024.jpg 1024w, https:\/\/mediavoxmagazine.it\/wp-content\/uploads\/2022\/01\/FB_IMG_1642418825760-300x300.jpg 300w, https:\/\/mediavoxmagazine.it\/wp-content\/uploads\/2022\/01\/FB_IMG_1642418825760-150x150.jpg 150w, https:\/\/mediavoxmagazine.it\/wp-content\/uploads\/2022\/01\/FB_IMG_1642418825760-768x768.jpg 768w, https:\/\/mediavoxmagazine.it\/wp-content\/uploads\/2022\/01\/FB_IMG_1642418825760.jpg 1080w\" sizes=\"auto, (max-width: 1024px) 100vw, 1024px\" \/><\/figure><\/li><li class=\"blocks-gallery-item\"><figure><img loading=\"lazy\" decoding=\"async\" width=\"1024\" height=\"1024\" src=\"https:\/\/mediavoxmagazine.it\/wp-content\/uploads\/2022\/01\/FB_IMG_1642418861187-1024x1024.jpg\" alt=\"\" data-id=\"18858\" data-link=\"https:\/\/mediavoxmagazine.it\/?attachment_id=18858\" class=\"wp-image-18858\" srcset=\"https:\/\/mediavoxmagazine.it\/wp-content\/uploads\/2022\/01\/FB_IMG_1642418861187-1024x1024.jpg 1024w, https:\/\/mediavoxmagazine.it\/wp-content\/uploads\/2022\/01\/FB_IMG_1642418861187-300x300.jpg 300w, https:\/\/mediavoxmagazine.it\/wp-content\/uploads\/2022\/01\/FB_IMG_1642418861187-150x150.jpg 150w, https:\/\/mediavoxmagazine.it\/wp-content\/uploads\/2022\/01\/FB_IMG_1642418861187-768x767.jpg 768w, https:\/\/mediavoxmagazine.it\/wp-content\/uploads\/2022\/01\/FB_IMG_1642418861187.jpg 1080w\" sizes=\"auto, (max-width: 1024px) 100vw, 1024px\" \/><\/figure><\/li><li class=\"blocks-gallery-item\"><figure><img loading=\"lazy\" decoding=\"async\" width=\"1024\" height=\"1024\" src=\"https:\/\/mediavoxmagazine.it\/wp-content\/uploads\/2022\/01\/FB_IMG_1642418871734-1024x1024.jpg\" alt=\"\" data-id=\"18859\" data-link=\"https:\/\/mediavoxmagazine.it\/?attachment_id=18859\" class=\"wp-image-18859\" srcset=\"https:\/\/mediavoxmagazine.it\/wp-content\/uploads\/2022\/01\/FB_IMG_1642418871734-1024x1024.jpg 1024w, https:\/\/mediavoxmagazine.it\/wp-content\/uploads\/2022\/01\/FB_IMG_1642418871734-300x300.jpg 300w, https:\/\/mediavoxmagazine.it\/wp-content\/uploads\/2022\/01\/FB_IMG_1642418871734-150x150.jpg 150w, https:\/\/mediavoxmagazine.it\/wp-content\/uploads\/2022\/01\/FB_IMG_1642418871734-768x768.jpg 768w, https:\/\/mediavoxmagazine.it\/wp-content\/uploads\/2022\/01\/FB_IMG_1642418871734.jpg 1080w\" sizes=\"auto, (max-width: 1024px) 100vw, 1024px\" \/><\/figure><\/li><li class=\"blocks-gallery-item\"><figure><img loading=\"lazy\" decoding=\"async\" width=\"1024\" height=\"1024\" src=\"https:\/\/mediavoxmagazine.it\/wp-content\/uploads\/2022\/01\/FB_IMG_1642423637510-1024x1024.jpg\" alt=\"\" data-id=\"18864\" data-full-url=\"https:\/\/mediavoxmagazine.it\/wp-content\/uploads\/2022\/01\/FB_IMG_1642423637510.jpg\" data-link=\"https:\/\/mediavoxmagazine.it\/?attachment_id=18864\" class=\"wp-image-18864\" srcset=\"https:\/\/mediavoxmagazine.it\/wp-content\/uploads\/2022\/01\/FB_IMG_1642423637510-1024x1024.jpg 1024w, https:\/\/mediavoxmagazine.it\/wp-content\/uploads\/2022\/01\/FB_IMG_1642423637510-300x300.jpg 300w, https:\/\/mediavoxmagazine.it\/wp-content\/uploads\/2022\/01\/FB_IMG_1642423637510-150x150.jpg 150w, https:\/\/mediavoxmagazine.it\/wp-content\/uploads\/2022\/01\/FB_IMG_1642423637510-768x768.jpg 768w, https:\/\/mediavoxmagazine.it\/wp-content\/uploads\/2022\/01\/FB_IMG_1642423637510.jpg 1080w\" sizes=\"auto, (max-width: 1024px) 100vw, 1024px\" \/><\/figure><\/li><\/ul><\/figure>\n\n\n\n<blockquote class=\"wp-block-quote is-layout-flow wp-block-quote-is-layout-flow\"><p><\/p><\/blockquote>\n","protected":false},"excerpt":{"rendered":"<div class=\"mh-excerpt\"><p>La Casa del Festival festeggia quest\u2019anno un compleanno importante: 15 anni di illustri ospiti, grandi progetti e nuovi format. Tutto all\u2019insegna della Cultura e della <a class=\"mh-excerpt-more\" href=\"https:\/\/mediavoxmagazine.it\/?p=18823\" title=\"CASA SANREMO: L\u2019AREA HOSPITALITY DEL FESTIVAL DI SANREMO SPEGNE 15 CANDELINE\">[&#8230;]<\/a><\/p>\n<\/div>","protected":false},"author":18,"featured_media":18844,"comment_status":"closed","ping_status":"closed","sticky":true,"template":"","format":"standard","meta":{"footnotes":""},"categories":[244],"tags":[],"class_list":["post-18823","post","type-post","status-publish","format-standard","has-post-thumbnail","hentry","category-speciale-sanremo"],"_links":{"self":[{"href":"https:\/\/mediavoxmagazine.it\/index.php?rest_route=\/wp\/v2\/posts\/18823","targetHints":{"allow":["GET"]}}],"collection":[{"href":"https:\/\/mediavoxmagazine.it\/index.php?rest_route=\/wp\/v2\/posts"}],"about":[{"href":"https:\/\/mediavoxmagazine.it\/index.php?rest_route=\/wp\/v2\/types\/post"}],"author":[{"embeddable":true,"href":"https:\/\/mediavoxmagazine.it\/index.php?rest_route=\/wp\/v2\/users\/18"}],"replies":[{"embeddable":true,"href":"https:\/\/mediavoxmagazine.it\/index.php?rest_route=%2Fwp%2Fv2%2Fcomments&post=18823"}],"version-history":[{"count":28,"href":"https:\/\/mediavoxmagazine.it\/index.php?rest_route=\/wp\/v2\/posts\/18823\/revisions"}],"predecessor-version":[{"id":18865,"href":"https:\/\/mediavoxmagazine.it\/index.php?rest_route=\/wp\/v2\/posts\/18823\/revisions\/18865"}],"wp:featuredmedia":[{"embeddable":true,"href":"https:\/\/mediavoxmagazine.it\/index.php?rest_route=\/wp\/v2\/media\/18844"}],"wp:attachment":[{"href":"https:\/\/mediavoxmagazine.it\/index.php?rest_route=%2Fwp%2Fv2%2Fmedia&parent=18823"}],"wp:term":[{"taxonomy":"category","embeddable":true,"href":"https:\/\/mediavoxmagazine.it\/index.php?rest_route=%2Fwp%2Fv2%2Fcategories&post=18823"},{"taxonomy":"post_tag","embeddable":true,"href":"https:\/\/mediavoxmagazine.it\/index.php?rest_route=%2Fwp%2Fv2%2Ftags&post=18823"}],"curies":[{"name":"wp","href":"https:\/\/api.w.org\/{rel}","templated":true}]}}