{"id":18979,"date":"2022-02-02T08:42:00","date_gmt":"2022-02-02T07:42:00","guid":{"rendered":"https:\/\/mediavoxmagazine.it\/?p=18979"},"modified":"2022-09-29T07:08:59","modified_gmt":"2022-09-29T06:08:59","slug":"il-festival-della-gioia","status":"publish","type":"post","link":"https:\/\/mediavoxmagazine.it\/?p=18979","title":{"rendered":"Il Festival della leggerezza, della gioia e della sana improvvisazione"},"content":{"rendered":"\n<p class=\"wp-block-paragraph\">Voglia di <strong>leggerezza<\/strong>. Non superficialit\u00e0, alla Calvino per intenderci. \u00c8 questo che lo scorso anno avevamo chiesto ed ottenuto dal Festival svolto in piena pandemia, senza pubblico.<\/p>\n\n\n\n<p class=\"wp-block-paragraph\">Quest&#8217;anno il pubblico c&#8217;\u00e8 e chiediamo <strong>gioia<\/strong>, cos\u00ec come ha ribadito il Direttore di RAI1 Stefano Coletta.<\/p>\n\n\n\n<p class=\"wp-block-paragraph\">Ritorna il <strong>pubblico<\/strong> in presenza a colorare l&#8217;Ariston. Non pi\u00f9 solo fiori, luci e scenografie impressionanti. Tornano gli applausi. I sorrisi no, perch\u00e9 ci sono ancora le mascherine. Ma le <em>standing ovation<\/em> s\u00ed. E allora la regia si potr\u00e1 sbizzarrire con inquadrature dinamiche, interagendo con le persone in sala. Cogliere attimi di spontaneit\u00e0 che fotografano all&#8217;istante il tasso di gradimento dello spettacolo.<\/p>\n\n\n\n<p class=\"wp-block-paragraph\">La <strong>regia<\/strong> sar\u00e0 la spalla naturale di Amadeus e dei suoi ospiti.<\/p>\n\n\n\n<p class=\"wp-block-paragraph\">Spazio, dunque, alla <strong>naturalezza<\/strong> e, perch\u00e9 no, all<strong>&#8216;improvvisazione<\/strong>&#8230; ne abbiamo parlato in Conferenza stampa proprio con <strong>Amadeus<\/strong>.<\/p>\n\n\n\n<blockquote class=\"wp-block-quote is-layout-flow wp-block-quote-is-layout-flow\"><p><\/p><\/blockquote>\n\n\n\n<blockquote class=\"wp-block-quote has-text-align-center is-layout-flow wp-block-quote-is-layout-flow\"><p><strong><span class=\"has-inline-color has-vivid-red-color\">Guarda ed ascolta un estratto dal video &#x1f447;<\/span><\/strong><\/p><\/blockquote>\n\n\n\n<figure class=\"wp-block-video\"><video height=\"480\" style=\"aspect-ratio: 848 \/ 480;\" width=\"848\" controls src=\"https:\/\/mediavoxmagazine.it\/wp-content\/uploads\/2022\/02\/VID-20220206-WA0023.mp4\"><\/video><\/figure>\n\n\n\n<blockquote class=\"wp-block-quote has-text-align-center is-layout-flow wp-block-quote-is-layout-flow\"><p><sub><strong><span class=\"has-inline-color has-pale-pink-color\">Domanda<\/span><\/strong><span class=\"has-inline-color has-pale-pink-color\"><strong> ad Amadeus<\/strong><\/span><\/sub> <sub><strong><span class=\"has-inline-color has-pale-pink-color\">di<\/span><\/strong><\/sub> <sub><strong><span class=\"has-inline-color has-pale-pink-color\">Viridiana Myriam Salerno, giornalista accreditata nella Giuria Giornalisti<\/span><\/strong><\/sub> <sub><strong><span class=\"has-inline-color has-pale-pink-color\">del Festival di Sanremo<\/span><\/strong><\/sub><\/p><\/blockquote>\n\n\n\n<blockquote class=\"wp-block-quote is-layout-flow wp-block-quote-is-layout-flow\"><p><\/p><\/blockquote>\n\n\n\n<figure class=\"wp-block-image size-large\"><img loading=\"lazy\" decoding=\"async\" width=\"1024\" height=\"1024\" src=\"https:\/\/mediavoxmagazine.it\/wp-content\/uploads\/2022\/02\/Photo_1643784896402-1024x1024.png\" alt=\"\" class=\"wp-image-18984\" srcset=\"https:\/\/mediavoxmagazine.it\/wp-content\/uploads\/2022\/02\/Photo_1643784896402-1024x1024.png 1024w, https:\/\/mediavoxmagazine.it\/wp-content\/uploads\/2022\/02\/Photo_1643784896402-300x300.png 300w, https:\/\/mediavoxmagazine.it\/wp-content\/uploads\/2022\/02\/Photo_1643784896402-150x150.png 150w, https:\/\/mediavoxmagazine.it\/wp-content\/uploads\/2022\/02\/Photo_1643784896402-768x768.png 768w, https:\/\/mediavoxmagazine.it\/wp-content\/uploads\/2022\/02\/Photo_1643784896402.png 1080w\" sizes=\"auto, (max-width: 1024px) 100vw, 1024px\" \/><\/figure>\n\n\n\n<blockquote class=\"wp-block-quote is-layout-flow wp-block-quote-is-layout-flow\"><p><\/p><\/blockquote>\n\n\n\n<p class=\"wp-block-paragraph\"> <\/p>\n","protected":false},"excerpt":{"rendered":"<div class=\"mh-excerpt\"><p>Voglia di leggerezza. Non superficialit\u00e0, alla Calvino per intenderci. \u00c8 questo che lo scorso anno avevamo chiesto ed ottenuto dal Festival svolto in piena pandemia, <a class=\"mh-excerpt-more\" href=\"https:\/\/mediavoxmagazine.it\/?p=18979\" title=\"Il Festival della leggerezza, della gioia e della sana improvvisazione\">[&#8230;]<\/a><\/p>\n<\/div>","protected":false},"author":3,"featured_media":18978,"comment_status":"closed","ping_status":"closed","sticky":true,"template":"","format":"standard","meta":{"footnotes":""},"categories":[244],"tags":[],"class_list":["post-18979","post","type-post","status-publish","format-standard","has-post-thumbnail","hentry","category-speciale-sanremo"],"_links":{"self":[{"href":"https:\/\/mediavoxmagazine.it\/index.php?rest_route=\/wp\/v2\/posts\/18979","targetHints":{"allow":["GET"]}}],"collection":[{"href":"https:\/\/mediavoxmagazine.it\/index.php?rest_route=\/wp\/v2\/posts"}],"about":[{"href":"https:\/\/mediavoxmagazine.it\/index.php?rest_route=\/wp\/v2\/types\/post"}],"author":[{"embeddable":true,"href":"https:\/\/mediavoxmagazine.it\/index.php?rest_route=\/wp\/v2\/users\/3"}],"replies":[{"embeddable":true,"href":"https:\/\/mediavoxmagazine.it\/index.php?rest_route=%2Fwp%2Fv2%2Fcomments&post=18979"}],"version-history":[{"count":12,"href":"https:\/\/mediavoxmagazine.it\/index.php?rest_route=\/wp\/v2\/posts\/18979\/revisions"}],"predecessor-version":[{"id":18994,"href":"https:\/\/mediavoxmagazine.it\/index.php?rest_route=\/wp\/v2\/posts\/18979\/revisions\/18994"}],"wp:featuredmedia":[{"embeddable":true,"href":"https:\/\/mediavoxmagazine.it\/index.php?rest_route=\/wp\/v2\/media\/18978"}],"wp:attachment":[{"href":"https:\/\/mediavoxmagazine.it\/index.php?rest_route=%2Fwp%2Fv2%2Fmedia&parent=18979"}],"wp:term":[{"taxonomy":"category","embeddable":true,"href":"https:\/\/mediavoxmagazine.it\/index.php?rest_route=%2Fwp%2Fv2%2Fcategories&post=18979"},{"taxonomy":"post_tag","embeddable":true,"href":"https:\/\/mediavoxmagazine.it\/index.php?rest_route=%2Fwp%2Fv2%2Ftags&post=18979"}],"curies":[{"name":"wp","href":"https:\/\/api.w.org\/{rel}","templated":true}]}}