{"id":196,"date":"2016-01-05T10:02:24","date_gmt":"2016-01-05T10:02:24","guid":{"rendered":"https:\/\/mediavoxmagazine.it\/?p=196"},"modified":"2016-01-11T15:45:29","modified_gmt":"2016-01-11T15:45:29","slug":"lalba-piu-fredda-che-ce","status":"publish","type":"post","link":"https:\/\/mediavoxmagazine.it\/?p=196","title":{"rendered":"L\u2019ALBA PIU\u2019 FREDDA CHE C\u2019E\u2019"},"content":{"rendered":"<p>Un tocco di soul, condito dalla giusta dose di elettronica. Suoni vintage e giochi di straordinaria vocalit\u00e0. Un testo che parla del passato, con uno sguardo colorato al futuro.<\/p>\n<p>La canzone \u00e8 \u201cL\u2019ALBA PIU\u2019 FREDDA CHE C\u2019E\u2019\u201d e ce la regala Bianca. Terzo singolo estratto da \u201cL&#8217;altra met\u00e0\u201d, album d&#8217;esordio della bravissima cantante torinese (prodotto da Alma, con la direzione artistica di Alex Gaydou e distribuito da Believe Digital,\u00a0 disponibile\u00a0 in digital download e su tutte le piattaforme streaming).<\/p>\n<p>\u201c<em>Quella che tu chiami felicit\u00e0, io non la conosco eppure mi spaventa<\/em>\u201d:\u00a0 canta Bianca, che \u00a0racconta: \u201c<em>\u00c8 una canzone double face. Inizia un po\u2019 rabbiosa per poi sciogliersi gi\u00e0 nel ritornello<\/em>.\u201d<\/p>\n<p>L\u2019arrangiamento del brano \u00e8 di Mauro Tondini.<\/p>\n<p>Vi consigliamo di guardare il video al link: https:\/\/www.youtube.com\/watch?v=4MF1Gi7Syy8<\/p>\n<p>Perch\u00e9 il video \u00e8 particolare, perch\u00e9 \u00e8 carico di significato, perch\u00e9 \u00e8 davvero piacevole. Bianca ha scelto lo stile del lyric emoticon video: a conclusione dell\u2019anno in cui la faccina gialla che ride con le lacrime \u00e8 stata proclamata &#8220;parola dell&#8217;anno&#8221;, l&#8217;uso delle emoji sostituisce le parole.\u00a0 Del resto, una faccina che ride \u00e8 universale come la musica!<\/p>\n<p>&nbsp;<\/p>\n<p>&nbsp;<\/p>\n<p><em>Note biografiche: <\/em>BIANCA nasce a Torino il 17 ottobre 1993. Inizia a studiare canto jazz a 14 anni presso la Provoice di Elisabetta Prodon e successivamente p<img loading=\"lazy\" decoding=\"async\" class=\"size-medium wp-image-322 alignleft\" src=\"https:\/\/mediavoxmagazine.it\/wp-content\/uploads\/2016\/01\/BIANCA-1-300x199.jpg\" alt=\"BIANCA\" width=\"300\" height=\"199\" srcset=\"https:\/\/mediavoxmagazine.it\/wp-content\/uploads\/2016\/01\/BIANCA-1-300x199.jpg 300w, https:\/\/mediavoxmagazine.it\/wp-content\/uploads\/2016\/01\/BIANCA-1-768x511.jpg 768w, https:\/\/mediavoxmagazine.it\/wp-content\/uploads\/2016\/01\/BIANCA-1-1024x681.jpg 1024w\" sizes=\"auto, (max-width: 300px) 100vw, 300px\" \/>resso Suononuovo con Giuseppe Torrente. Nel 2012 incontra Alex Gaydou in un corso di perfezionamento vocale e inizia a collaborare con lui. Nel dicembre 2013 vince Area Sanremo con il brano Saprai, ed \u00e8 quindi in gara fra le Nuove Proposte del Festival di Sanremo 2014. Nei giorni della kermesse esce L\u2019altra met\u00e0, il suo album di esordio prodotto da ALMA\/Believe, contenente otto brani inediti tutti scritti per Bianca dal suo produttore Alex Gaydou. Dopo il successo sanremese inizia un\u2019attivit\u00e0 live fra concerti e ospitate ad eventi e continua\u00a0 a perfezionare la sua vocalit\u00e0 ricca di sfumature con Danila Satragno, vocal coach che ha collaborato con grandi artisti, tra cui Fabrizio De Andr\u00e9, Giuliano Sangiorgi, Biagio Antonacci, Mango e molti altri. Nell\u2019estate 2015 Bianca pubblica il singolo You\u2019ll never know, un brano in cui esplodono sonorit\u00e0 che fondono suoni internazionali alle sfumature vocali di Bianca, molto protratte verso il soul, rendendo questo nuovo singolo in lingua inglese, l\u2019inizio di un suo nuovo percorso musicale che coinvolge anche il mercato europeo, il cui videoclip ufficiale vanta la partecipazione dell&#8217;attore e modello Luca Sguazzini. Nell\u2019autunno 2015 si trasferisce a Londra, dove vive attualmente, per perfezionare la lingua inglese e approfondire\u00a0 lo studio della musica soul\/jazz. A gennaio 2016 Bianca lancia in radio il suo terzo singolo L\u2019alba pi\u00f9 fredda che c\u2019\u00e8.<\/p>\n<p>Facebook: www.facebook.com\/biancamusica\u00a0\u00a0\u00a0Twitter: @Emma_Fuggetta<\/p>\n","protected":false},"excerpt":{"rendered":"<div class=\"mh-excerpt\"><p>Un tocco di soul, condito dalla giusta dose di elettronica. Suoni vintage e giochi di straordinaria vocalit\u00e0. Un testo che parla del passato, con uno <a class=\"mh-excerpt-more\" href=\"https:\/\/mediavoxmagazine.it\/?p=196\" title=\"L\u2019ALBA PIU\u2019 FREDDA CHE C\u2019E\u2019\">[&#8230;]<\/a><\/p>\n<\/div>","protected":false},"author":2,"featured_media":197,"comment_status":"closed","ping_status":"closed","sticky":false,"template":"","format":"standard","meta":{"footnotes":""},"categories":[5],"tags":[18,85,87,23,86,88],"class_list":["post-196","post","type-post","status-publish","format-standard","has-post-thumbnail","hentry","category-musica","tag-arte","tag-bianca","tag-emoticon","tag-musica","tag-singolo","tag-video"],"_links":{"self":[{"href":"https:\/\/mediavoxmagazine.it\/index.php?rest_route=\/wp\/v2\/posts\/196","targetHints":{"allow":["GET"]}}],"collection":[{"href":"https:\/\/mediavoxmagazine.it\/index.php?rest_route=\/wp\/v2\/posts"}],"about":[{"href":"https:\/\/mediavoxmagazine.it\/index.php?rest_route=\/wp\/v2\/types\/post"}],"author":[{"embeddable":true,"href":"https:\/\/mediavoxmagazine.it\/index.php?rest_route=\/wp\/v2\/users\/2"}],"replies":[{"embeddable":true,"href":"https:\/\/mediavoxmagazine.it\/index.php?rest_route=%2Fwp%2Fv2%2Fcomments&post=196"}],"version-history":[{"count":5,"href":"https:\/\/mediavoxmagazine.it\/index.php?rest_route=\/wp\/v2\/posts\/196\/revisions"}],"predecessor-version":[{"id":324,"href":"https:\/\/mediavoxmagazine.it\/index.php?rest_route=\/wp\/v2\/posts\/196\/revisions\/324"}],"wp:featuredmedia":[{"embeddable":true,"href":"https:\/\/mediavoxmagazine.it\/index.php?rest_route=\/wp\/v2\/media\/197"}],"wp:attachment":[{"href":"https:\/\/mediavoxmagazine.it\/index.php?rest_route=%2Fwp%2Fv2%2Fmedia&parent=196"}],"wp:term":[{"taxonomy":"category","embeddable":true,"href":"https:\/\/mediavoxmagazine.it\/index.php?rest_route=%2Fwp%2Fv2%2Fcategories&post=196"},{"taxonomy":"post_tag","embeddable":true,"href":"https:\/\/mediavoxmagazine.it\/index.php?rest_route=%2Fwp%2Fv2%2Ftags&post=196"}],"curies":[{"name":"wp","href":"https:\/\/api.w.org\/{rel}","templated":true}]}}