{"id":20664,"date":"2022-04-19T08:17:23","date_gmt":"2022-04-19T07:17:23","guid":{"rendered":"https:\/\/mediavoxmagazine.it\/?p=20664"},"modified":"2022-09-29T07:08:26","modified_gmt":"2022-09-29T06:08:26","slug":"il-backstage-e-lanima-di-una-produzione","status":"publish","type":"post","link":"https:\/\/mediavoxmagazine.it\/?p=20664","title":{"rendered":"Il backstage \u00e8 l&#8217;anima di una produzione"},"content":{"rendered":"\n<p class=\"wp-block-paragraph\">&#8220;<strong><span class=\"has-inline-color has-vivid-cyan-blue-color\"><a href=\"https:\/\/mediavoxmagazine.it\/?p=19650\">NOI<\/a><\/span><\/strong>&#8221; \u00e8 la versione italiana di &#8220;<strong>This is US<\/strong>&#8220;. La<strong> serie tv RAI<\/strong>, targata <strong>Cattleya<\/strong>, che ha fatto tanto discutere i telespettatori. Per &#8220;<strong><span class=\"has-inline-color has-vivid-cyan-blue-color\"><a href=\"https:\/\/mediavoxmagazine.it\/?p=19650\">NOI<\/a><\/span><\/strong>&#8221; nessuna via di mezzo. O la si \u00e8 amata, o la si \u00e8 &#8220;odiata&#8221;. Noi di <strong><span class=\"has-inline-color has-luminous-vivid-amber-color\"><a href=\"https:\/\/www.facebook.com\/mediavoxmagazine\/\">MediaVox Magazine<\/a><\/span><\/strong>, abbiamo promosso gli attori, la regia ma anche il <strong><em>cast<\/em> tecnico<\/strong>. <\/p>\n\n\n\n<figure class=\"wp-block-image size-large\"><img loading=\"lazy\" decoding=\"async\" width=\"1024\" height=\"683\" src=\"https:\/\/mediavoxmagazine.it\/wp-content\/uploads\/2022\/04\/PHOTO-2022-03-06-16-50-23-1024x683.jpg\" alt=\"\" class=\"wp-image-20707\" srcset=\"https:\/\/mediavoxmagazine.it\/wp-content\/uploads\/2022\/04\/PHOTO-2022-03-06-16-50-23-1024x683.jpg 1024w, https:\/\/mediavoxmagazine.it\/wp-content\/uploads\/2022\/04\/PHOTO-2022-03-06-16-50-23-300x200.jpg 300w, https:\/\/mediavoxmagazine.it\/wp-content\/uploads\/2022\/04\/PHOTO-2022-03-06-16-50-23-768x512.jpg 768w, https:\/\/mediavoxmagazine.it\/wp-content\/uploads\/2022\/04\/PHOTO-2022-03-06-16-50-23.jpg 1161w\" sizes=\"auto, (max-width: 1024px) 100vw, 1024px\" \/><\/figure>\n\n\n\n<figure class=\"wp-block-pullquote\"><blockquote><p><strong>Dopo aver conosciuto la bravissima fotografa di scena, <span class=\"has-inline-color has-pale-pink-color\"><a href=\"https:\/\/mediavoxmagazine.it\/?p=20198\">Jessica Guidi<\/a><\/span>, abbiamo intervistato <a href=\"https:\/\/www.danielesantonicola.com\/\"><span class=\"has-inline-color has-vivid-cyan-blue-color\">Daniele Santonicola<\/span> <\/a>che meravigliosamente ha curato il <em><span class=\"has-inline-color has-vivid-red-color\">backstage<\/span><\/em> di &#8220;<span class=\"has-inline-color has-vivid-cyan-blue-color\"><a href=\"https:\/\/mediavoxmagazine.it\/?p=19650\">NOI<\/a><\/span>&#8220;<\/strong><\/p><\/blockquote><\/figure>\n\n\n\n<figure class=\"wp-block-image size-large\"><img loading=\"lazy\" decoding=\"async\" width=\"1024\" height=\"721\" src=\"https:\/\/mediavoxmagazine.it\/wp-content\/uploads\/2022\/04\/PHOTO-2022-03-06-16-50-50-1024x721.jpg\" alt=\"\" class=\"wp-image-20708\" srcset=\"https:\/\/mediavoxmagazine.it\/wp-content\/uploads\/2022\/04\/PHOTO-2022-03-06-16-50-50-1024x721.jpg 1024w, https:\/\/mediavoxmagazine.it\/wp-content\/uploads\/2022\/04\/PHOTO-2022-03-06-16-50-50-300x211.jpg 300w, https:\/\/mediavoxmagazine.it\/wp-content\/uploads\/2022\/04\/PHOTO-2022-03-06-16-50-50-768x541.jpg 768w, https:\/\/mediavoxmagazine.it\/wp-content\/uploads\/2022\/04\/PHOTO-2022-03-06-16-50-50.jpg 1134w\" sizes=\"auto, (max-width: 1024px) 100vw, 1024px\" \/><\/figure>\n\n\n\n<p class=\"wp-block-paragraph\">Entusiasmante, adrenalinico, impegnativo: \u00e8 cos\u00ec che <strong><span class=\"has-inline-color has-vivid-cyan-blue-color\"><a href=\"https:\/\/www.danielesantonicola.com\/\">Daniele<\/a><\/span><\/strong> ha descritto il suo mondo. Ed allora entriamo nel dietro le quinte di un lavoro difficile e gratificante, stimolante e complesso. Un lavoro che \u00e8 continua ricerca, dedizione completa. Un lavoro che \u00e8 anche creativa sperimentazione. <\/p>\n\n\n\n<p class=\"wp-block-paragraph\">Realizzare il <em><span class=\"has-inline-color has-vivid-red-color\"><strong>backstage<\/strong><\/span><\/em> di una produzione significa entrare nell&#8217;anima di un progetto, spogliarla di inutili fronzoli e vestirla di profondit\u00e0. Raccontare ci\u00f2 che non sempre \u00e8 visibile. Uno sguardo, un sorriso ma anche un&#8217;espressione di disappunto possono fare la differenza. Accattivante: il <em><strong><span class=\"has-inline-color has-vivid-red-color\">backstage<\/span><\/strong><\/em> deve esserlo. Con la giusta dose di curiosit\u00e0, un pizzico di mistero e tanto sentimento. Lo spettatore ha voglia di essere coinvolto, di essere motivato&#8230;<\/p>\n\n\n\n<p class=\"wp-block-paragraph\"><strong><span class=\"has-inline-color has-vivid-cyan-blue-color\"><a href=\"https:\/\/www.danielesantonicola.com\/\">Daniele Santonicola<\/a><\/span><\/strong> \u00e8 un professionista pluripremiato, molto apprezzato dagli addetti ai lavori del suo settore. Quando lo abbiamo conosciuto, abbiamo percepito subito che il suo successo pu\u00f2 essere raccontato attraverso 3 parole: passione, professionalit\u00e0, umilt\u00e0. Della storia di <strong><span class=\"has-inline-color has-vivid-cyan-blue-color\"><a href=\"https:\/\/www.danielesantonicola.com\/\">Daniele<\/a><\/span><\/strong> ci ha appassionato la descrizione dell&#8217;amore per il suo lavoro: aveva solo 3 anni quando promise al bambino che era allora di non abbandonare mai il suo sogno. Sogno che, con studio e tanta gavetta, oggi ha pienamente realizzato.<\/p>\n\n\n\n<figure class=\"wp-block-image size-large\"><a href=\"https:\/\/www.danielesantonicola.com\/\"><img loading=\"lazy\" decoding=\"async\" width=\"1024\" height=\"683\" src=\"https:\/\/mediavoxmagazine.it\/wp-content\/uploads\/2022\/04\/DSCF0596-1024x683.jpg\" alt=\"\" class=\"wp-image-20712\" srcset=\"https:\/\/mediavoxmagazine.it\/wp-content\/uploads\/2022\/04\/DSCF0596-1024x683.jpg 1024w, https:\/\/mediavoxmagazine.it\/wp-content\/uploads\/2022\/04\/DSCF0596-300x200.jpg 300w, https:\/\/mediavoxmagazine.it\/wp-content\/uploads\/2022\/04\/DSCF0596-768x512.jpg 768w, https:\/\/mediavoxmagazine.it\/wp-content\/uploads\/2022\/04\/DSCF0596.jpg 1488w\" sizes=\"auto, (max-width: 1024px) 100vw, 1024px\" \/><\/a><\/figure>\n\n\n\n<blockquote class=\"wp-block-quote is-layout-flow wp-block-quote-is-layout-flow\"><p><strong><span class=\"has-inline-color has-luminous-vivid-orange-color\">L&#8217;INTERVISTA<\/span><\/strong><\/p><\/blockquote>\n\n\n\n<figure class=\"wp-block-image size-large\"><a href=\"https:\/\/www.danielesantonicola.com\/\"><img loading=\"lazy\" decoding=\"async\" width=\"1024\" height=\"768\" src=\"https:\/\/mediavoxmagazine.it\/wp-content\/uploads\/2022\/04\/PHOTO-2020-09-15-09-49-19-1024x768.jpg\" alt=\"\" class=\"wp-image-20713\" srcset=\"https:\/\/mediavoxmagazine.it\/wp-content\/uploads\/2022\/04\/PHOTO-2020-09-15-09-49-19-1024x768.jpg 1024w, https:\/\/mediavoxmagazine.it\/wp-content\/uploads\/2022\/04\/PHOTO-2020-09-15-09-49-19-300x225.jpg 300w, https:\/\/mediavoxmagazine.it\/wp-content\/uploads\/2022\/04\/PHOTO-2020-09-15-09-49-19-768x576.jpg 768w, https:\/\/mediavoxmagazine.it\/wp-content\/uploads\/2022\/04\/PHOTO-2020-09-15-09-49-19-1536x1152.jpg 1536w, https:\/\/mediavoxmagazine.it\/wp-content\/uploads\/2022\/04\/PHOTO-2020-09-15-09-49-19-235x176.jpg 235w, https:\/\/mediavoxmagazine.it\/wp-content\/uploads\/2022\/04\/PHOTO-2020-09-15-09-49-19-80x60.jpg 80w, https:\/\/mediavoxmagazine.it\/wp-content\/uploads\/2022\/04\/PHOTO-2020-09-15-09-49-19.jpg 1600w\" sizes=\"auto, (max-width: 1024px) 100vw, 1024px\" \/><\/a><\/figure>\n\n\n\n<p class=\"wp-block-paragraph\"><strong>Chi \u00e8 Daniele Santonicola?<\/strong> <em>Daniele \u00e8 un ragazzo nato con la passione per il Cinema e ha fatto in modo, fin da piccolo, che questa passione riuscisse a diventare anche il filo conduttore della sua vita professionale.<\/em><\/p>\n\n\n\n<p class=\"wp-block-paragraph\"><strong>Quando hai deciso di intraprendere la tua carriera professionale?<\/strong> <em>Fin da piccolissimo: a 3 anni inserivo e toglievo videocassette dal videoregistratore, a 6 anni usavo la videocamera di mio padre per girare cortometraggi casalinghi con i pupazzi. Sapevo che avrei fatto in modo che l&#8217;amore per il Cinema sarebbe diventato un giorno anche la mia professione.<\/em><\/p>\n\n\n\n<p class=\"wp-block-paragraph\"><strong>Descrivi il tuo lavoro con tre aggettivi. <\/strong><em>Entusiasmante, adrenalinico, impegnativo.<\/em><\/p>\n\n\n\n<p class=\"wp-block-paragraph\"><strong>Il dietro le quinte di una produzione \u00e8 l\u2019anima di quello che lo spettatore pu\u00f2 ammirare. Che cosa significa realmente occuparsi delle riprese video del backstage?<\/strong> <em>Significa riuscire a far scoprire allo spettatore l\u2019intero mondo di persone e di luoghi che c\u2019\u00e8 dietro il primo piano di un attore, costruendo un racconto visivo accattivante. Nella pratica, significa avere la capacit\u00e0 di essere l\u2019elemento pi\u00f9 presente sul set essendo, al contempo, il pi\u00f9 invisibile di tutti.<\/em><\/p>\n\n\n\n<p class=\"wp-block-paragraph\"><strong>Hai lavorato come professionista in diversi ambiti artistici: quale preferisci e perch\u00e9?<\/strong> <em>Ho cominciato in veste di giurato, dai 12 ai 18 anni, al Giffoni Film Festival, un luogo che mi ha dato soprattutto la possibilit\u00e0 di capire che quei volti che vedevo sul grande schermo non erano affatto irraggiungibili per un ragazzo proveniente da un paesino campano. A 17 anni, ho cominciato a realizzare cortometraggi a zero-budget che mi hanno permesso di vincere premi in giro per il mondo. A 19 anni, ho cominciato a lavorare come assistente volontario sul set di un paio di film: volevo assolutamente capire come realmente funzionasse un set, dopo averlo studiato incessantemente nei dietro le quinte dei dvd che macinavo nella mia cameretta. Poco dopo, questa curiosit\u00e0 si \u00e8 trasformata in un mestiere: ho iniziato a realizzare video di backstage; voglio assolutamente proseguire in questa carriera e continuare, in parallelo, le esperienze da regista<\/em>.<\/p>\n\n\n\n<p class=\"wp-block-paragraph\"><strong>Che cosa porti con te dell\u2019esperienza di \u201cNoi\u201d?<\/strong><em> Un set lungo come quello di \u201cNoi\u201d, durato 7 mesi, ti rimane inevitabilmente nel cuore. Per quanto mi riguarda, finite le riprese, \u00e8 cominciata la fase di montaggio del backstage, per cui ho dedicato a questo progetto un anno di vita. Mi rimangono soprattutto le trasferte (la parte che pi\u00f9 mi piace del mio lavoro) in giro per l\u2019Italia: la troupe diventa una sorta di grande famiglia, unita per l\u2019occasione in luoghi che da solo magari non ti sarebbe mai venuto in mente di visitare e nei quali capita di saldare legami indissolubili che vanno al di l\u00e0 del lavoro.<\/em><\/p>\n\n\n\n<p class=\"wp-block-paragraph\"><strong>Speri che la collaborazione con \u201cNoi\u201d continui oppure credi che dopo questa prima serie non ce ne saranno altre, almeno per il momento?<\/strong><em> \u201cNoi\u201d \u00e8 entrato nel cuore di milioni di spettatori, spero che ci sar\u00e0 una seconda stagione.<\/em><\/p>\n\n\n\n<p class=\"wp-block-paragraph\"><strong>Hai lavorato sul set delle pi\u00f9 importanti produzioni degli ultimi anni: quale porti nel cuore e perch\u00e9?<\/strong> <em>Ogni lavoro, inevitabilmente, mi ha lasciato qualcosa nel cuore, di umano o anche di puramente professionale.<\/em> <em>Tra i lavori a cui sono pi\u00f9 legato, ne cito tre. Innanzitutto, \u201cSuburra \u2013 Il film\u201d di Stefano Sollima: per me \u00e8 stato un vero e proprio &#8220;battesimo di fuoco&#8221; con un grande regista su un set molto impegnativo (tre mesi di notti ad Ostia sotto una pioggia ricreata ad hoc), che mi \u00e8 valso il premio come miglior backstage al Festival del Cinema di Spello. Poi, \u201cLe Ch\u00e2teau du tarot\u201d, il cortometraggio di Matteo Garrone per Dior: mi ha dato l\u2019opportunit\u00e0 di lavorare con uno dei registi pi\u00f9 geniali del nostro cinema. Infine, \u201cRobbing Mussolini\u201d, il film Netflix di Renato De Maria, che uscir\u00e0 nei prossimi mesi e con un production value pazzesco, incredibilmente divertente da raccontare (e durante il quale ho realizzato, come regista, anche la video-campagna marketing).<\/em><\/p>\n\n\n\n<p class=\"wp-block-paragraph\"><strong>Che cosa, secondo te, decreta il successo di una produzione?<\/strong> <em>Oggi pi\u00f9 che mai, la qualit\u00e0 della strategia di marketing: puoi avere fatto il film pi\u00f9 bello del mondo, ma se la gente non sa che esiste e se non viene stimolata a vederlo, \u00e8 stata tutta fatica sprecata.<\/em><\/p>\n\n\n\n<p class=\"wp-block-paragraph\"><strong>L\u2019esperienza lavorativa che ha dato una svolta positiva alla tua carriera? E quella, invece, che non rifaresti?<\/strong> <em>I primi due lavori che ho realizzato 11 anni fa come backstage, \u201cLe guetteur\u201d di Michele Placido e \u201cCha cha cha\u201d di Marco Risi, sono stati fondamentali perch\u00e9 sono stati notati da Cattleya e mi hanno permesso di lavorare al backstage del \u201cSuburra\u201d di Sollima. A dir il vero, rifarei anche le esperienze che forse mi hanno lasciato meno entusiasta \u2013 un paio al massimo \u2013 perch\u00e9 mi hanno insegnato ad essere selettivo e a valutare un progetto prima di abbracciarlo.<\/em><\/p>\n\n\n\n<p class=\"wp-block-paragraph\"><strong>L\u2019opportunit\u00e0 che non \u00e8 ancora arrivata ma che continui a sognare?<\/strong> <em>Mi piacerebbe realizzare il backstage di una megaproduzione internazionale che mi porti a girare il mondo. Come regista, invece, mi piacerebbe continuare a lavorare in campagne di shooting marketing. Lavorare con una produzione che ti supporta attivamente (come \u00e8 stata, nel mio caso, Netflix) e con un\u2019agenzia creativa \u00e8 quanto di pi\u00f9 stimolante mi sia capitato.<\/em><\/p>\n\n\n\n<p class=\"wp-block-paragraph\"><strong>Che cosa vorresti che le persone cogliessero davvero nel frutto del tuo lavoro?<\/strong> <em>Mi piacerebbe che si cogliessero la grande passione e l\u2019incessante dedizione che ho messo in questo lavoro fin da bambino. Non si tratta del compito affidato a un ragazzino che, con la telecamera, riprende come in un filmino ricordo. Il backstage \u00e8, spesso, il primo elemento di un film che gli spettatori vedono online (a volte anche prima del trailer) e grazie al quale decidono se andare o meno al cinema.<\/em><\/p>\n\n\n\n<blockquote class=\"wp-block-quote is-layout-flow wp-block-quote-is-layout-flow\"><p><\/p><\/blockquote>\n\n\n\n<blockquote class=\"wp-block-quote is-layout-flow wp-block-quote-is-layout-flow\"><p><span class=\"has-inline-color has-vivid-cyan-blue-color\"><em><strong>Note biografiche<\/strong> <strong>\/ <a href=\"https:\/\/www.danielesantonicola.com\/\">DANIELE SANTONICOLA<\/a><\/strong><br><\/em><\/span><em><span class=\"has-inline-color has-vivid-cyan-blue-color\">Classe 1988, campano di nascita, romano di adozione. Daniele Santonicola ha studiato Scienze della Comunicazione all&#8217;Universit\u00e0 degli Studi di Salerno e ha conseguito la laurea magistrale al DAMS di Roma Tre, dove si laurea nel 2012 con una tesi sul making-of nella storia del cinema.&nbsp;Dal 2002 al 2007 fa parte della giuria Giffoni Experience, il pi\u00f9 importante festival di cinema per ragazzi (dove ha lavorato anche nella produzione video). Nel 2004, viene selezionato in un workshop di cinema ad Atene e, nel 2005, nella giuria di Giffoni-Hollywood, presieduta dal premio Oscar John Voight.&nbsp;Dal 2006, dirige diversi laboratori cinematografici per studenti delle scuole superiori, realizzando numerosi cortometraggi premiati in tutto il mondo.&nbsp;Nel 2007, partecipa alla trasmissione televisiva &#8220;Corto in Progress&#8221;, dirigendo il cortometraggio di un minuto &#8220;Rewind&#8221;, che vince il premio come miglior regia al Capri Art Film Festival.&nbsp;Nel 2010, lo spot indipendente &#8220;Ritrovarsi nella storia&#8221;, girato con l&#8217;amico e collega Giovanni D&#8217;Amaro, vince il primo premio al concorso regionale &#8220;Un video spot per Pompei&#8221; ed \u00e8 presentato in importanti fiere internazionali del turismo come Londra, New York e Tokio.&nbsp;Dal 2010, lega il suo lavoro di regista alla passione per il dietro le quinte ed \u00e8 chiamato a realizzare making-of di film, serie tv, spot pubblicitari e video musicali.&nbsp;Nel 2017, vince il &#8220;Premio Miglior Backstage&#8221; per &#8220;Suburra &#8211; Il film&#8221; di Stefano Sollima e nel 2021 vince lo stesso premio per il making of di &#8220;Padre Nostro&#8221; di Claudio Noce e quello di &#8220;I diari di Hammamet&#8221; di Pierfrancesco Favino.<\/span><\/em><\/p><\/blockquote>\n\n\n\n<blockquote class=\"wp-block-quote is-layout-flow wp-block-quote-is-layout-flow\"><p><\/p><\/blockquote>\n\n\n\n<blockquote class=\"wp-block-quote has-text-align-center is-layout-flow wp-block-quote-is-layout-flow\"><p><strong><span class=\"has-inline-color has-vivid-green-cyan-color\"><a href=\"https:\/\/www.facebook.com\/mediavoxmagazine\/\">GUARDA LA PHOTOGALLERY<\/a><\/span><\/strong><\/p><p><strong><span class=\"has-inline-color has-vivid-cyan-blue-color\"><sub><em>&#x1f39e;&#xfe0f; <a href=\"https:\/\/www.danielesantonicola.com\/\">DANIELE AT WORK <\/a>&#x1f3a5;<\/em><\/sub><\/span><\/strong><\/p><p><strong><span class=\"has-inline-color has-vivid-green-cyan-color\"><\/span><\/strong><\/p><\/blockquote>\n\n\n\n<figure class=\"wp-block-gallery columns-3 is-cropped wp-block-gallery-1 is-layout-flex wp-block-gallery-is-layout-flex\"><ul class=\"blocks-gallery-grid\"><li class=\"blocks-gallery-item\"><figure><img loading=\"lazy\" decoding=\"async\" width=\"1024\" height=\"683\" src=\"https:\/\/mediavoxmagazine.it\/wp-content\/uploads\/2022\/04\/PHOTO-2022-03-06-16-50-23-1024x683.jpg\" alt=\"\" data-id=\"20707\" data-link=\"https:\/\/mediavoxmagazine.it\/?attachment_id=20707\" class=\"wp-image-20707\" srcset=\"https:\/\/mediavoxmagazine.it\/wp-content\/uploads\/2022\/04\/PHOTO-2022-03-06-16-50-23-1024x683.jpg 1024w, https:\/\/mediavoxmagazine.it\/wp-content\/uploads\/2022\/04\/PHOTO-2022-03-06-16-50-23-300x200.jpg 300w, https:\/\/mediavoxmagazine.it\/wp-content\/uploads\/2022\/04\/PHOTO-2022-03-06-16-50-23-768x512.jpg 768w, https:\/\/mediavoxmagazine.it\/wp-content\/uploads\/2022\/04\/PHOTO-2022-03-06-16-50-23.jpg 1161w\" sizes=\"auto, (max-width: 1024px) 100vw, 1024px\" \/><\/figure><\/li><li class=\"blocks-gallery-item\"><figure><img loading=\"lazy\" decoding=\"async\" width=\"1024\" height=\"721\" src=\"https:\/\/mediavoxmagazine.it\/wp-content\/uploads\/2022\/04\/PHOTO-2022-03-06-16-50-50-1024x721.jpg\" alt=\"\" data-id=\"20708\" data-link=\"https:\/\/mediavoxmagazine.it\/?attachment_id=20708\" class=\"wp-image-20708\" srcset=\"https:\/\/mediavoxmagazine.it\/wp-content\/uploads\/2022\/04\/PHOTO-2022-03-06-16-50-50-1024x721.jpg 1024w, https:\/\/mediavoxmagazine.it\/wp-content\/uploads\/2022\/04\/PHOTO-2022-03-06-16-50-50-300x211.jpg 300w, https:\/\/mediavoxmagazine.it\/wp-content\/uploads\/2022\/04\/PHOTO-2022-03-06-16-50-50-768x541.jpg 768w, https:\/\/mediavoxmagazine.it\/wp-content\/uploads\/2022\/04\/PHOTO-2022-03-06-16-50-50.jpg 1134w\" sizes=\"auto, (max-width: 1024px) 100vw, 1024px\" \/><\/figure><\/li><li class=\"blocks-gallery-item\"><figure><img loading=\"lazy\" decoding=\"async\" width=\"1024\" height=\"769\" src=\"https:\/\/mediavoxmagazine.it\/wp-content\/uploads\/2022\/04\/49bc2fc6-23a7-43d2-9f8f-c1721f887112-1024x769.jpg\" alt=\"\" data-id=\"20709\" data-link=\"https:\/\/mediavoxmagazine.it\/?attachment_id=20709\" class=\"wp-image-20709\" srcset=\"https:\/\/mediavoxmagazine.it\/wp-content\/uploads\/2022\/04\/49bc2fc6-23a7-43d2-9f8f-c1721f887112-1024x769.jpg 1024w, https:\/\/mediavoxmagazine.it\/wp-content\/uploads\/2022\/04\/49bc2fc6-23a7-43d2-9f8f-c1721f887112-300x225.jpg 300w, https:\/\/mediavoxmagazine.it\/wp-content\/uploads\/2022\/04\/49bc2fc6-23a7-43d2-9f8f-c1721f887112-768x576.jpg 768w, https:\/\/mediavoxmagazine.it\/wp-content\/uploads\/2022\/04\/49bc2fc6-23a7-43d2-9f8f-c1721f887112-1536x1153.jpg 1536w, https:\/\/mediavoxmagazine.it\/wp-content\/uploads\/2022\/04\/49bc2fc6-23a7-43d2-9f8f-c1721f887112-235x176.jpg 235w, https:\/\/mediavoxmagazine.it\/wp-content\/uploads\/2022\/04\/49bc2fc6-23a7-43d2-9f8f-c1721f887112-80x60.jpg 80w, https:\/\/mediavoxmagazine.it\/wp-content\/uploads\/2022\/04\/49bc2fc6-23a7-43d2-9f8f-c1721f887112.jpg 1600w\" sizes=\"auto, (max-width: 1024px) 100vw, 1024px\" \/><\/figure><\/li><li class=\"blocks-gallery-item\"><figure><img loading=\"lazy\" decoding=\"async\" width=\"750\" height=\"506\" src=\"https:\/\/mediavoxmagazine.it\/wp-content\/uploads\/2022\/04\/IMG_3320.jpg\" alt=\"\" data-id=\"20710\" data-link=\"https:\/\/mediavoxmagazine.it\/?attachment_id=20710\" class=\"wp-image-20710\" srcset=\"https:\/\/mediavoxmagazine.it\/wp-content\/uploads\/2022\/04\/IMG_3320.jpg 750w, https:\/\/mediavoxmagazine.it\/wp-content\/uploads\/2022\/04\/IMG_3320-300x202.jpg 300w\" sizes=\"auto, (max-width: 750px) 100vw, 750px\" \/><\/figure><\/li><li class=\"blocks-gallery-item\"><figure><img loading=\"lazy\" decoding=\"async\" width=\"750\" height=\"491\" src=\"https:\/\/mediavoxmagazine.it\/wp-content\/uploads\/2022\/04\/IMG_3321.jpg\" alt=\"\" data-id=\"20711\" data-link=\"https:\/\/mediavoxmagazine.it\/?attachment_id=20711\" class=\"wp-image-20711\" srcset=\"https:\/\/mediavoxmagazine.it\/wp-content\/uploads\/2022\/04\/IMG_3321.jpg 750w, https:\/\/mediavoxmagazine.it\/wp-content\/uploads\/2022\/04\/IMG_3321-300x196.jpg 300w\" sizes=\"auto, (max-width: 750px) 100vw, 750px\" \/><\/figure><\/li><li class=\"blocks-gallery-item\"><figure><img loading=\"lazy\" decoding=\"async\" width=\"1024\" height=\"683\" src=\"https:\/\/mediavoxmagazine.it\/wp-content\/uploads\/2022\/04\/DSCF0596-1024x683.jpg\" alt=\"\" data-id=\"20712\" data-link=\"https:\/\/mediavoxmagazine.it\/?attachment_id=20712\" class=\"wp-image-20712\" srcset=\"https:\/\/mediavoxmagazine.it\/wp-content\/uploads\/2022\/04\/DSCF0596-1024x683.jpg 1024w, https:\/\/mediavoxmagazine.it\/wp-content\/uploads\/2022\/04\/DSCF0596-300x200.jpg 300w, https:\/\/mediavoxmagazine.it\/wp-content\/uploads\/2022\/04\/DSCF0596-768x512.jpg 768w, https:\/\/mediavoxmagazine.it\/wp-content\/uploads\/2022\/04\/DSCF0596.jpg 1488w\" sizes=\"auto, (max-width: 1024px) 100vw, 1024px\" \/><\/figure><\/li><li class=\"blocks-gallery-item\"><figure><img loading=\"lazy\" decoding=\"async\" width=\"1024\" height=\"768\" src=\"https:\/\/mediavoxmagazine.it\/wp-content\/uploads\/2022\/04\/PHOTO-2020-09-15-09-49-19-1024x768.jpg\" alt=\"\" data-id=\"20713\" data-link=\"https:\/\/mediavoxmagazine.it\/?attachment_id=20713\" class=\"wp-image-20713\" srcset=\"https:\/\/mediavoxmagazine.it\/wp-content\/uploads\/2022\/04\/PHOTO-2020-09-15-09-49-19-1024x768.jpg 1024w, https:\/\/mediavoxmagazine.it\/wp-content\/uploads\/2022\/04\/PHOTO-2020-09-15-09-49-19-300x225.jpg 300w, https:\/\/mediavoxmagazine.it\/wp-content\/uploads\/2022\/04\/PHOTO-2020-09-15-09-49-19-768x576.jpg 768w, https:\/\/mediavoxmagazine.it\/wp-content\/uploads\/2022\/04\/PHOTO-2020-09-15-09-49-19-1536x1152.jpg 1536w, https:\/\/mediavoxmagazine.it\/wp-content\/uploads\/2022\/04\/PHOTO-2020-09-15-09-49-19-235x176.jpg 235w, https:\/\/mediavoxmagazine.it\/wp-content\/uploads\/2022\/04\/PHOTO-2020-09-15-09-49-19-80x60.jpg 80w, https:\/\/mediavoxmagazine.it\/wp-content\/uploads\/2022\/04\/PHOTO-2020-09-15-09-49-19.jpg 1600w\" sizes=\"auto, (max-width: 1024px) 100vw, 1024px\" \/><\/figure><\/li><li class=\"blocks-gallery-item\"><figure><img loading=\"lazy\" decoding=\"async\" width=\"1024\" height=\"694\" src=\"https:\/\/mediavoxmagazine.it\/wp-content\/uploads\/2022\/04\/fotor_1650350982228-1024x694.jpg\" alt=\"\" data-id=\"20717\" data-full-url=\"https:\/\/mediavoxmagazine.it\/wp-content\/uploads\/2022\/04\/fotor_1650350982228.jpg\" data-link=\"https:\/\/mediavoxmagazine.it\/?attachment_id=20717\" class=\"wp-image-20717\" srcset=\"https:\/\/mediavoxmagazine.it\/wp-content\/uploads\/2022\/04\/fotor_1650350982228-1024x694.jpg 1024w, https:\/\/mediavoxmagazine.it\/wp-content\/uploads\/2022\/04\/fotor_1650350982228-300x203.jpg 300w, https:\/\/mediavoxmagazine.it\/wp-content\/uploads\/2022\/04\/fotor_1650350982228-768x521.jpg 768w, https:\/\/mediavoxmagazine.it\/wp-content\/uploads\/2022\/04\/fotor_1650350982228.jpg 1423w\" sizes=\"auto, (max-width: 1024px) 100vw, 1024px\" \/><\/figure><\/li><\/ul><figcaption class=\"blocks-gallery-caption\"><strong><span class=\"has-inline-color has-vivid-red-color\">Foto che ritraggono <a href=\"https:\/\/www.danielesantonicola.com\/\">Daniele Santonicola<\/a><\/span><\/strong> a lavoro.<br>&#8211; <sub><code><span class=\"has-inline-color has-vivid-cyan-blue-color\">Sul set di \"<a href=\"https:\/\/mediavoxmagazine.it\/?p=19650\">Noi<\/a>\":<\/span><\/code><\/sub> <sub><code><strong><span class=\"has-inline-color has-vivid-cyan-blue-color\"><a href=\"https:\/\/www.danielesantonicola.com\/\">Daniele<\/a> da solo, con il cast artistico e con la fotografa <a href=\"https:\/\/mediavoxmagazine.it\/?p=20198\">Jessica Guidi<\/a>. <br>- Foto scattate sul set di \"Dior - Le Ch\u00e2teau du tarot\" di Matteo Garrone.<br>- Foto mentre dirige lo shooting marketing di \"Summertime - Stagione 2\".<\/span><\/strong><\/code><\/sub><\/figcaption><\/figure>\n\n\n\n<blockquote class=\"wp-block-quote is-layout-flow wp-block-quote-is-layout-flow\"><p><\/p><\/blockquote>\n\n\n\n<blockquote class=\"wp-block-quote has-text-align-center is-layout-flow wp-block-quote-is-layout-flow\"><p><sub><strong><span class=\"has-inline-color has-luminous-vivid-orange-color\">Leggi anche &#x1f447;<\/span><\/strong><\/sub><\/p><p><sub><strong><span class=\"has-inline-color has-luminous-vivid-orange-color\">&#x1f449; <a href=\"https:\/\/mediavoxmagazine.it\/?p=19650\">https:\/\/mediavoxmagazine.it\/?p=19650<\/a><\/span><\/strong><\/sub><\/p><p><sub><strong><span class=\"has-inline-color has-luminous-vivid-orange-color\">&#x1f449; <a href=\"https:\/\/mediavoxmagazine.it\/?p=20198\">https:\/\/mediavoxmagazine.it\/?p=20198<\/a><\/span><\/strong><\/sub><\/p><\/blockquote>\n\n\n\n<blockquote class=\"wp-block-quote is-layout-flow wp-block-quote-is-layout-flow\"><p><\/p><\/blockquote>\n","protected":false},"excerpt":{"rendered":"<div class=\"mh-excerpt\"><p>&#8220;NOI&#8221; \u00e8 la versione italiana di &#8220;This is US&#8220;. La serie tv RAI, targata Cattleya, che ha fatto tanto discutere i telespettatori. Per &#8220;NOI&#8221; nessuna <a class=\"mh-excerpt-more\" href=\"https:\/\/mediavoxmagazine.it\/?p=20664\" title=\"Il backstage \u00e8 l&#8217;anima di una produzione\">[&#8230;]<\/a><\/p>\n<\/div>","protected":false},"author":3,"featured_media":20723,"comment_status":"closed","ping_status":"closed","sticky":true,"template":"","format":"standard","meta":{"footnotes":""},"categories":[12],"tags":[],"class_list":["post-20664","post","type-post","status-publish","format-standard","has-post-thumbnail","hentry","category-le-voci-da-dentro"],"_links":{"self":[{"href":"https:\/\/mediavoxmagazine.it\/index.php?rest_route=\/wp\/v2\/posts\/20664","targetHints":{"allow":["GET"]}}],"collection":[{"href":"https:\/\/mediavoxmagazine.it\/index.php?rest_route=\/wp\/v2\/posts"}],"about":[{"href":"https:\/\/mediavoxmagazine.it\/index.php?rest_route=\/wp\/v2\/types\/post"}],"author":[{"embeddable":true,"href":"https:\/\/mediavoxmagazine.it\/index.php?rest_route=\/wp\/v2\/users\/3"}],"replies":[{"embeddable":true,"href":"https:\/\/mediavoxmagazine.it\/index.php?rest_route=%2Fwp%2Fv2%2Fcomments&post=20664"}],"version-history":[{"count":72,"href":"https:\/\/mediavoxmagazine.it\/index.php?rest_route=\/wp\/v2\/posts\/20664\/revisions"}],"predecessor-version":[{"id":20761,"href":"https:\/\/mediavoxmagazine.it\/index.php?rest_route=\/wp\/v2\/posts\/20664\/revisions\/20761"}],"wp:featuredmedia":[{"embeddable":true,"href":"https:\/\/mediavoxmagazine.it\/index.php?rest_route=\/wp\/v2\/media\/20723"}],"wp:attachment":[{"href":"https:\/\/mediavoxmagazine.it\/index.php?rest_route=%2Fwp%2Fv2%2Fmedia&parent=20664"}],"wp:term":[{"taxonomy":"category","embeddable":true,"href":"https:\/\/mediavoxmagazine.it\/index.php?rest_route=%2Fwp%2Fv2%2Fcategories&post=20664"},{"taxonomy":"post_tag","embeddable":true,"href":"https:\/\/mediavoxmagazine.it\/index.php?rest_route=%2Fwp%2Fv2%2Ftags&post=20664"}],"curies":[{"name":"wp","href":"https:\/\/api.w.org\/{rel}","templated":true}]}}