{"id":2089,"date":"2016-05-19T07:54:39","date_gmt":"2016-05-19T06:54:39","guid":{"rendered":"https:\/\/mediavoxmagazine.it\/?p=2089"},"modified":"2016-05-19T07:56:33","modified_gmt":"2016-05-19T06:56:33","slug":"le-metamorfosi-di-chronos-dal-tempo-della-clessidra-al-tempo-interiore-un-percorso-tra-scienze-umane-e-neuroscienze","status":"publish","type":"post","link":"https:\/\/mediavoxmagazine.it\/?p=2089","title":{"rendered":"Le metamorfosi di Chronos. Dal tempo della clessidra al tempo interiore: un percorso tra Scienze umane e Neuroscienze"},"content":{"rendered":"<blockquote>\n<p style=\"text-align: right;\"><strong><em>19-20 maggio 2016<img loading=\"lazy\" decoding=\"async\" class=\"alignright wp-image-2084 size-full\" src=\"https:\/\/mediavoxmagazine.it\/wp-content\/uploads\/2016\/05\/BROCHURE-CONVEGNO-MIMMO0.jpg\" alt=\"BROCHURE CONVEGNO MIMMO0\" width=\"324\" height=\"636\" srcset=\"https:\/\/mediavoxmagazine.it\/wp-content\/uploads\/2016\/05\/BROCHURE-CONVEGNO-MIMMO0.jpg 324w, https:\/\/mediavoxmagazine.it\/wp-content\/uploads\/2016\/05\/BROCHURE-CONVEGNO-MIMMO0-153x300.jpg 153w\" sizes=\"auto, (max-width: 324px) 100vw, 324px\" \/><\/em><\/strong><br \/>\n<strong><em>Palazzo Sant\u2019Agosino, Sede della Provincia<\/em><\/strong><strong><em>\u00a0&#8211; Salerno<\/em><\/strong><br \/>\n<strong><em>21 maggio 2016<\/em><\/strong><br \/>\n<strong><em>Lloyd\u2019s Baia Hotel, Vietri Sul Mare (SA)<\/em><\/strong><br \/>\n<strong><em>N. 16 crediti formativi per\u00a0<\/em><\/strong><strong><em>Neurologi, Neuro-Psichiatri infanili, Psichiatri, Psicologi,\u00a0<\/em><\/strong><strong><em>Anestesisi, Fisiatri, Geriatri, Medici Legali, MMG, Pediatri<\/em><\/strong><\/p>\n<\/blockquote>\n<p>Gli sconfinati orizzonti di Chronos.\u00a0Tema dominante \u00e8 il Tempo, infinita sequenza di istanti che sono e gi\u00e0 non\u00a0sono pi\u00f9, &#8220;mistero irriducibile sul quale nessuna scienza fa presa&#8221;, come scrive Simone Weil.\u00a0Nulla si pu\u00f2 comprendere della vita se non consideriamo le metamorfosi del tempo, vale a dire le esperienze che nella nostra esistenza si snodano senza fine: il tempo della clessidra, quello misurabile, uguale per ciascuno di noi; il tempo interiore, quello vissuto, diverso in ciascuno di noi.\u00a0L\u2019obiettivo \u00e8 quello di analizzarne la fenomenologia attraverso un\u2019incursione negli anfratti della nostra interiorit\u00e0 connessa al vivere, talora provata da malattie che, da persona, ci trasformano in pazienti \u201cfragili\u201d e \u201ccomplessi\u201d: pensiamo alla condizione depressiva, in cui si perde il significato dell\u2019esistere e si realizza l\u2019esperienza di un tempo senza tempo, dove non vi \u00e8 n\u00e9 memoria (il passato) n\u00e9 futuro (la speranza) e si vive immersi in un presente spetrale e immutabile; oppure al tempo lacerato della malattia di Alzheimer nella quale tute le dimensioni del tempo, interiore e della clessidra, si scompongono ino a frantumarsi.\u00a0Queste ed altre patologie, quali il Parkinson, l\u2019epilessia e la cefalea, a valenza pluridisciplinare, saranno scandagliate nell\u2019ottica delle Neuroscienze, nella loro relazione col Tempo, e descritte negli aspetti scientifici e sociali pi\u00f9 aggiornai.\u00a0Tre giornate di riflessione e confronto in cui \u2013 in un esaltante mix \u2013 studiosi di varia estrazione e formazione si incontrano per ribadire la profonda alleanza tra discipline intimamente complementari: da una parte le Scienze umane che, attraverso le molteplici voci, possono esprimere al meglio ci\u00f2 che la scienza fatica a rendere comprensibile; dall\u2019altra le Neuroscienze che costituiscono un insostituibile strumento di indagine nel mistero dell\u2019essere, rendendo tale enigma \u2013 attraverso le continue scoperte \u2013 sempre pi\u00f9 prossimo alla speranza. E la speranza, come afferma Gabriel Marcel, \u00e8 \u201cmemoria del futuro\u201d, la sola dimensione in grado di riscattare l\u2019ininterrotto fluire del tempo.<\/p>\n<p>&nbsp;<\/p>\n<blockquote>\n<p style=\"text-align: center;\"><span style=\"text-decoration: underline;\"><strong>GIOVEDI\u2019 19 MAGGIO 2016<\/strong><\/span><\/p>\n<p style=\"text-align: center;\"><em><strong>Fenomenologia del tempo: un percorso entro le Neuroscienze<\/strong><\/em><\/p>\n<p style=\"text-align: center;\"><em>Ore 15.00<\/em><em>Saluto delle Autorit\u00e0<\/em><\/p>\n<p style=\"text-align: center;\">Dott. <strong>Giuseppe Canfora<\/strong>, Presidente della Provincia di Salerno<\/p>\n<p style=\"text-align: center;\">Dott.<strong> Bruno Ravera<\/strong>, Presidente dell\u2019Ordine dei Medici di Salerno<\/p>\n<p style=\"text-align: center;\"><em>Introduzione ai lavori<\/em>: <strong>Maria Rosaria D\u2019Ambrosio<\/strong> (Coordinatrice regionale<\/p>\n<p style=\"text-align: center;\">AINAT), <strong>Vincenzo Pizza<\/strong> (Coordinatore regionale SISC), <strong>Domenico<\/strong><\/p>\n<p style=\"text-align: center;\"><strong>Cassano<\/strong> (Coordinatore SISC-AINAT)<\/p>\n<p style=\"text-align: center;\"><strong>I &#8211; Il tempo interrotto<\/strong><\/p>\n<p style=\"text-align: center;\"><em>Moderatori:<\/em><strong>Giuseppe Capo<\/strong> (Salerno), <strong>Enrico Volpe<\/strong> (Napoli)<\/p>\n<p style=\"text-align: center;\"><em>ore: 15.10-15.35 &#8211;<\/em><em>L\u2019epilessia e il tempo<\/em>, <strong>Giuseppe Liguori<\/strong> (Nocera Inf.)<\/p>\n<p style=\"text-align: center;\"><em>ore 15.35-16.00<\/em>\u00a0&#8211; <em>Effetti della terapia antiepilettica sulla funzione cognitiva:<\/em><\/p>\n<p style=\"text-align: center;\"><em>vecchi e nuovi farmaci a confronto<\/em>, <strong>Maddalena Terracciano<\/strong> (Napoli)<\/p>\n<p style=\"text-align: center;\"><strong>II &#8211; Il tempo sospeso<\/strong><\/p>\n<p style=\"text-align: center;\"><em>Moderatori<\/em>:<strong> Rossana Arlomede<\/strong> (Napoli), <strong>Luigi Balzano<\/strong> (Napoli), <strong>Vincenzo<\/strong><\/p>\n<p style=\"text-align: center;\"><strong>Pizza<\/strong> (Vallo)<\/p>\n<p style=\"text-align: center;\"><em>ore 16:00-16:25 &#8211;<\/em> : <em>Update sulla Depressione Maggiore: dal \u00a0DSM V ai nuovi<\/em><\/p>\n<p style=\"text-align: center;\"><em>farmaci<\/em>, <strong>Giulio Corrivei<\/strong> (Salerno)<\/p>\n<p style=\"text-align: center;\"><strong>III &#8211; L\u2019eterno legame<\/strong><\/p>\n<p style=\"text-align: center;\"><em>Moderatori<\/em>: <strong>Mauro Budeta<\/strong> (Cava de\u2019 Tirreni), <strong>Giuseppe Mastroroberto<\/strong><\/p>\n<p style=\"text-align: center;\">(Salerno)<\/p>\n<p style=\"text-align: center;\"><em>ore 16.25-16.50<\/em>\u00a0&#8211; C<em>efalee e sonno in et\u00e0 evoluiva<\/em>, <strong>Marco Carotenuto<\/strong> (Napoli)<\/p>\n<p style=\"text-align: center;\"><em>ore 16.50-17.15<\/em>\u00a0&#8211; <em>Cefalee e sonno nell\u2019adulto, <\/em><strong>Maria Pia Prudenzano<\/strong> (Bari)<\/p>\n<p style=\"text-align: center;\"><strong>V &#8211; Il tempo negato<\/strong><\/p>\n<p style=\"text-align: center;\"><em>Moderatori<\/em>: <strong>Raffaele Galano<\/strong> (Salerno), <strong>Demetrio Nicola Pugliese<\/strong> (Salerno)<\/p>\n<p style=\"text-align: center;\"><em>ore 17.15-17.40<\/em>\u00a0&#8211; <em>La Disabilit\u00e0 tra bisogno, sostenibilit\u00e0 e normativa: dalla<\/em><\/p>\n<p style=\"text-align: center;\"><em>classificazione ICIDH all\u2019ICF<\/em>, <strong>Fausto Sorrentino<\/strong> (Gragnano)<\/p>\n<p style=\"text-align: center;\"><em>ore 17.40-18.10<\/em>\u00a0&#8211; <em>Il piano di indirizzo della Riabilitazione in Regione Campania<\/em>:<\/p>\n<p style=\"text-align: center;\"><em>lo stato dell\u2019arte<\/em>,<strong> Giovanni Panariello<\/strong> (Solofra)<\/p>\n<p style=\"text-align: center;\"><em>ore 18.10-18.30<\/em> &#8211; <strong>Discussione e chiusura dei lavori<\/strong><\/p>\n<\/blockquote>\n<p style=\"text-align: center;\"><strong><a href=\"https:\/\/mediavoxmagazine.it\/wp-content\/uploads\/2016\/05\/BROCHURE-CONVEGNO-MIMMO1.jpg\" rel=\"attachment wp-att-2085\"><img loading=\"lazy\" decoding=\"async\" class=\"aligncenter wp-image-2085 size-large\" src=\"https:\/\/mediavoxmagazine.it\/wp-content\/uploads\/2016\/05\/BROCHURE-CONVEGNO-MIMMO1-1024x519.jpg\" alt=\"BROCHURE CONVEGNO MIMMO1\" width=\"1024\" height=\"519\" srcset=\"https:\/\/mediavoxmagazine.it\/wp-content\/uploads\/2016\/05\/BROCHURE-CONVEGNO-MIMMO1-1024x519.jpg 1024w, https:\/\/mediavoxmagazine.it\/wp-content\/uploads\/2016\/05\/BROCHURE-CONVEGNO-MIMMO1-300x152.jpg 300w, https:\/\/mediavoxmagazine.it\/wp-content\/uploads\/2016\/05\/BROCHURE-CONVEGNO-MIMMO1-768x389.jpg 768w, https:\/\/mediavoxmagazine.it\/wp-content\/uploads\/2016\/05\/BROCHURE-CONVEGNO-MIMMO1.jpg 1256w\" sizes=\"auto, (max-width: 1024px) 100vw, 1024px\" \/><\/a><a href=\"https:\/\/mediavoxmagazine.it\/wp-content\/uploads\/2016\/05\/BROCHURE-CONVEGNO-MIMMO2.jpg\" rel=\"attachment wp-att-2086\"><img loading=\"lazy\" decoding=\"async\" class=\"aligncenter wp-image-2086 size-large\" src=\"https:\/\/mediavoxmagazine.it\/wp-content\/uploads\/2016\/05\/BROCHURE-CONVEGNO-MIMMO2-1024x519.jpg\" alt=\"BROCHURE CONVEGNO MIMMO2\" width=\"1024\" height=\"519\" srcset=\"https:\/\/mediavoxmagazine.it\/wp-content\/uploads\/2016\/05\/BROCHURE-CONVEGNO-MIMMO2-1024x519.jpg 1024w, https:\/\/mediavoxmagazine.it\/wp-content\/uploads\/2016\/05\/BROCHURE-CONVEGNO-MIMMO2-300x152.jpg 300w, https:\/\/mediavoxmagazine.it\/wp-content\/uploads\/2016\/05\/BROCHURE-CONVEGNO-MIMMO2-768x389.jpg 768w, https:\/\/mediavoxmagazine.it\/wp-content\/uploads\/2016\/05\/BROCHURE-CONVEGNO-MIMMO2.jpg 1256w\" sizes=\"auto, (max-width: 1024px) 100vw, 1024px\" \/><\/a><\/strong><\/p>\n<blockquote>\n<p style=\"text-align: right;\"><strong>Per maggiori dettagli, consultare il\u00a0 sito <\/strong><a href=\"http:\/\/www.cefaleecampania.it\"><strong><em>www.cefaleecampania.it<\/em><\/strong><\/a><\/p>\n<\/blockquote>\n","protected":false},"excerpt":{"rendered":"<div class=\"mh-excerpt\"><p>19-20 maggio 2016 Palazzo Sant\u2019Agosino, Sede della Provincia\u00a0&#8211; Salerno 21 maggio 2016 Lloyd\u2019s Baia Hotel, Vietri Sul Mare (SA) N. 16 crediti formativi per\u00a0Neurologi, Neuro-Psichiatri <a class=\"mh-excerpt-more\" href=\"https:\/\/mediavoxmagazine.it\/?p=2089\" title=\"Le metamorfosi di Chronos. Dal tempo della clessidra al tempo interiore: un percorso tra Scienze umane e Neuroscienze\">[&#8230;]<\/a><\/p>\n<\/div>","protected":false},"author":3,"featured_media":2083,"comment_status":"closed","ping_status":"closed","sticky":false,"template":"","format":"standard","meta":{"footnotes":""},"categories":[129],"tags":[544,540,174,545,297,543,127,546],"class_list":["post-2089","post","type-post","status-publish","format-standard","has-post-thumbnail","hentry","category-medicina-salute-benessere","tag-anestesia","tag-cefalee","tag-convegno","tag-lavori","tag-medicina","tag-psichiatria","tag-psicologia","tag-studio"],"_links":{"self":[{"href":"https:\/\/mediavoxmagazine.it\/index.php?rest_route=\/wp\/v2\/posts\/2089","targetHints":{"allow":["GET"]}}],"collection":[{"href":"https:\/\/mediavoxmagazine.it\/index.php?rest_route=\/wp\/v2\/posts"}],"about":[{"href":"https:\/\/mediavoxmagazine.it\/index.php?rest_route=\/wp\/v2\/types\/post"}],"author":[{"embeddable":true,"href":"https:\/\/mediavoxmagazine.it\/index.php?rest_route=\/wp\/v2\/users\/3"}],"replies":[{"embeddable":true,"href":"https:\/\/mediavoxmagazine.it\/index.php?rest_route=%2Fwp%2Fv2%2Fcomments&post=2089"}],"version-history":[{"count":2,"href":"https:\/\/mediavoxmagazine.it\/index.php?rest_route=\/wp\/v2\/posts\/2089\/revisions"}],"predecessor-version":[{"id":2091,"href":"https:\/\/mediavoxmagazine.it\/index.php?rest_route=\/wp\/v2\/posts\/2089\/revisions\/2091"}],"wp:featuredmedia":[{"embeddable":true,"href":"https:\/\/mediavoxmagazine.it\/index.php?rest_route=\/wp\/v2\/media\/2083"}],"wp:attachment":[{"href":"https:\/\/mediavoxmagazine.it\/index.php?rest_route=%2Fwp%2Fv2%2Fmedia&parent=2089"}],"wp:term":[{"taxonomy":"category","embeddable":true,"href":"https:\/\/mediavoxmagazine.it\/index.php?rest_route=%2Fwp%2Fv2%2Fcategories&post=2089"},{"taxonomy":"post_tag","embeddable":true,"href":"https:\/\/mediavoxmagazine.it\/index.php?rest_route=%2Fwp%2Fv2%2Ftags&post=2089"}],"curies":[{"name":"wp","href":"https:\/\/api.w.org\/{rel}","templated":true}]}}