{"id":2103,"date":"2016-05-20T06:56:38","date_gmt":"2016-05-20T05:56:38","guid":{"rendered":"https:\/\/mediavoxmagazine.it\/?p=2103"},"modified":"2016-05-20T06:57:03","modified_gmt":"2016-05-20T05:57:03","slug":"le-metamorfosi-di-chronos-tra-scienze-umane-e-neuroscienze","status":"publish","type":"post","link":"https:\/\/mediavoxmagazine.it\/?p=2103","title":{"rendered":"LE METAMORFOSI DI CHRONOS: tra Scienze umane e Neuroscienze"},"content":{"rendered":"<blockquote>\n<p style=\"text-align: right;\"><strong><em>19-20 maggio 2016<img loading=\"lazy\" decoding=\"async\" class=\"alignright wp-image-2084 size-full\" src=\"https:\/\/mediavoxmagazine.it\/wp-content\/uploads\/2016\/05\/BROCHURE-CONVEGNO-MIMMO0.jpg\" alt=\"BROCHURE CONVEGNO MIMMO0\" width=\"324\" height=\"636\" srcset=\"https:\/\/mediavoxmagazine.it\/wp-content\/uploads\/2016\/05\/BROCHURE-CONVEGNO-MIMMO0.jpg 324w, https:\/\/mediavoxmagazine.it\/wp-content\/uploads\/2016\/05\/BROCHURE-CONVEGNO-MIMMO0-153x300.jpg 153w\" sizes=\"auto, (max-width: 324px) 100vw, 324px\" \/><\/em><\/strong><br \/>\n<strong><em>Palazzo Sant\u2019Agosino, Sede della Provincia<\/em><\/strong><strong><em>\u00a0&#8211; Salerno<\/em><\/strong><br \/>\n<strong><em>21 maggio 2016<\/em><\/strong><br \/>\n<strong><em>Lloyd\u2019s Baia Hotel, Vietri Sul Mare (SA)<\/em><\/strong><br \/>\n<strong><em>N. 16 crediti formativi per\u00a0<\/em><\/strong><strong><em>Neurologi, Neuro-Psichiatri infanili, Psichiatri, Psicologi,\u00a0<\/em><\/strong><strong><em>Anestesisi, Fisiatri, Geriatri, Medici Legali, MMG, Pediatri<\/em><\/strong><\/p>\n<\/blockquote>\n<p>Gli sconfinati orizzonti di Chronos.\u00a0Tema dominante \u00e8 il Tempo, infinita sequenza di istanti che sono e gi\u00e0 non\u00a0sono pi\u00f9, &#8220;mistero irriducibile sul quale nessuna scienza fa presa&#8221;, come scrive Simone Weil.\u00a0Nulla si pu\u00f2 comprendere della vita se non consideriamo le metamorfosi del tempo, vale a dire le esperienze che nella nostra esistenza si snodano senza fine: il tempo della clessidra, quello misurabile, uguale per ciascuno di noi; il tempo interiore, quello vissuto, diverso in ciascuno di noi.\u00a0L\u2019obiettivo \u00e8 quello di analizzarne la fenomenologia attraverso un\u2019incursione negli anfratti della nostra interiorit\u00e0 connessa al vivere, talora provata da malattie che, da persona, ci trasformano in pazienti \u201cfragili\u201d e \u201ccomplessi\u201d: pensiamo alla condizione depressiva, in cui si perde il significato dell\u2019esistere e si realizza l\u2019esperienza di un tempo senza tempo, dove non vi \u00e8 n\u00e9 memoria (il passato) n\u00e9 futuro (la speranza) e si vive immersi in un presente spetrale e immutabile; oppure al tempo lacerato della malattia di Alzheimer nella quale tute le dimensioni del tempo, interiore e della clessidra, si scompongono ino a frantumarsi.\u00a0Queste ed altre patologie, quali il Parkinson, l\u2019epilessia e la cefalea, a valenza pluridisciplinare, saranno scandagliate nell\u2019ottica delle Neuroscienze, nella loro relazione col Tempo, e descritte negli aspetti scientifici e sociali pi\u00f9 aggiornai.\u00a0Tre giornate di riflessione e confronto in cui \u2013 in un esaltante mix \u2013 studiosi di varia estrazione e formazione si incontrano per ribadire la profonda alleanza tra discipline intimamente complementari: da una parte le Scienze umane che, attraverso le molteplici voci, possono esprimere al meglio ci\u00f2 che la scienza fatica a rendere comprensibile; dall\u2019altra le Neuroscienze che costituiscono un insostituibile strumento di indagine nel mistero dell\u2019essere, rendendo tale enigma \u2013 attraverso le continue scoperte \u2013 sempre pi\u00f9 prossimo alla speranza. E la speranza, come afferma Gabriel Marcel, \u00e8 \u201cmemoria del futuro\u201d, la sola dimensione in grado di riscattare l\u2019ininterrotto fluire del tempo.<\/p>\n<p style=\"text-align: center;\">\n<blockquote>\n<p style=\"text-align: center;\"><strong><u>Venerd\u00ec, 20 Maggio 2016<\/u><\/strong><\/p>\n<p style=\"text-align: center;\"><strong><em>Palazzo Sant\u2019Agostino, Salerno<\/em><\/strong><\/p>\n<p style=\"text-align: center;\"><strong><em>Ore 9.00-18.30<\/em><\/strong><\/p>\n<p style=\"text-align: center;\"><strong><em>Fenomenologia del tempo: un percorso entro le Neuroscienze<\/em><\/strong><\/p>\n<p style=\"text-align: center;\"><strong>Ore 8.50 Introduzione ai lavori<\/strong><\/p>\n<p style=\"text-align: center;\"><strong>I &#8211; Il tempo e la prassi<\/strong><\/p>\n<p style=\"text-align: center;\">Moderatori: <strong>Michela Quaraniello <\/strong><em>(Caserta)<\/em>, <strong>Bruno Ronga <\/strong><em>(Napoli),<\/em><\/p>\n<p style=\"text-align: center;\"><strong>Angela Trota <\/strong><em>(Salerno)<\/em><\/p>\n<p style=\"text-align: center;\">9.00-9.25 Controllo degli impulsi e disturbi correlai nella malaia di<\/p>\n<p style=\"text-align: center;\">Parkinson: quando informare, <strong>Gennaro Barbato <\/strong><em>(Napoli)<\/em><\/p>\n<p style=\"text-align: center;\">9.25-9.50 Dall&#8217;Oriente bulgaro all&#8217;Occidente moderno: l&#8217;evoluzione della<\/p>\n<p style=\"text-align: center;\">terapia aniparkinsoniana, <strong>Alessandro Tessitore <\/strong><em>(Napoli)<\/em><\/p>\n<p style=\"text-align: center;\">9.50-10.15 Update sulla terapia della Malaia di Parkinson, <strong>Carmine<\/strong><\/p>\n<p style=\"text-align: center;\"><strong>Vitale <\/strong><em>(Napoli)<\/em><\/p>\n<p style=\"text-align: center;\"><strong>II &#8211; Il tempo della grazia<\/strong><\/p>\n<p style=\"text-align: center;\">Moderatori: <strong>Antonio Pascoto <\/strong><em>(Napoli)<\/em>, <strong>Marco Carotenuto <\/strong><em>(Napoli)<\/em><\/p>\n<p style=\"text-align: center;\">10.15-10.40 Impairment neuropsicologico nella cefalea pediatrica, <strong>Maria<\/strong><\/p>\n<p style=\"text-align: center;\"><strong>Esposito <\/strong><em>(Napoli)<\/em><\/p>\n<p style=\"text-align: center;\">10.40-11.10 <strong>Lecio <\/strong>&#8211; Presentazione <strong>Giuseppe Nappi <\/strong><em>(Pavia, Roma)<\/em><\/p>\n<p style=\"text-align: center;\">L\u2019adolescente e il tempo &#8211; <strong>Vincenzo Guidei <\/strong><em>(Roma)<\/em><\/p>\n<p style=\"text-align: center;\"><strong>III &#8211; Il tempo lacerato<\/strong><\/p>\n<p style=\"text-align: center;\">Moderatori: <strong>Vincenzo Canonico <\/strong><em>(Napoli)<\/em>, <strong>Carmine Fuschillo <\/strong><em>(Pollena)<\/em>,<\/p>\n<p style=\"text-align: center;\"><strong>Pietro Siano <\/strong><em>(Salerno)<\/em><\/p>\n<p style=\"text-align: center;\">11.10-11.35 Problemaiche medico-legali nella valutazione del paziente<\/p>\n<p style=\"text-align: center;\">con Demenza, <strong>Antonello Crisci <\/strong><em>(Salerno)<\/em><\/p>\n<p style=\"text-align: center;\">11.35-12.00 Diagnosi diferenziale delle demenze ad esordio precoce:<\/p>\n<p style=\"text-align: center;\">focus sulla Niemann-Pick, <strong>Daniele Mei <\/strong><em>(Viterbo), <\/em><strong>Marina Picillo <\/strong><em>(Salerno)<\/em><\/p>\n<p style=\"text-align: center;\">12.00-12.15 <strong>Pausa caf\u00e8<\/strong><\/p>\n<p style=\"text-align: center;\">12.15-12.40 L\u2019approccio clinico alle Demenze: \u00e8 importante una diagnosi<\/p>\n<p style=\"text-align: center;\">precoce? <strong>Giuseppe Sanges <\/strong><em>(Napoli)<\/em>, <strong>Biagio Ciccone <\/strong><em>(Saviano)<\/em><\/p>\n<p style=\"text-align: center;\">12.40-13.05 Malaia di Alzheimer: \u00e8 giunto il tempo di una diagnosica<\/p>\n<p style=\"text-align: center;\">molecolare!, <strong>Pasquale Alieri <\/strong><em>(Napoli)<\/em><\/p>\n<p style=\"text-align: center;\">13.05-13.30 Eicacia della riabilitazione cogniiva nelle Demenze: una<\/p>\n<p style=\"text-align: center;\">quesione di tempo? <strong>Gennaro Della Rocca <\/strong><em>(Napoli)<\/em><\/p>\n<p style=\"text-align: center;\">13.30-14.30 <strong>Pausa pranzo<\/strong><\/p>\n<p style=\"text-align: center;\">14.30-14.55 La gesione farmacologica dei disturbi psico-comportamentali<\/p>\n<p style=\"text-align: center;\">della Demenza: i tempi di tratamento, <strong>Silvestro La Pia <\/strong><em>(Napoli)<\/em><\/p>\n<p style=\"text-align: center;\">14.55-15.15 Chronos non abita pi\u00f9 qui: dalle UVA ai CDCD. Focus sul nuovo<\/p>\n<p style=\"text-align: center;\">PDTA per le Demenze in regione Campania, <strong>Giovanni Rea <\/strong><em>(Nocera Inf.)<\/em><\/p>\n<p style=\"text-align: center;\">15.15-15.35 Il ruolo dei itocomplessi a base di Bacopa, Astaxanina ed<\/p>\n<p style=\"text-align: center;\">altri nel tratamento del MCI, <strong>Gennaro Cascone <\/strong><em>(Napoli)<\/em><\/p>\n<p style=\"text-align: center;\">15.40 <strong>Discussione e chiusura dei lavori<\/strong><\/p>\n<p style=\"text-align: center;\"><strong>\u00a0<\/strong><\/p>\n<p style=\"text-align: center;\"><strong>SIMPOSIO<\/strong><\/p>\n<p style=\"text-align: center;\"><strong>\u201cSorrideremo alle farfalle dorate\u201d<\/strong><\/p>\n<p style=\"text-align: center;\"><strong><em>Palazzo Sant\u2019Agosino, Salerno<\/em><\/strong><\/p>\n<p style=\"text-align: center;\"><strong><em>Ore 15.40-18.30<\/em><\/strong><\/p>\n<p style=\"text-align: center;\"><strong><em>Fenomenologia del tempo: un percorso entro le Scienze umane<\/em><\/strong><\/p>\n<p style=\"text-align: center;\"><strong>I &#8211; La coscienza del tempo<\/strong><\/p>\n<p style=\"text-align: center;\">Moderatori: <strong>Maria Rosaria D\u2019Ambrosio <\/strong><em>(Otaviano), <\/em><strong>Carlo Moninaro <\/strong><em>(Nocera Inf.)<\/em>,<\/p>\n<p style=\"text-align: center;\"><strong>Pio Vicinanza <\/strong><em>(Salerno)<\/em><\/p>\n<p style=\"text-align: center;\">15.40-16.10 <strong>Lecio <\/strong>&#8211; Presentazione <strong>Alfonso Tortora<\/strong><\/p>\n<p style=\"text-align: center;\">Il tempo, la memoria, la storia, <strong>Aurelio Musi <\/strong><em>(Salerno)<\/em><\/p>\n<p style=\"text-align: center;\">16.10-16.30 Linguaggio, tempo e storia, <strong>Annibale Elia <\/strong><em>(Salerno)<\/em><\/p>\n<p style=\"text-align: center;\">16.30-16.50 Il tempo che muore, <strong>Alfonso Tortora <\/strong><em>(Salerno)<\/em><\/p>\n<p style=\"text-align: center;\">16.50-17.10 Il tempo lineare, il tempo assoluto e la quarta dimensione in<\/p>\n<p style=\"text-align: center;\">Leteratura, <strong>Franco Salerno <\/strong><em>(Salerno)<\/em><\/p>\n<p style=\"text-align: center;\"><strong>II &#8211; Negli abissi del tempo<\/strong><\/p>\n<p style=\"text-align: center;\">Moderatori: <strong>Anna Maria Mugnano <\/strong><em>(Napoli)<\/em>, <strong>Maria Tagliamonte <\/strong><em>(Pagani)<\/em>,<\/p>\n<p style=\"text-align: center;\"><strong>Pietro Viviani <\/strong><em>(Nocera Inf.)<\/em><\/p>\n<p style=\"text-align: center;\">17.10-17.30 Il tempo in psicoterapia, <strong>Giacomo Visco <\/strong><em>(Sorrento)<\/em><\/p>\n<p style=\"text-align: center;\">17.30-17.50 Il tempo e l\u2019inconscio, <strong>Alfonso Leo <\/strong><em>(Avellino)<\/em><\/p>\n<p style=\"text-align: center;\">17.50-18.10 Fenomenologia del tempo nella vecchiaia e nella malaia di<\/p>\n<p style=\"text-align: center;\">Alzheimer, <strong>Domenico Cassano <\/strong><em>(Nocera Inf.)<\/em><\/p>\n<p style=\"text-align: center;\"><strong>III &#8211; L\u2019ininito che \u00e8 in noi<\/strong><\/p>\n<p style=\"text-align: center;\">Moderatori: <strong>Enrico Volpe <\/strong><em>(Napoli)<\/em>, <strong>Domenico Cassano <\/strong><em>(Nocera Inf.)<\/em><\/p>\n<p style=\"text-align: center;\">18.10-18.30 <strong><em>\u201cSorrideremo alle farfalle dorate\u201d<\/em><\/strong><\/p>\n<p style=\"text-align: center;\">Letura di brani da autori classici, anichi e moderni, nella interpretazione<\/p>\n<p style=\"text-align: center;\">di <strong>Antonio Izzo<\/strong><\/p>\n<p style=\"text-align: center;\">18.30 <strong>Chiusura dei lavori<\/strong><\/p>\n<\/blockquote>\n<p style=\"text-align: center;\"><a href=\"https:\/\/mediavoxmagazine.it\/wp-content\/uploads\/2016\/05\/BROCHURE-CONVEGNO-MIMMO2.jpg\" rel=\"attachment wp-att-2086\"><img loading=\"lazy\" decoding=\"async\" class=\"aligncenter wp-image-2086 size-full\" src=\"https:\/\/mediavoxmagazine.it\/wp-content\/uploads\/2016\/05\/BROCHURE-CONVEGNO-MIMMO2.jpg\" alt=\"BROCHURE CONVEGNO MIMMO2\" width=\"1256\" height=\"636\" srcset=\"https:\/\/mediavoxmagazine.it\/wp-content\/uploads\/2016\/05\/BROCHURE-CONVEGNO-MIMMO2.jpg 1256w, https:\/\/mediavoxmagazine.it\/wp-content\/uploads\/2016\/05\/BROCHURE-CONVEGNO-MIMMO2-300x152.jpg 300w, https:\/\/mediavoxmagazine.it\/wp-content\/uploads\/2016\/05\/BROCHURE-CONVEGNO-MIMMO2-768x389.jpg 768w, https:\/\/mediavoxmagazine.it\/wp-content\/uploads\/2016\/05\/BROCHURE-CONVEGNO-MIMMO2-1024x519.jpg 1024w\" sizes=\"auto, (max-width: 1256px) 100vw, 1256px\" \/><\/a><\/p>\n<p style=\"text-align: center;\"><a href=\"https:\/\/mediavoxmagazine.it\/wp-content\/uploads\/2016\/05\/BROCHURE-CONVEGNO-MIMMO1.jpg\" rel=\"attachment wp-att-2085\"><img loading=\"lazy\" decoding=\"async\" class=\"aligncenter wp-image-2085 size-full\" src=\"https:\/\/mediavoxmagazine.it\/wp-content\/uploads\/2016\/05\/BROCHURE-CONVEGNO-MIMMO1.jpg\" alt=\"BROCHURE CONVEGNO MIMMO1\" width=\"1256\" height=\"636\" srcset=\"https:\/\/mediavoxmagazine.it\/wp-content\/uploads\/2016\/05\/BROCHURE-CONVEGNO-MIMMO1.jpg 1256w, https:\/\/mediavoxmagazine.it\/wp-content\/uploads\/2016\/05\/BROCHURE-CONVEGNO-MIMMO1-300x152.jpg 300w, https:\/\/mediavoxmagazine.it\/wp-content\/uploads\/2016\/05\/BROCHURE-CONVEGNO-MIMMO1-768x389.jpg 768w, https:\/\/mediavoxmagazine.it\/wp-content\/uploads\/2016\/05\/BROCHURE-CONVEGNO-MIMMO1-1024x519.jpg 1024w\" sizes=\"auto, (max-width: 1256px) 100vw, 1256px\" \/><\/a><\/p>\n","protected":false},"excerpt":{"rendered":"<div class=\"mh-excerpt\"><p>19-20 maggio 2016 Palazzo Sant\u2019Agosino, Sede della Provincia\u00a0&#8211; Salerno 21 maggio 2016 Lloyd\u2019s Baia Hotel, Vietri Sul Mare (SA) N. 16 crediti formativi per\u00a0Neurologi, Neuro-Psichiatri <a class=\"mh-excerpt-more\" href=\"https:\/\/mediavoxmagazine.it\/?p=2103\" title=\"LE METAMORFOSI DI CHRONOS: tra Scienze umane e Neuroscienze\">[&#8230;]<\/a><\/p>\n<\/div>","protected":false},"author":3,"featured_media":2083,"comment_status":"closed","ping_status":"closed","sticky":false,"template":"","format":"standard","meta":{"footnotes":""},"categories":[129],"tags":[174,175,547,542,543,149],"class_list":["post-2103","post","type-post","status-publish","format-standard","has-post-thumbnail","hentry","category-medicina-salute-benessere","tag-convegno","tag-dibattito","tag-medici","tag-neurologia","tag-psichiatria","tag-scienza"],"_links":{"self":[{"href":"https:\/\/mediavoxmagazine.it\/index.php?rest_route=\/wp\/v2\/posts\/2103","targetHints":{"allow":["GET"]}}],"collection":[{"href":"https:\/\/mediavoxmagazine.it\/index.php?rest_route=\/wp\/v2\/posts"}],"about":[{"href":"https:\/\/mediavoxmagazine.it\/index.php?rest_route=\/wp\/v2\/types\/post"}],"author":[{"embeddable":true,"href":"https:\/\/mediavoxmagazine.it\/index.php?rest_route=\/wp\/v2\/users\/3"}],"replies":[{"embeddable":true,"href":"https:\/\/mediavoxmagazine.it\/index.php?rest_route=%2Fwp%2Fv2%2Fcomments&post=2103"}],"version-history":[{"count":1,"href":"https:\/\/mediavoxmagazine.it\/index.php?rest_route=\/wp\/v2\/posts\/2103\/revisions"}],"predecessor-version":[{"id":2104,"href":"https:\/\/mediavoxmagazine.it\/index.php?rest_route=\/wp\/v2\/posts\/2103\/revisions\/2104"}],"wp:featuredmedia":[{"embeddable":true,"href":"https:\/\/mediavoxmagazine.it\/index.php?rest_route=\/wp\/v2\/media\/2083"}],"wp:attachment":[{"href":"https:\/\/mediavoxmagazine.it\/index.php?rest_route=%2Fwp%2Fv2%2Fmedia&parent=2103"}],"wp:term":[{"taxonomy":"category","embeddable":true,"href":"https:\/\/mediavoxmagazine.it\/index.php?rest_route=%2Fwp%2Fv2%2Fcategories&post=2103"},{"taxonomy":"post_tag","embeddable":true,"href":"https:\/\/mediavoxmagazine.it\/index.php?rest_route=%2Fwp%2Fv2%2Ftags&post=2103"}],"curies":[{"name":"wp","href":"https:\/\/api.w.org\/{rel}","templated":true}]}}