{"id":2147,"date":"2016-05-23T17:10:18","date_gmt":"2016-05-23T16:10:18","guid":{"rendered":"https:\/\/mediavoxmagazine.it\/?p=2147"},"modified":"2016-05-23T18:39:27","modified_gmt":"2016-05-23T17:39:27","slug":"sul-cuore-della-calabria","status":"publish","type":"post","link":"https:\/\/mediavoxmagazine.it\/?p=2147","title":{"rendered":"Sul cuore&#8230; della Calabria!"},"content":{"rendered":"<p><strong><img loading=\"lazy\" decoding=\"async\" class=\"alignleft wp-image-2149 size-medium\" src=\"https:\/\/mediavoxmagazine.it\/wp-content\/uploads\/2016\/05\/clowna-300x199.jpg\" alt=\"clowna\" width=\"300\" height=\"199\" srcset=\"https:\/\/mediavoxmagazine.it\/wp-content\/uploads\/2016\/05\/clowna-300x199.jpg 300w, https:\/\/mediavoxmagazine.it\/wp-content\/uploads\/2016\/05\/clowna-768x510.jpg 768w, https:\/\/mediavoxmagazine.it\/wp-content\/uploads\/2016\/05\/clowna.jpg 960w\" sizes=\"auto, (max-width: 300px) 100vw, 300px\" \/><\/strong><\/p>\n<p><strong>Sabato 21 maggio 2016<\/strong>, alle <strong>ore 18,30<\/strong>, nella <strong>Sala comunale di Fuscaldo Marina (Cs)<\/strong>, <strong>l&#8217;Associazione Centro Culturale Arianna<\/strong>, con il patrocinio<img loading=\"lazy\" decoding=\"async\" class=\"wp-image-2153 alignright\" src=\"https:\/\/mediavoxmagazine.it\/wp-content\/uploads\/2016\/05\/clowna5-278x300.jpg\" alt=\"clowna5\" width=\"191\" height=\"206\" srcset=\"https:\/\/mediavoxmagazine.it\/wp-content\/uploads\/2016\/05\/clowna5-278x300.jpg 278w, https:\/\/mediavoxmagazine.it\/wp-content\/uploads\/2016\/05\/clowna5.jpg 524w\" sizes=\"auto, (max-width: 191px) 100vw, 191px\" \/> morale del <strong>Comune di Fuscaldo<\/strong>, alla presenza delle autorit\u00e0 comunali e di una folta platea, ha organizzato la presentazione del libro &#8220;<strong>Sul cuore del mondo<\/strong>\u201d. Questo libro, scritto da autori vari e giunto alla prima ristampa, \u00e8 una raccolta di lettere d&#8217;amore. Protagonista \u00e8 l&#8217;amore nell&#8217;accezione pi\u00f9 ampia. \u00a0L\u2019Associazione Centro Culturale Arianna, promotrice dell&#8217;evento \u00e8 un&#8217;associazione di artisti, poeti, scrittori che opera nel settore culturale con una attenzione speciale nei confronti dei pi\u00f9 deboli. Ha organizzato eventi artistici e culturali in tutto il mondo, in particolare nei paesi del sud del mondo: Marocco, Senegal, Burundi. Questo evento si colloca appunto nell\u2019ambito delle iniziative a sostegno della cultura e della promozione della solidariet\u00e0. L&#8217;idea del libro \u00e8 la stessa che ha portato alla pubblicazione dell&#8217;antologia poetica \u201cParlami d&#8217;amore,<img loading=\"lazy\" decoding=\"async\" class=\" wp-image-2150 alignright\" src=\"https:\/\/mediavoxmagazine.it\/wp-content\/uploads\/2016\/05\/clowna1-300x199.jpg\" alt=\"clowna1\" width=\"265\" height=\"176\" srcset=\"https:\/\/mediavoxmagazine.it\/wp-content\/uploads\/2016\/05\/clowna1-300x199.jpg 300w, https:\/\/mediavoxmagazine.it\/wp-content\/uploads\/2016\/05\/clowna1-768x510.jpg 768w, https:\/\/mediavoxmagazine.it\/wp-content\/uploads\/2016\/05\/clowna1.jpg 960w\" sizes=\"auto, (max-width: 265px) 100vw, 265px\" \/> parlami di vita\u201d e del libro di fiabe \u201cRacconti di stelle alla luna\u201d: unire l&#8217;arte, la poesia, la narrativa e come\u00a0 in questo caso,raccolte epistolari con la solidariet\u00e0: il ricavato della vendita del libro sostiene i progetti dell&#8217;Associazione \u201cNasi rossi clown therapy\u201d, che <img loading=\"lazy\" decoding=\"async\" class=\" wp-image-2152 alignleft\" src=\"https:\/\/mediavoxmagazine.it\/wp-content\/uploads\/2016\/05\/clowna4-300x207.jpg\" alt=\"clowna4\" width=\"269\" height=\"185\" srcset=\"https:\/\/mediavoxmagazine.it\/wp-content\/uploads\/2016\/05\/clowna4-300x207.jpg 300w, https:\/\/mediavoxmagazine.it\/wp-content\/uploads\/2016\/05\/clowna4.jpg 692w\" sizes=\"auto, (max-width: 269px) 100vw, 269px\" \/>opera attraverso la comico terapia nei luoghi di disagio per migliorare la qualit\u00e0 della degenza e promuovere il benessere.\u00a0Moderatrice dell&#8217;evento <strong>Tania Guida<\/strong> dell&#8217;Associazione \u201c<strong>I binari della vita<\/strong>\u201d. Dopo i saluti istituzionali del Sindaco di Fuscaldo, l&#8217;arch. <strong>Gianfranco Ramundo<\/strong> che ha sottolineato l&#8217;importanza della clownterapia\u00a0 e del sorriso come strumento terapeutico,\u00a0 \u00e8 intervenuto il curatore del libro, l&#8217;artista <strong>Lorenzo Basile<\/strong>, che ha evidenziato come il libro abbia dato voce a tanti autori, diversi per cultura, impegni di lavoro ed estrazione sociale che, prendendo in prestito lo strumento dell&#8217;epistola, hanno declinato l&#8217;amore nelle sue infinite sfumature, realizzando un vero e proprio \u201cromanzo epistolare\u201d polifonico. Ogni autore ha cos\u00ec portato la sua esperienza di vita e, tutti insieme, hanno costituito un mosaico unico e bello proprio per la sua diversit\u00e0. Questo libro non costituisce solo una esperienza culturale interessante,ma \u00e8 anche un mezzo solidale: il ricavato dei fondi della vendita \u00e8 destinato alla clownterapia e per un progetto di laboratori artistici,\u00a0 nel centro diurno \u201c<strong>Crescere insieme<\/strong>\u201ddel <strong>Santuario di Pompei<\/strong>. La sociologa e Presidente dell&#8217;Associazione \u201cNasi rossi clown therapy\u201d\u00a0<strong> Francesca Colombo<\/strong> ha spiegato la missione della clownterapia nei luoghi del disagio, ponendo l&#8217;accento sull&#8217;umanizzazione delle cure e illustrando, con professionalit\u00e0 e passione, la figura del clown dottore.\u00a0 La clownterapia, infatti,\u00a0 \u00e8 sempre di pi\u00f9 un valido supporto alla medicina tradizionale, integrando e completando le cure tradizionali con la terapia del sorriso.\u00a0Il prof. <strong>Giovanni Boccia<\/strong> si \u00e8 soffermato sulle dinamiche artistiche e didattiche dei laboratori artistici che sono in corso nel centro diurno \u201cCrescere insieme\u201d del Santuario di Pompei:\u00a0\u00a0il progetto, iniziato nel mese di aprile di quest&#8217;anno, sar\u00e0 terminato nel mese di maggio. A conclusione delle attivit\u00e0 sar\u00e0 organizzato un evento espositivo dove saranno in mostra i lavori dei bambini. I laboratori artistici con i bambini con problematiche sociali sono una esperienza molto interessante sia dal punto di vista umano che professionale. \u00a0Agli interventi dei relatori si sono succeduti la proiezione di un video sulle attivit\u00e0 di clownterapia, la lettura di una lettera del libro e brani musicali a cura dei Maestri <strong>Emilio De Francesco<\/strong> e <strong>Antonella Sam\u00e0<\/strong> &#8211; violino e organo.<\/p>\n<p><img loading=\"lazy\" decoding=\"async\" class=\"aligncenter wp-image-2151 size-full\" src=\"https:\/\/mediavoxmagazine.it\/wp-content\/uploads\/2016\/05\/clowna3.jpg\" alt=\"clowna3\" width=\"799\" height=\"590\" srcset=\"https:\/\/mediavoxmagazine.it\/wp-content\/uploads\/2016\/05\/clowna3.jpg 799w, https:\/\/mediavoxmagazine.it\/wp-content\/uploads\/2016\/05\/clowna3-300x222.jpg 300w, https:\/\/mediavoxmagazine.it\/wp-content\/uploads\/2016\/05\/clowna3-768x567.jpg 768w, https:\/\/mediavoxmagazine.it\/wp-content\/uploads\/2016\/05\/clowna3-80x60.jpg 80w\" sizes=\"auto, (max-width: 799px) 100vw, 799px\" \/><\/p>\n<p>&nbsp;<\/p>\n<blockquote>\n<p style=\"text-align: center;\"><strong><em>PROGRAMMA PRESENTAZIONE DEL LIBRO<\/em><\/strong><\/p>\n<p style=\"text-align: center;\"><strong><em>\u201cSUL CUORE DEL MONDO\u201d<\/em><\/strong><\/p>\n<p style=\"text-align: center;\"><em>Lettura di un brano del libro a cura dell&#8217;Associazione \u201cNasi rossi clown therapy\u201d<\/em><\/p>\n<p style=\"text-align: center;\"><em>Saluti istituzionali<\/em><br \/>\n<em> arch. Gianfranco Ramundo<\/em><br \/>\n<em> Sindaco Citt\u00e0 di Fuscaldo<\/em><\/p>\n<p style=\"text-align: center;\"><em>intermezzo musicale a cura del duo violinista Emilio De Francesco e la pianista Antonella Sam\u00e0<\/em><\/p>\n<p style=\"text-align: center;\"><em> Interventi:<\/em><br \/>\n<em> Maestro Lorenzo Basile<\/em><br \/>\n<em> curatore del progetto \u201cSul cuore del mondo\u201d<\/em><\/p>\n<p style=\"text-align: center;\"><em> dott. ssa Francesca Colombo<\/em><\/p>\n<p style=\"text-align: center;\"><em>sociologa e Presidente Associazione \u201cNasi rossi clown Therapy\u201d<\/em><\/p>\n<p style=\"text-align: center;\"><em>proiezione video<\/em><\/p>\n<p style=\"text-align: center;\"><em>intermezzo musicale a cura del duo violinista Emilio De Francesco e la pianista Antonella Sam\u00e0<\/em><\/p>\n<p style=\"text-align: center;\"><em> prof. Giovanni Boccia<\/em><br \/>\n<em> Direttivo nazionale dell&#8217;Associazione Centro Culturale Arianna<\/em><\/p>\n<p style=\"text-align: center;\"><em>intermezzo musicale a cura del duo violinista Emilio De Francesco e la pianista Antonella Sam\u00e0<\/em><\/p>\n<p style=\"text-align: center;\"><em> Modera: Tania Guido<\/em><br \/>\n<em> Associazione \u201c I binari della vita\u201d<\/em><\/p>\n<\/blockquote>\n<p style=\"text-align: center;\"><img loading=\"lazy\" decoding=\"async\" class=\"aligncenter wp-image-2155 size-full\" src=\"https:\/\/mediavoxmagazine.it\/wp-content\/uploads\/2016\/05\/clowna8.jpg\" alt=\"clowna8\" width=\"739\" height=\"460\" srcset=\"https:\/\/mediavoxmagazine.it\/wp-content\/uploads\/2016\/05\/clowna8.jpg 739w, https:\/\/mediavoxmagazine.it\/wp-content\/uploads\/2016\/05\/clowna8-300x187.jpg 300w\" sizes=\"auto, (max-width: 739px) 100vw, 739px\" \/><img loading=\"lazy\" decoding=\"async\" class=\"aligncenter wp-image-2154 \" src=\"https:\/\/mediavoxmagazine.it\/wp-content\/uploads\/2016\/05\/clowna6.jpg\" alt=\"clowna6\" width=\"740\" height=\"442\" srcset=\"https:\/\/mediavoxmagazine.it\/wp-content\/uploads\/2016\/05\/clowna6.jpg 871w, https:\/\/mediavoxmagazine.it\/wp-content\/uploads\/2016\/05\/clowna6-300x179.jpg 300w, https:\/\/mediavoxmagazine.it\/wp-content\/uploads\/2016\/05\/clowna6-768x459.jpg 768w\" sizes=\"auto, (max-width: 740px) 100vw, 740px\" \/><\/p>\n<blockquote>\n<p style=\"text-align: left;\"><em><strong>Fotografie a cura di Annalisa Prisco<\/strong><\/em><\/p>\n<\/blockquote>\n","protected":false},"excerpt":{"rendered":"<div class=\"mh-excerpt\"><p>Sabato 21 maggio 2016, alle ore 18,30, nella Sala comunale di Fuscaldo Marina (Cs), l&#8217;Associazione Centro Culturale Arianna, con il patrocinio morale del Comune di <a class=\"mh-excerpt-more\" href=\"https:\/\/mediavoxmagazine.it\/?p=2147\" title=\"Sul cuore&#8230; della Calabria!\">[&#8230;]<\/a><\/p>\n<\/div>","protected":false},"author":7,"featured_media":2148,"comment_status":"closed","ping_status":"closed","sticky":false,"template":"","format":"standard","meta":{"footnotes":""},"categories":[11],"tags":[31,38,28,137,32,142],"class_list":["post-2147","post","type-post","status-publish","format-standard","has-post-thumbnail","hentry","category-eventi","tag-cultura","tag-letteratura","tag-libro","tag-presentazione","tag-solidarieta","tag-volume"],"_links":{"self":[{"href":"https:\/\/mediavoxmagazine.it\/index.php?rest_route=\/wp\/v2\/posts\/2147","targetHints":{"allow":["GET"]}}],"collection":[{"href":"https:\/\/mediavoxmagazine.it\/index.php?rest_route=\/wp\/v2\/posts"}],"about":[{"href":"https:\/\/mediavoxmagazine.it\/index.php?rest_route=\/wp\/v2\/types\/post"}],"author":[{"embeddable":true,"href":"https:\/\/mediavoxmagazine.it\/index.php?rest_route=\/wp\/v2\/users\/7"}],"replies":[{"embeddable":true,"href":"https:\/\/mediavoxmagazine.it\/index.php?rest_route=%2Fwp%2Fv2%2Fcomments&post=2147"}],"version-history":[{"count":7,"href":"https:\/\/mediavoxmagazine.it\/index.php?rest_route=\/wp\/v2\/posts\/2147\/revisions"}],"predecessor-version":[{"id":2162,"href":"https:\/\/mediavoxmagazine.it\/index.php?rest_route=\/wp\/v2\/posts\/2147\/revisions\/2162"}],"wp:featuredmedia":[{"embeddable":true,"href":"https:\/\/mediavoxmagazine.it\/index.php?rest_route=\/wp\/v2\/media\/2148"}],"wp:attachment":[{"href":"https:\/\/mediavoxmagazine.it\/index.php?rest_route=%2Fwp%2Fv2%2Fmedia&parent=2147"}],"wp:term":[{"taxonomy":"category","embeddable":true,"href":"https:\/\/mediavoxmagazine.it\/index.php?rest_route=%2Fwp%2Fv2%2Fcategories&post=2147"},{"taxonomy":"post_tag","embeddable":true,"href":"https:\/\/mediavoxmagazine.it\/index.php?rest_route=%2Fwp%2Fv2%2Ftags&post=2147"}],"curies":[{"name":"wp","href":"https:\/\/api.w.org\/{rel}","templated":true}]}}