{"id":2294,"date":"2016-05-12T12:25:08","date_gmt":"2016-05-12T11:25:08","guid":{"rendered":"https:\/\/mediavoxmagazine.it\/?p=2294"},"modified":"2016-05-31T12:32:52","modified_gmt":"2016-05-31T11:32:52","slug":"fides-et-scientia","status":"publish","type":"post","link":"https:\/\/mediavoxmagazine.it\/?p=2294","title":{"rendered":"FIDES ET SCIENTIA"},"content":{"rendered":"<p><img loading=\"lazy\" decoding=\"async\" class=\"alignleft wp-image-2295 \" src=\"https:\/\/mediavoxmagazine.it\/wp-content\/uploads\/2016\/05\/locandina_2016-724x1024.jpg\" alt=\"locandina_2016\" width=\"361\" height=\"510\" srcset=\"https:\/\/mediavoxmagazine.it\/wp-content\/uploads\/2016\/05\/locandina_2016-724x1024.jpg 724w, https:\/\/mediavoxmagazine.it\/wp-content\/uploads\/2016\/05\/locandina_2016-212x300.jpg 212w, https:\/\/mediavoxmagazine.it\/wp-content\/uploads\/2016\/05\/locandina_2016-768x1086.jpg 768w, https:\/\/mediavoxmagazine.it\/wp-content\/uploads\/2016\/05\/locandina_2016.jpg 800w\" sizes=\"auto, (max-width: 361px) 100vw, 361px\" \/>Dopo gli splendidi successi delle prime tre Edizione che hanno visto le prestigiose Premiazioni del <strong>Prof. Bruno Dallapiccola<\/strong>, genetista di fama internazionale, del <strong>Prof. Antonino Zichichi<\/strong>, scienziato di fama mondiale e del <strong>Prof. Alessandro De Franciscis, <\/strong>\u00a0responsabile del\u00a0Bureau Medical\u00a0di\u00a0Lourdes, il Consiglio direttivo e i Soci tutti della Sezione diocesana Nocera Inferiore \u2013 Sarno dell\u2019<strong>AMCI<\/strong> (<em>\u201cAssociazione Medici cattolici italiani\u201d)<\/em>,\u00a0presieduta dal <strong>Dott. Mario Ascolese<\/strong><em>,<\/em><strong>\u00a0<\/strong>hanno ritenuto opportuno riproporre alla Citt\u00e0 di <strong>Sarno<\/strong> (SA), per il quarto anno consecutivo, l\u2019assegnazione di un Premio internazionale che commemorasse la figura di un illustre concittadino, il <strong>Dott. Vincenzo De Colibus<\/strong>.<\/p>\n<p>Partendo da tali considerazioni, \u00e8 stata sempre\u00a0chiara la volont\u00e0, anche della <strong>Famiglia De Colibus<\/strong>, di\u00a0premiare un eminente personaggio del mondo scientifico che riuscisse, con la sua <em>ars oratoria<\/em> ed attraverso il suo grande sapere, a coinvolgere tutti, dai <em>mass-media<\/em> agli studenti del Territorio, in un dibattito interessantissimo e costruttivo.<\/p>\n<p>L\u2019attenzione si \u00e8 focalizzata, per La IV Edizione 2016, sul <strong>Prof.Giulio Fanti<\/strong>: illustre Docente di Misure Meccaniche e Termiche presso il Dipartimento di Ingegneria Industriale dell\u2019Universit\u00e0 di Parma, ha tenuto un\u2019imperdibile <em>Lectio magistralis<\/em>, dal titolo \u201cLa Sindone tra Scienza e Fede\u201d. Una Conferenza superlativa che ha letteralmente ammaliato tutti i presenti. Uno sguardo al passato con gli occhi di chi riesce gi\u00e0 a vedere oltre, verso il futuro. Studio e passione, appunto Scienza e Fede, per divulgare nozioni e notizie uniche sulla \u201cSacra Sindone\u201d: essa \u00e8 mistero e testimonianza in un unico reperto, dal sapore immortale, dal sapere incommensurabile.<\/p>\n<p>Per tutta la durata della Manifestazione e nel pomeriggio del sabato, \u00e8 stata esposta al pubblico, nel \u201cRenzullo Centro LARS\u201d, una <strong>copia anastatica della Sindone a grandezza naturale<\/strong>.<img loading=\"lazy\" decoding=\"async\" class=\"size-medium wp-image-2297 alignright\" src=\"https:\/\/mediavoxmagazine.it\/wp-content\/uploads\/2016\/05\/13119090_1605118453060650_257220447888308307_n-300x243.jpg\" alt=\"13119090_1605118453060650_257220447888308307_n\" width=\"300\" height=\"243\" srcset=\"https:\/\/mediavoxmagazine.it\/wp-content\/uploads\/2016\/05\/13119090_1605118453060650_257220447888308307_n-300x243.jpg 300w, https:\/\/mediavoxmagazine.it\/wp-content\/uploads\/2016\/05\/13119090_1605118453060650_257220447888308307_n-768x621.jpg 768w, https:\/\/mediavoxmagazine.it\/wp-content\/uploads\/2016\/05\/13119090_1605118453060650_257220447888308307_n.jpg 814w\" sizes=\"auto, (max-width: 300px) 100vw, 300px\" \/><\/p>\n<p>Il Premio ha il Patrocinio, ed il completo appoggio, dell\u2019<strong>Amministrazione comunale tutta della Citt\u00e0 di Sarno<\/strong>, guidata dal <strong>Sindaco e Presidente della Provincia di Salerno Dott. Giuseppe Canfora<\/strong>.<\/p>\n<p>Come ogni anno, \u00e8 stato, inoltre, premiato, un giovane Sacerdote e Ricercatore. \u00a0Il Consiglio direttivo della Sezione AMCI \u201cV. De Colibus\u201d e il Direttore del Centro Analisi \u201c<strong>SynLab \u2013 Mater Dei<\/strong>\u201d di Pagani hanno consegnato la consueta Borsa di studio al <strong>Dott. Don Makoutabra Wenyatiga<\/strong>, specializzato con lode in \u201cTeologia dogmatica \u2013 Indirizzo cristologico\u201d con la valente Tesi dal titolo \u201cIl Cristo nero di James Cone\u201d.<\/p>\n<p>Importante il pubblico presente ed apprezzata la presenza di tanti giovani studenti, come delegazione delle <strong>Scuole del Territorio<\/strong>.<\/p>\n<p>&nbsp;<\/p>\n<blockquote>\n<p style=\"text-align: left;\"><strong><img loading=\"lazy\" decoding=\"async\" class=\"size-medium wp-image-2299 alignleft\" src=\"https:\/\/mediavoxmagazine.it\/wp-content\/uploads\/2016\/05\/13124860_1605118403060655_2418252113981056502_n-300x225.jpg\" alt=\"13124860_1605118403060655_2418252113981056502_n\" width=\"300\" height=\"225\" srcset=\"https:\/\/mediavoxmagazine.it\/wp-content\/uploads\/2016\/05\/13124860_1605118403060655_2418252113981056502_n-300x225.jpg 300w, https:\/\/mediavoxmagazine.it\/wp-content\/uploads\/2016\/05\/13124860_1605118403060655_2418252113981056502_n-235x176.jpg 235w, https:\/\/mediavoxmagazine.it\/wp-content\/uploads\/2016\/05\/13124860_1605118403060655_2418252113981056502_n-80x60.jpg 80w, https:\/\/mediavoxmagazine.it\/wp-content\/uploads\/2016\/05\/13124860_1605118403060655_2418252113981056502_n.jpg 526w\" sizes=\"auto, (max-width: 300px) 100vw, 300px\" \/>L\u2019INTERVENTO DEL Dott. Mario Ascolese, P<\/strong><strong>residente \u201cAMCI \u2013 Sez. De Colibus<\/strong>&#8220;: <em>\u00ab<\/em>\u2018<em>In principio era il logos (\u03bbo\u03b3\u03bf\u03c2)&#8221;, scrive Giovanni nel prologo del suo Vangelo. Logos significa sia pensiero che parola, quindi Dio agisce con logos, e nel logos si manifesta, entrando nel terreno della scienza, che \u00e8 pensiero puro. E&#8217; molto diffusa l&#8217;opinione secondo cui fede e scienza abbiano poco da spartirsi, e che, anzi, siano nemiche l&#8217;una dell&#8217;altra. Certamente, vicende come quella di Galileo o di Darwin, tanto per dirne qualcuna, sembrano andare a favore di questa tesi. E in effetti il rapporto tra queste due dimensioni dello spirito umano \u00e8 sempre stato alquanto difficile, e non si pu\u00f2 certo negare che nella loro storia ci siano stati numerosi momenti di scontro, nei quali l&#8217;uomo di fede ha visto nello scienziato il nemico da combattere e viceversa.\u00a0Un giorno il biologo Louis Pasteur, disse: &#8221; Poca scienza allontana da Dio, ma molta riconduce a Lui&#8221;. Giovanni Paolo II affermava: \u2018La distinzione tra i due campi del sapere (scienza e fede) non deve essere intesa come un&#8217; opposizione. I due settori non sono estranei l&#8217; uno all&#8217; altro, ma hanno punti d&#8217; incontro. Alla luce di quanto appena detto, il Consiglio direttivo e i Soci tutti della Sezione diocesana dell\u2019AMCI, che mi onoro di presiedere e che \u00e8 intitolata a Vincenzo De Colibus, hanno ritenuto offrire alla Citt\u00e0 di Sarno l\u2019istituzione di un Premio internazionale che commemorasse la figura di un illustre concittadino che nel corso della sua vita si \u00e8 sempre speso, fino alla sua morte, nell\u2019impegno sociale come uomo libero e coraggioso, spinto come pensatore laico e credente verso il pubblico senza mai avere ambizioni di potere o di cariche. La seriet\u00e0 dello studio, l\u2019apertura al sociale e al bene comune, la fede e lo spirito di carit\u00e0 verso i bisognosi e i sofferenti e infine la fermezza talvolta cruda e il coraggio di manifestare sinceramente le proprie convinzioni lo hanno reso modello e guida delle generazioni future. <\/em><\/p>\n<p style=\"text-align: left;\"><em>Partendo da tali considerazioni, si \u00e8 deciso di premiare quest\u2019anno il Prof. Giulio Fanti.<\/em><em> Ingegnere Docente di Misure Meccaniche e Termiche presso il Dipartimento di Ingegneria Industriale dell\u2019Universit\u00e0 di Padova. Dopo essersi dedicato a strutture spaziali, satelliti al guinzaglio e analisi di immagini, ha indirizzato dal 1997 il suo interesse verso la Sindone per colmare alcune lacune soprattutto in riferimento all\u2019immagine corporea ivi impressa, che risulta tutt\u2019ora scientificamente inspiegabile. \u00c8 stato il responsabile di progetti di ricerca universitari riguardanti la reliquia pi\u00f9 importante della Cristianit\u00e0 ed \u00e8 a capo da pi\u00f9 di dieci anni del gruppo <strong>Shroud Science<\/strong>. \u00c8 autore di pi\u00f9 di 170 lavori scientifici pubblicati anche su riviste internazionali. Sulla Sindone ha scritto 8 libri e pi\u00f9 di 50 lavori scientifici; \u00e8 stato editor invitato per uno speciale scientifico sulla Sindone e relatore di numerose tesi di laurea in Ingegneria Meccanica. <\/em><\/p>\n<p style=\"text-align: left;\"><em>Devo necessariamente\u00a0ringraziare quanti hanno fattivamente collaborato all\u2019organizzazione dell\u2019Evento: il Presidente della Provincia di Salerno <strong>Dott. Giuseppe Canfora<\/strong> che ha ritenuto l\u2019evento strumento di crescita civile e culturale per i giovani della citt\u00e0 di Sarno. L\u2019Assessore alla Cultura e all\u2019istruzione,\u00a0<strong>Prof. Vincenzo Salerno<\/strong>; l\u2019Ass. allo Spettacolo e alle A.A.P.P.,\u00a0<strong>Avv. Dea Squillante<\/strong>;\u00a0<strong>Tonino Robustelli<\/strong>\u00a0del Comune di Sarno, la\u00a0<strong>Pro Loco Sarno<\/strong>\u00a0del Presidente\u00a0<strong>M.llo Aniello Annunziata<\/strong>\u00a0per il costante impegno; ovviamente, tutta la\u00a0<strong>Famiglia del Dott. De Colibus<\/strong>.\u00a0Un ringraziamento particolare, infine, al\u00a0<strong>Dott. Nello Renzullo<\/strong>\u00a0e a tutto il Suo\u00a0<strong>Staff<\/strong>, in particolare la Dott.ssa Caccavo, per averci offerto, con eccezionale e cordiale professionalit\u00e0, la splendida ed efficientissima struttura del <strong>Renzullo\u00a0Centro di riabilitazione LARS<\/strong> \u00bb<\/em><\/p>\n<\/blockquote>\n<p><strong>\u00a0<img loading=\"lazy\" decoding=\"async\" class=\"aligncenter wp-image-2296 size-large\" src=\"https:\/\/mediavoxmagazine.it\/wp-content\/uploads\/2016\/05\/10-1-1024x576.jpg\" alt=\"10\" width=\"1024\" height=\"576\" srcset=\"https:\/\/mediavoxmagazine.it\/wp-content\/uploads\/2016\/05\/10-1-1024x576.jpg 1024w, https:\/\/mediavoxmagazine.it\/wp-content\/uploads\/2016\/05\/10-1-300x169.jpg 300w, https:\/\/mediavoxmagazine.it\/wp-content\/uploads\/2016\/05\/10-1-768x432.jpg 768w, https:\/\/mediavoxmagazine.it\/wp-content\/uploads\/2016\/05\/10-1-678x381.jpg 678w, https:\/\/mediavoxmagazine.it\/wp-content\/uploads\/2016\/05\/10-1.jpg 1920w\" sizes=\"auto, (max-width: 1024px) 100vw, 1024px\" \/><\/strong><\/p>\n<blockquote><p><strong>Il Commento del prof. Fanti<\/strong><strong>, in seguito all\u2019assegnazione del premio \u201cFides e Scientia\u201d<\/strong><\/p>\n<p><em>\u00a0\u00a0\u00a0\u201c<\/em><em>Dopo i successi delle prime tre Edizioni, che hanno visto prestigiose premiazioni come quella del prof. Antonio Zichichi, il giorno 7 maggio 2016 l\u2019Associazione Medici Cattolici Italiani (A.M.C.I.) ha conferito a Giulio Fanti il prestigioso premio \u201cFides et Scientia \u2013 Vincenzo De Colibus\u201d con la seguente motivazione: \u201cPer l\u2019impegno e la dedizione con cui conduce le sue ricerche sulla Sindone, lavori eseguiti con scrupoloso rigore scientifico avvalendosi di mezzi tecnologici d\u2019avanguardia. Riconoscimento per l\u2019alta professionalit\u00e0 del suo lavoro da parte di tutta la comunit\u00e0 scientifica internazionale e attestato di stima per un professionista che sostiene con forza e chiarezza le proprie convinzioni di scienziato e credente.\u201d<\/em><\/p>\n<p><em>La cerimonia si \u00e8 svolta presso il Centro di Riabilitazione Renzullo \u2013 LARS nella mattina di sabato, di fronte ad un foltissimo pubblico, a partire dalle pi\u00f9 importanti autorit\u00e0 cittadine fino a scolaresche liceali.<\/em><\/p>\n<p><em>Dopo i discorsi introduttivi del prof. Giuseppe Canfora, Sindaco di Sarno, che tra l\u2019altro posto il patrocinio della Citt\u00e0 per il Premio, e dopo diversi interventi, si \u00e8 tenuta una presentazione delle ultime novit\u00e0 riguardanti le ricerche sindoniche da parte di Giulio Fanti che alla fine ha ricevuto il bellissimo premio, un Pegaso argenteo (il famoso cavallo alato che assai bene rappresenta la forza della Scienza accoppiata alle ali della Fede) dal prof. Mario Ascolese, Presidente dell\u2019A.M.C.I..<\/em><\/p>\n<p><em>Durante tutta la manifestazione il Centro Renzullo ha organizzato una mostra consistente nell\u2019esposizione di una copia in scala naturale della S. Sindone corredata da una dozzina di pannelli esplicativi. Tale mostra \u00e8 risultata di grande interesse da parte del pubblico: diverse centinaia di persone la hanno visitata anche nel pomeriggio, a premiazione ultimata. Per questo motivo Giulio Fanti ha proposto di installare nello stesso Centro una esposizione permanente della S. Sindone e dei pannelli, proposta che \u00e8 stata accettata favorevolmente dalle autorit\u00e0.<\/em><\/p>\n<p><em>Giulio Fanti ringrazia tutti gli organizzatori per la calorosissima accoglienza e in particolare il prof. Mario Ascolese per l\u2019eccezionale ospitalit\u00e0 offertagli durante tutta la sua permanenza a Sarno.<\/em><\/p>\n<p><em>Come dichiarato all\u2019inizio della sua conferenza, Giulio Fanti ha\u00a0 sottolineato il fatto che non avrebbe ricevuto questo prestigioso premio se non avesse avuto modo di studiare la S. Sindone, o meglio se in un certo qual modo la stessa S. Sindone \u201clo avesse chiamato\u201d a tali studi. Di conseguenza, secondo il relatore, il Premio deve essere assegnato non a lui, ma alla S. Sindone, la Reliquia pi\u00f9 importante della Cristianit\u00e0.<\/em><\/p>\n<p><em>A partire dal primo Congresso sul tema, a Nizza nel 1997, Giulio Fanti fu non solo attratto dai misteri celati nel Sacro Lenzuolo, ma ebbe anche, gratuitamente e spesso senza che lo chiedesse direttamente, un tale numero di dati e campioni da analizzare che ancora oggi non ritiene possibile fermare le interessantissime ricerche cha lo hanno portato anche a risultati importanti come la datazione della S. Sindone al primo secolo dopo Cristo, periodo in cui Ges\u00f9 visse in Palestina.<\/em><\/p>\n<p><em>La conferenza ha toccato sinteticamente i punti fondamentali della ricerca scientifica sulla S. Sindone evidenziando alcune novit\u00e0 recentemente pubblicate. Fra queste per esempio ha evidenziato che la doppia immagine corporea \u00e8 ancora oggi un grande mistero perch\u00e9 non pu\u00f2 essere riprodotta in tutte le sue innumerevoli caratteristiche chimico-fisiche. La migliore ipotesi fa riferimento ad un\u2019intensa esplosione di energia probabilmente legata ad un forte campo elettrico dell\u2019ordine di quello provocato da decine di fulmini agenti contemporaneamente nello stesso punto.<\/em><\/p>\n<p><em>La Scienza ci dice che S. Sindone ha quindi avvolto il corpo di un cadavere flagellato, coronato di spine, crocifisso con chiodi e morto in croce, ma non ci spiega come possa essersi prodotta quell\u2019intensa energia che form\u00f2 l\u2019immagine.<\/em><\/p>\n<p><em>La Scienza qui si ferma e mostra le sue attuali limitatezze. Del resto la Scienza \u00e8 fatta dall\u2019Uomo che di per s\u00e9 \u00e8 limitato, quindi la Scienza \u00e8 limitata. Per spiegare qualcosa in pi\u00f9 sulla Reliquia pi\u00f9 importante della Cristianit\u00e0 \u00e8 necessario quindi uscire dalla Scienza ed abbracciare altre discipline quali la Teologia.<\/em><\/p>\n<p><em>Dal punto di vista religioso i Testi Sacri e soprattutto Salmi e Vangeli riportano e confermano tutto ci\u00f2 che si pu\u00f2 dedurre dalle torture subite dall\u2019Uomo della Sindone, che a questo punto \u00e8 quasi impossibile non riconoscere come Ges\u00f9 Cristo, il Risorto. Anzi la S. Sindone conferma ed evidenzia con un verismo scientifico impressionante quello che viene descritto nella Bibbia al punto tale che il prof. Eberhard Lindner la defin\u00ec il \u201cVangelo scientifico\u201d<\/em><\/p>\n<p><em>Per esempio i Vangeli riportano che Ges\u00f9 fu flagellato senza entrare nei dettagli. La S. Sindone, oltre che confermare questo, ci mostra come fu flagellato quell\u2019Uomo: sono state contate pi\u00f9 di 370 ferite da flagello solo sulla parte frontale e dorsale dell\u2019immagine di quell\u2019Uomo. Contando anche le probabili ferite laterali, non impresse sulla Reliquia, risulta che Ges\u00f9 ferito in almeno 600-700 punti dal cosiddetto \u201cFlagrum Romano\u201d: osservando la S. Sindone possiamo quindi capire meglio quanto Ges\u00f9 abbia sofferto per noi.<\/em><\/p>\n<p><em>Questa \u201cfotografia\u201d ci lascia quindi un doppio messaggio di Passione e di Risurrezione, messaggio che dobbiamo meditare in silenzio, solo dopo avere riconosciuto quell\u2019Uomo. Quindi il problema principale che dobbiamo risolvere studiando la Reliquia non \u00e8 quello di rispondere chi sia quell\u2019Uomo, ma quello di capire, una volta riconosciuto, che cosa ci chieda. Per esempio alcune domande possono\u00a0 essere le seguenti: Ges\u00f9, abbandonato da tutti, perfino dal Padre, con le sue sofferenze morali superiori a quelle fisiche, perch\u00e9 decise liberamente di soffrire per noi uomini e di sopportare tutto ci\u00f2 osserviamo sulla Sindone? Che significato ha per noi questa immagine? Quanto vale la nostra Redenzione? Come accogliamo noi oggi questo messaggio? C\u2019\u00e8 un\u2019indicazione sul comportamento di vita?<\/em><\/p>\n<p><em>In conclusione, studiando la S. Sindone, si pu\u00f2 arrivare con S. Giovanni Paolo II ad affermare che \u201c\u2026 quando tutto crolla \u2026 anche dentro di noi, Cristo resta l\u2019indefettibile nostro sostegno\u201d per la nostra anima immortale vestita di un corpo mortale.<\/em><\/p><\/blockquote>\n<p><strong>\u00a0<\/strong><\/p>\n<p><strong>\u00a0<\/strong><\/p>\n<blockquote>\n<p style=\"text-align: right;\"><strong>MOTIVAZIONE DEL PREMIO AL PROF. GIULIO FANTI<img loading=\"lazy\" decoding=\"async\" class=\" wp-image-2300 alignright\" src=\"https:\/\/mediavoxmagazine.it\/wp-content\/uploads\/2016\/05\/IMG_5026-1-300x225.jpg\" alt=\"IMG_5026\" width=\"241\" height=\"181\" srcset=\"https:\/\/mediavoxmagazine.it\/wp-content\/uploads\/2016\/05\/IMG_5026-1-300x225.jpg 300w, https:\/\/mediavoxmagazine.it\/wp-content\/uploads\/2016\/05\/IMG_5026-1-768x576.jpg 768w, https:\/\/mediavoxmagazine.it\/wp-content\/uploads\/2016\/05\/IMG_5026-1-235x176.jpg 235w, https:\/\/mediavoxmagazine.it\/wp-content\/uploads\/2016\/05\/IMG_5026-1-80x60.jpg 80w, https:\/\/mediavoxmagazine.it\/wp-content\/uploads\/2016\/05\/IMG_5026-1.jpg 876w\" sizes=\"auto, (max-width: 241px) 100vw, 241px\" \/><\/strong><\/p>\n<p style=\"text-align: right;\">Per l\u2019impegno e la dedizione con cui conduce le sue ricerche sulla Sindone,\u00a0lavori eseguiti con scrupoloso rigore scientifico avvalendosi di mezzi tecnologici d\u2019avanguardia. Riconoscimento per l\u2019alta professionalit\u00e0 del suo lavoro da parte di tutta la comunit\u00e0 scientifica internazionale e attestato di stima per un professionista che sostiene con forza e chiarezza le proprie convinzioni di scienziato e credente.<\/p>\n<\/blockquote>\n<p>&nbsp;<\/p>\n<blockquote>\n<p style=\"text-align: right;\"><strong>MOTIVAZIONE DEL PREMIO A Don Makoutabra Wenyatiga<img loading=\"lazy\" decoding=\"async\" class=\"size-medium wp-image-2298 alignright\" src=\"https:\/\/mediavoxmagazine.it\/wp-content\/uploads\/2016\/05\/12-1-300x169.jpg\" alt=\"12\" width=\"300\" height=\"169\" srcset=\"https:\/\/mediavoxmagazine.it\/wp-content\/uploads\/2016\/05\/12-1-300x169.jpg 300w, https:\/\/mediavoxmagazine.it\/wp-content\/uploads\/2016\/05\/12-1-768x432.jpg 768w, https:\/\/mediavoxmagazine.it\/wp-content\/uploads\/2016\/05\/12-1-1024x576.jpg 1024w, https:\/\/mediavoxmagazine.it\/wp-content\/uploads\/2016\/05\/12-1-678x381.jpg 678w, https:\/\/mediavoxmagazine.it\/wp-content\/uploads\/2016\/05\/12-1.jpg 1920w\" sizes=\"auto, (max-width: 300px) 100vw, 300px\" \/><\/strong><\/p>\n<p style=\"text-align: right;\">Giovane e brillante Teologo, specializzato in Teologia dogmatica\u00a0per il suo lavoro dal titolo \u201cIl Cristo nero di James Cone\u201d,\u00a0ispirato alla figura del primo esponente di quella che viene definita\u00a0\u201cTeologia Nera\u201d, corrente nata negli anni \u201960 del secolo scorso negli\u00a0Stati Uniti d\u2019America<\/p>\n<\/blockquote>\n","protected":false},"excerpt":{"rendered":"<div class=\"mh-excerpt\"><p>Dopo gli splendidi successi delle prime tre Edizione che hanno visto le prestigiose Premiazioni del Prof. Bruno Dallapiccola, genetista di fama internazionale, del Prof. Antonino <a class=\"mh-excerpt-more\" href=\"https:\/\/mediavoxmagazine.it\/?p=2294\" title=\"FIDES ET SCIENTIA\">[&#8230;]<\/a><\/p>\n<\/div>","protected":false},"author":2,"featured_media":2296,"comment_status":"closed","ping_status":"closed","sticky":false,"template":"","format":"standard","meta":{"footnotes":""},"categories":[11],"tags":[621,297,327,149],"class_list":["post-2294","post","type-post","status-publish","format-standard","has-post-thumbnail","hentry","category-eventi","tag-fede","tag-medicina","tag-premio","tag-scienza"],"_links":{"self":[{"href":"https:\/\/mediavoxmagazine.it\/index.php?rest_route=\/wp\/v2\/posts\/2294","targetHints":{"allow":["GET"]}}],"collection":[{"href":"https:\/\/mediavoxmagazine.it\/index.php?rest_route=\/wp\/v2\/posts"}],"about":[{"href":"https:\/\/mediavoxmagazine.it\/index.php?rest_route=\/wp\/v2\/types\/post"}],"author":[{"embeddable":true,"href":"https:\/\/mediavoxmagazine.it\/index.php?rest_route=\/wp\/v2\/users\/2"}],"replies":[{"embeddable":true,"href":"https:\/\/mediavoxmagazine.it\/index.php?rest_route=%2Fwp%2Fv2%2Fcomments&post=2294"}],"version-history":[{"count":1,"href":"https:\/\/mediavoxmagazine.it\/index.php?rest_route=\/wp\/v2\/posts\/2294\/revisions"}],"predecessor-version":[{"id":2301,"href":"https:\/\/mediavoxmagazine.it\/index.php?rest_route=\/wp\/v2\/posts\/2294\/revisions\/2301"}],"wp:featuredmedia":[{"embeddable":true,"href":"https:\/\/mediavoxmagazine.it\/index.php?rest_route=\/wp\/v2\/media\/2296"}],"wp:attachment":[{"href":"https:\/\/mediavoxmagazine.it\/index.php?rest_route=%2Fwp%2Fv2%2Fmedia&parent=2294"}],"wp:term":[{"taxonomy":"category","embeddable":true,"href":"https:\/\/mediavoxmagazine.it\/index.php?rest_route=%2Fwp%2Fv2%2Fcategories&post=2294"},{"taxonomy":"post_tag","embeddable":true,"href":"https:\/\/mediavoxmagazine.it\/index.php?rest_route=%2Fwp%2Fv2%2Ftags&post=2294"}],"curies":[{"name":"wp","href":"https:\/\/api.w.org\/{rel}","templated":true}]}}