{"id":2452,"date":"2016-07-11T12:58:02","date_gmt":"2016-07-11T11:58:02","guid":{"rendered":"https:\/\/mediavoxmagazine.it\/?p=2452"},"modified":"2016-07-11T13:44:21","modified_gmt":"2016-07-11T12:44:21","slug":"lacrime-e-gioia-7","status":"publish","type":"post","link":"https:\/\/mediavoxmagazine.it\/?p=2452","title":{"rendered":"LACRIME E GIOIA #7"},"content":{"rendered":"<blockquote>\n<p style=\"text-align: right;\"><strong><em>SOGNO DI UNA NOTTE DI MEZZA ESTATE<img loading=\"lazy\" decoding=\"async\" class=\"wp-image-2454  alignright\" src=\"https:\/\/mediavoxmagazine.it\/wp-content\/uploads\/2016\/07\/ronaldo.jpg\" alt=\"ronaldo\" width=\"631\" height=\"631\" srcset=\"https:\/\/mediavoxmagazine.it\/wp-content\/uploads\/2016\/07\/ronaldo.jpg 708w, https:\/\/mediavoxmagazine.it\/wp-content\/uploads\/2016\/07\/ronaldo-150x150.jpg 150w, https:\/\/mediavoxmagazine.it\/wp-content\/uploads\/2016\/07\/ronaldo-300x300.jpg 300w\" sizes=\"auto, (max-width: 631px) 100vw, 631px\" \/><\/em><\/strong><\/p>\n<\/blockquote>\n<p>Attendi questa partita da una vita, con quella fascia di capitano legata pi\u00f9 al cuore che al braccio, con la voglia e la speranza di portare la propria squadra a vincere l&#8217;<strong>Europeo<\/strong>. Lavori tanto, ti impegni per essere al top, ma \u00e8 proprio nel mezzo di questo sogno di mezza estate che la sfortuna irrompe e un infortunio, causato da <strong>Payet<\/strong>, centrocampista del <strong>West Ham United<\/strong>, costringe la grande stella del <strong>Portogallo<\/strong> e del <strong>Real Madrid<\/strong>, <strong>Cristiano Ronaldo<\/strong>, a lasciare il campo in barella tra le lacrime. Anche dopo lo scontro <strong>Cr7<\/strong> ha comunque tentato di ritornare a giocare, facendosi fasciare il ginocchio infortunato, ma, nonostante la grande forza di volont\u00e0 che lo ha da sempre caratterizzato, Ronaldo non ce l&#8217;ha fatta pi\u00f9 e, una volta stesosi per terra, ha ricominciato a piangere .<\/p>\n<p>Le lacrime di Cristiano Ronaldo non sono le lacrime di un extraterrestre, di un campione qual \u00e8 o di un fuoriclasse: sono le lacrime che rappresentano non la debolezza,ma l&#8217; IMMENSA Forza di un uomo, proprio come tutti noi, che ha creduto nel proprio sogno, che ha sperato, che ha lavorato con le unghie e con gli artigli per cercare di realizzare il proprio sogno. Sono anche le lacrime di un IMMENSO CAPITANO che, avendo capito che avrebbe dovuto lasciare il campo, \u00e8 scoppiato in lacrime e ha dato lui stesso la fascia di capitano a <strong>Nan\u00ec<\/strong>, centrocampista del <strong>Valencia<\/strong>, come a dire: &#8220;<em>Ora tocca a te, vai!<\/em>&#8220;.<\/p>\n<p>Ed \u00e8 proprio questa scena una di quelle che rimarr\u00e0 pi\u00f9 impressa nel ricordo di questi Europei. Particolare inoltre \u00e8 stato il gesto dei tifosi della Francia, che all&#8217;uscita dal campo del grande campioni, si sono tutti alzati In piedi applaudendolo: questo \u00e8 il calcio che piace e che fa emozionare. Nonostante la sua uscita, i giocatori del Portogallo ci hanno sempre creduto e, incoraggiati anche dalle sue lacrime, hanno sconfitto la <strong>Francia<\/strong> con un gol di <strong>Eder<\/strong>, attaccante del <strong>Lilla<\/strong>, al 109&#8242; durante i tempi supplementari.<\/p>\n<p>E&#8217; stata la Vittoria di un popolo, di una nazione e di una squadra, che, sebbene poco quotata all&#8217;inizio, \u00e8 riuscita a strappare il titolo di campioni d&#8217;Europa ai Francesi. Ma \u00e8 stata sopratutto la vittoria di un grande uomo, Cristiano Ronaldo, lui che ha vinto tanto e che ha quasi vinto tutto. Per assurdo, la vittoria pi\u00f9 bella della sua vita l&#8217;ha vista quasi tutta dalla panchina e chiss\u00e0 a cosa avr\u00e0 pensato mentre ha alzato la coppa tanto sudata! Non ci sono ricchezze che possano valere le emozioni che stasera ha provato Ronaldo: il calcio \u00e8 soprattutto passione e l&#8217;intero Portogallo l&#8217;ha dimostrato, diventando per la prima volta nella storia campione d&#8217;Europa. UMILTA&#8217;, LAVORO E RISPETTO sono serviti per compiere il #miracolo portoghese.<\/p>\n<p><em>Collage: foto &#8211; fonte internet<\/em><\/p>\n<p>&nbsp;<\/p>\n","protected":false},"excerpt":{"rendered":"<div class=\"mh-excerpt\"><p>SOGNO DI UNA NOTTE DI MEZZA ESTATE Attendi questa partita da una vita, con quella fascia di capitano legata pi\u00f9 al cuore che al braccio, <a class=\"mh-excerpt-more\" href=\"https:\/\/mediavoxmagazine.it\/?p=2452\" title=\"LACRIME E GIOIA #7\">[&#8230;]<\/a><\/p>\n<\/div>","protected":false},"author":25,"featured_media":2453,"comment_status":"closed","ping_status":"closed","sticky":false,"template":"","format":"standard","meta":{"footnotes":""},"categories":[198],"tags":[633,664,666,531,634,635,673,672,668,670,671,667,665,669],"class_list":["post-2452","post","type-post","status-publish","format-standard","has-post-thumbnail","hentry","category-sport","tag-calcio","tag-campionato","tag-cr7","tag-euro","tag-europei","tag-francia","tag-goal","tag-gol","tag-infortunio","tag-pallone","tag-porta","tag-portogallo","tag-ronaldo","tag-squadra"],"_links":{"self":[{"href":"https:\/\/mediavoxmagazine.it\/index.php?rest_route=\/wp\/v2\/posts\/2452","targetHints":{"allow":["GET"]}}],"collection":[{"href":"https:\/\/mediavoxmagazine.it\/index.php?rest_route=\/wp\/v2\/posts"}],"about":[{"href":"https:\/\/mediavoxmagazine.it\/index.php?rest_route=\/wp\/v2\/types\/post"}],"author":[{"embeddable":true,"href":"https:\/\/mediavoxmagazine.it\/index.php?rest_route=\/wp\/v2\/users\/25"}],"replies":[{"embeddable":true,"href":"https:\/\/mediavoxmagazine.it\/index.php?rest_route=%2Fwp%2Fv2%2Fcomments&post=2452"}],"version-history":[{"count":4,"href":"https:\/\/mediavoxmagazine.it\/index.php?rest_route=\/wp\/v2\/posts\/2452\/revisions"}],"predecessor-version":[{"id":2459,"href":"https:\/\/mediavoxmagazine.it\/index.php?rest_route=\/wp\/v2\/posts\/2452\/revisions\/2459"}],"wp:featuredmedia":[{"embeddable":true,"href":"https:\/\/mediavoxmagazine.it\/index.php?rest_route=\/wp\/v2\/media\/2453"}],"wp:attachment":[{"href":"https:\/\/mediavoxmagazine.it\/index.php?rest_route=%2Fwp%2Fv2%2Fmedia&parent=2452"}],"wp:term":[{"taxonomy":"category","embeddable":true,"href":"https:\/\/mediavoxmagazine.it\/index.php?rest_route=%2Fwp%2Fv2%2Fcategories&post=2452"},{"taxonomy":"post_tag","embeddable":true,"href":"https:\/\/mediavoxmagazine.it\/index.php?rest_route=%2Fwp%2Fv2%2Ftags&post=2452"}],"curies":[{"name":"wp","href":"https:\/\/api.w.org\/{rel}","templated":true}]}}