{"id":2539,"date":"2016-07-17T09:04:20","date_gmt":"2016-07-17T08:04:20","guid":{"rendered":"https:\/\/mediavoxmagazine.it\/?p=2539"},"modified":"2016-07-17T09:08:39","modified_gmt":"2016-07-17T08:08:39","slug":"francesco-scognamiglio-veste-beyonce","status":"publish","type":"post","link":"https:\/\/mediavoxmagazine.it\/?p=2539","title":{"rendered":"Francesco Scognamiglio veste Beyonc\u00e9"},"content":{"rendered":"<figure id=\"attachment_2540\" aria-describedby=\"caption-attachment-2540\" style=\"width: 422px\" class=\"wp-caption alignright\"><img loading=\"lazy\" decoding=\"async\" class=\"wp-image-2540 \" src=\"https:\/\/mediavoxmagazine.it\/wp-content\/uploads\/2016\/07\/Scognamiglio1.jpg\" alt=\"\" width=\"422\" height=\"495\" srcset=\"https:\/\/mediavoxmagazine.it\/wp-content\/uploads\/2016\/07\/Scognamiglio1.jpg 450w, https:\/\/mediavoxmagazine.it\/wp-content\/uploads\/2016\/07\/Scognamiglio1-256x300.jpg 256w\" sizes=\"auto, (max-width: 422px) 100vw, 422px\" \/><figcaption id=\"caption-attachment-2540\" class=\"wp-caption-text\"><em>Foto &#8211; fonte internet<\/em><\/figcaption><\/figure>\n<p>Dopo il recente debutto a Parigi con una collezione haute couture, lo stilista <strong>Francesco Scognamiglio <\/strong>torna a far parlare di s\u00e9 e a portare alto il nome della moda italiana nel panorama mondiale. \u00a0Sar\u00e0 infatti il talento partenopeo l&#8217;autore di una vera e propria opera d&#8217;arte sartoriale che sfogger\u00e0 <strong>Beyonc\u00e9<\/strong> durante la tappa milanese del suo <strong><em>Formation World Tour.<\/em><\/strong><span style=\"line-height: 1.5;\"><br \/>\nPer la serata di <\/span><strong style=\"line-height: 1.5;\">luned\u00ec 18 luglio <\/strong><span style=\"line-height: 1.5;\">allo<\/span><strong style=\"line-height: 1.5;\"> stadio San Siro<\/strong><span style=\"line-height: 1.5;\">, Scognamiglio ha realizzato una creazione in grado di rispecchiare l&#8217;icona incarnata da <\/span><strong style=\"line-height: 1.5;\"><em>Queen Bey<\/em><\/strong><span style=\"line-height: 1.5;\">: un abito capace di interpretare l&#8217;energia, la forza e il carisma di un artista simbolo della determinazione e del potere femminile.<\/span><\/p>\n<blockquote>\n<figure id=\"attachment_2541\" aria-describedby=\"caption-attachment-2541\" style=\"width: 125px\" class=\"wp-caption alignleft\"><img loading=\"lazy\" decoding=\"async\" class=\"wp-image-2541 \" src=\"https:\/\/mediavoxmagazine.it\/wp-content\/uploads\/2016\/07\/scognamiglio2.jpg\" alt=\"\" width=\"125\" height=\"188\" \/><figcaption id=\"caption-attachment-2541\" class=\"wp-caption-text\"><em>Foto &#8211; fonte internet<\/em><\/figcaption><\/figure>\n<p>Si tratta di un bomber color carta da zucchero, in tessuto jacquard, su cui campeggiano intarsi e ricami floreali impreziositi da cristalli swarovski. Il look prevede inoltre un body in tulle e degli shorts con nastri neri: l&#8217;insieme bilancia armoniosamente elementi romantici e femminili con dettagli da \u201c<em>combattente<\/em>\u201d.<\/p><\/blockquote>\n<p>Cresciuto come designer sotto l&#8217;egida dell<strong>&#8216;Istituto Superiore di Design di Napoli<\/strong>, Scognamiglio ha esordito fin dalla giovane et\u00e0 con una collaborazione di spicco con la rinomata casa di moda <strong><em>Versace<\/em><\/strong>. Dopo il trionfo nel 2000 a <strong>Palazzo Barberini<\/strong> grazie ad una collezione ispirata agli anni &#8217;80, lo stilista ha vestito la top model <strong>Eva Riccobono<\/strong> e firmato abiti per importanti eventi, \u00a0da <strong><em>Sanremo <\/em><\/strong>al<strong><em> Festival del cinema di Venezia.<\/em><\/strong><\/p>\n<p>Ad oggi ha conquistato un posto nell&#8217;olimpo dell&#8217;alta moda con i capi unici realizzati per le popstar di fama mondiale <strong>Madonna <\/strong>e <strong>Lady Gaga<\/strong>, cui si aggiunge ora la regina indiscussa <strong>Beyonc\u00e9 Knowles-Carter.<\/strong><\/p>\n<figure id=\"attachment_2543\" aria-describedby=\"caption-attachment-2543\" style=\"width: 1473px\" class=\"wp-caption aligncenter\"><img loading=\"lazy\" decoding=\"async\" class=\"wp-image-2543 size-full\" src=\"https:\/\/mediavoxmagazine.it\/wp-content\/uploads\/2016\/07\/scognamiglio4.jpg\" alt=\"\" width=\"1473\" height=\"982\" srcset=\"https:\/\/mediavoxmagazine.it\/wp-content\/uploads\/2016\/07\/scognamiglio4.jpg 1473w, https:\/\/mediavoxmagazine.it\/wp-content\/uploads\/2016\/07\/scognamiglio4-300x200.jpg 300w, https:\/\/mediavoxmagazine.it\/wp-content\/uploads\/2016\/07\/scognamiglio4-768x512.jpg 768w, https:\/\/mediavoxmagazine.it\/wp-content\/uploads\/2016\/07\/scognamiglio4-1024x683.jpg 1024w\" sizes=\"auto, (max-width: 1473px) 100vw, 1473px\" \/><figcaption id=\"caption-attachment-2543\" class=\"wp-caption-text\"><em>Foto &#8211; fonte internet<\/em><\/figcaption><\/figure>\n<p><strong>\u00a0<\/strong><\/p>\n","protected":false},"excerpt":{"rendered":"<div class=\"mh-excerpt\"><p>Dopo il recente debutto a Parigi con una collezione haute couture, lo stilista Francesco Scognamiglio torna a far parlare di s\u00e9 e a portare alto <a class=\"mh-excerpt-more\" href=\"https:\/\/mediavoxmagazine.it\/?p=2539\" title=\"Francesco Scognamiglio veste Beyonc\u00e9\">[&#8230;]<\/a><\/p>\n<\/div>","protected":false},"author":19,"featured_media":2546,"comment_status":"closed","ping_status":"closed","sticky":false,"template":"","format":"standard","meta":{"footnotes":""},"categories":[13],"tags":[685,384,686,684,649,23,197,107],"class_list":["post-2539","post","type-post","status-publish","format-standard","has-post-thumbnail","hentry","category-moda-nuove-tendenze","tag-beyonce","tag-concerto","tag-design","tag-made-in-italy","tag-moda","tag-musica","tag-napoli","tag-tour"],"_links":{"self":[{"href":"https:\/\/mediavoxmagazine.it\/index.php?rest_route=\/wp\/v2\/posts\/2539","targetHints":{"allow":["GET"]}}],"collection":[{"href":"https:\/\/mediavoxmagazine.it\/index.php?rest_route=\/wp\/v2\/posts"}],"about":[{"href":"https:\/\/mediavoxmagazine.it\/index.php?rest_route=\/wp\/v2\/types\/post"}],"author":[{"embeddable":true,"href":"https:\/\/mediavoxmagazine.it\/index.php?rest_route=\/wp\/v2\/users\/19"}],"replies":[{"embeddable":true,"href":"https:\/\/mediavoxmagazine.it\/index.php?rest_route=%2Fwp%2Fv2%2Fcomments&post=2539"}],"version-history":[{"count":2,"href":"https:\/\/mediavoxmagazine.it\/index.php?rest_route=\/wp\/v2\/posts\/2539\/revisions"}],"predecessor-version":[{"id":2545,"href":"https:\/\/mediavoxmagazine.it\/index.php?rest_route=\/wp\/v2\/posts\/2539\/revisions\/2545"}],"wp:featuredmedia":[{"embeddable":true,"href":"https:\/\/mediavoxmagazine.it\/index.php?rest_route=\/wp\/v2\/media\/2546"}],"wp:attachment":[{"href":"https:\/\/mediavoxmagazine.it\/index.php?rest_route=%2Fwp%2Fv2%2Fmedia&parent=2539"}],"wp:term":[{"taxonomy":"category","embeddable":true,"href":"https:\/\/mediavoxmagazine.it\/index.php?rest_route=%2Fwp%2Fv2%2Fcategories&post=2539"},{"taxonomy":"post_tag","embeddable":true,"href":"https:\/\/mediavoxmagazine.it\/index.php?rest_route=%2Fwp%2Fv2%2Ftags&post=2539"}],"curies":[{"name":"wp","href":"https:\/\/api.w.org\/{rel}","templated":true}]}}