{"id":2568,"date":"2016-07-21T06:10:46","date_gmt":"2016-07-21T05:10:46","guid":{"rendered":"https:\/\/mediavoxmagazine.it\/?p=2568"},"modified":"2016-07-21T06:16:40","modified_gmt":"2016-07-21T05:16:40","slug":"napoli-location-dellalta-moda-per-4-giorni","status":"publish","type":"post","link":"https:\/\/mediavoxmagazine.it\/?p=2568","title":{"rendered":"Napoli location dell\u2019Alta Moda per 4 giorni"},"content":{"rendered":"<p><strong>Napoli<\/strong>\u00a0<em>&#8211; <strong>#deglovesnaples<\/strong><\/em>: \u00e8 questo <em>l\u2019hastag<\/em> (per i senior, una specie di \u201ctag\u201d) che ha spopolato negli ultimi giorni sui <em>social network<\/em>, accompagnando migliaia e migliaia di foto scattate, nella citt\u00e0 partenopea, dai cittadini entusiasti per quest\u2019iniziativa e dalle migliaia di fotografi presenti alle sfilate e alle feste che hanno movimentato la gi\u00e0 vivace citt\u00e0 partenopea.<\/p>\n<p>Cos\u2019\u00e8 dunque il <strong><em>D&amp;G festival<\/em><\/strong>, svoltosi a Napoli dal 7 al 10 luglio? In occasione del XXX anniversario del <em>brand<\/em> gli stilisti <strong>Stefano Dolce<\/strong> e <strong>Domenico Gabbana<\/strong>, diventati ormai statuette di ceramica sul tradizionale presepe di san Gregorio, hanno deciso di elogiare l\u2019autentica citt\u00e0 di Napoli, ma soprattutto i suoi abitanti.<\/p>\n<p>In un\u2019intervista rilasciata al <em>Mattino<\/em> Stefano Dolce ha infatti affermato \u201c<em>Sono le persone che rendono un posto magnifico<\/em>\u201d, riferendosi dunque al popolo napoletano che li ha accolti come veri beniamini. Di certo l\u2019evento \u00e8 stato impreziosito ancora di pi\u00f9 dalla presenza dell\u2019amatissima <strong>Sophia Loren<\/strong>, alla quale il Sindaco, <strong>Luigi De Magistris<\/strong>, ha conferito la cittadinanza onoraria della citt\u00e0 di Napoli. Il festival \u00e8 stata una vera e propria mostra itinerante delle tradizioni di Napoli, della quale gli ospiti hanno scoperto i paesaggi pi\u00f9 nascosti.<\/p>\n<p>L\u2019evento di apertura si \u00e8 svolto il 7 luglio a Villa Pignatelli, dove c\u2019 \u00e8 stata la presentazione della collezione <em>alta gioielleria<\/em>. L\u2019incantevole scenario ha fatto da cornice ad una collezione di gioielli davvero inimitabile, composta da pezzi unici che riassumono passione, tradizione e, naturalmente, eleganza.<\/p>\n<p>Organizzare una sfilata nel bel mezzo di Spaccanapoli, incrociando l\u2019alta moda con storie di vita quotidiana \u00e8 di sicuro un azzardo bello gande, un gesto quasi \u201ccoraggioso\u201d. Ma gli stilisti non hanno badato a ci\u00f2, aprendo le porte della loro <em>maison<\/em> alla Citt\u00e0, alle sue tradizioni e ai suoi cittadini, facendo cos\u00ec scoprire alle moltissime celebrit\u00e0 internazionali presenti un aspetto della tradizione ancora celato e custodito tra i vicoli stretti e ombreggiati della citt\u00e0. La collezione era inoltre dedicata alla madrina dell\u2019Evento, Sophia Loren, che ha dichiarato ancora una volta il suo amore per Napoli.<\/p>\n<p>Il 7 luglio la \u201cmostra\u201d ha avuto come <em>location<\/em> San Gregorio Armeno. Dalla maglia di Maradona (abbinata alla grazia della modella, che ha sfilato con un pallone da calcio in mano, e ad una lunga gonna nera di straordinaria eleganza) alla riproduzione della mitra di San Gennaro. Sarebbe proprio il caso di dire \u201c<em>Sono state le tradizioni a fare la differenza<\/em>\u201d. Gli infiniti intarsi, gli strascichi e i ricami hanno entusiasmato il pubblico o, meglio, gli invitati a questa festa, che ha coinvolto anche le persone comodamente affacciate ai balconi della loro casa.<\/p>\n<p>Ma la festa non \u00e8 certo finita qui: dal <em>party<\/em> post-sfilata, nei giorni seguenti, l&#8217;evento si \u00e8 spostato al Borgo Marinai che per l\u2019occasione era chiuso al pubblico. Adornato proprio come una vera festa di paese per non abbandonare mai l\u2019iter di questa sorta di mostra della Bellezza italiana. Nei giorni successivi, \u00e8 stata presenta la collezione <em>alta moda uomo<\/em>, accompagnata da un suggestivo aperitivo al tramonto. Naturalmente gli stilisti anche qui hanno fatto s\u00ec che la Citt\u00e0 fosse la protagonista, adornando le giacche con tipici paesaggi partenopei.<\/p>\n<p>L\u2019ultima tappa della \u201cmostra\u201d \u00e8 stata poi la cena del 10 luglio sulla spiaggia di\u00a0Palazzo Donn\u2019Anna, a Posillipo, animata da musica italiana di ogni genere e da tanta passione.<\/p>\n<p>Napoli si \u00e8, dunque, rivelata la cornice perfetta per un evento, che ha donato alla Citt\u00e0 un tocco chic e un\u2019opportunit\u00e0 che i Napoletani hanno sfruttato al meglio.<\/p>\n<figure id=\"attachment_2570\" aria-describedby=\"caption-attachment-2570\" style=\"width: 873px\" class=\"wp-caption aligncenter\"><a href=\"https:\/\/mediavoxmagazine.it\/wp-content\/uploads\/2016\/07\/DG1.jpg\" rel=\"attachment wp-att-2570\"><img loading=\"lazy\" decoding=\"async\" class=\"wp-image-2570 size-full\" src=\"https:\/\/mediavoxmagazine.it\/wp-content\/uploads\/2016\/07\/DG1.jpg\" alt=\"\" width=\"873\" height=\"599\" srcset=\"https:\/\/mediavoxmagazine.it\/wp-content\/uploads\/2016\/07\/DG1.jpg 873w, https:\/\/mediavoxmagazine.it\/wp-content\/uploads\/2016\/07\/DG1-300x206.jpg 300w, https:\/\/mediavoxmagazine.it\/wp-content\/uploads\/2016\/07\/DG1-768x527.jpg 768w\" sizes=\"auto, (max-width: 873px) 100vw, 873px\" \/><\/a><figcaption id=\"caption-attachment-2570\" class=\"wp-caption-text\"><strong><em>Foto: fonte internet<\/em><\/strong><\/figcaption><\/figure>\n<p>&nbsp;<\/p>\n","protected":false},"excerpt":{"rendered":"<div class=\"mh-excerpt\"><p>Napoli\u00a0&#8211; #deglovesnaples: \u00e8 questo l\u2019hastag (per i senior, una specie di \u201ctag\u201d) che ha spopolato negli ultimi giorni sui social network, accompagnando migliaia e migliaia <a class=\"mh-excerpt-more\" href=\"https:\/\/mediavoxmagazine.it\/?p=2568\" title=\"Napoli location dell\u2019Alta Moda per 4 giorni\">[&#8230;]<\/a><\/p>\n<\/div>","protected":false},"author":29,"featured_media":2569,"comment_status":"closed","ping_status":"closed","sticky":false,"template":"","format":"standard","meta":{"footnotes":""},"categories":[13],"tags":[220,704,702,703,697,698,54,701,56,197,700,699],"class_list":["post-2568","post","type-post","status-publish","format-standard","has-post-thumbnail","hentry","category-moda-nuove-tendenze","tag-anniversario","tag-citta","tag-cittadinanza-onoraria","tag-comune","tag-dg","tag-dolce-e-gabbana","tag-evento","tag-madrina-sophia-loren","tag-mostra","tag-napoli","tag-sfilata","tag-trentennale"],"_links":{"self":[{"href":"https:\/\/mediavoxmagazine.it\/index.php?rest_route=\/wp\/v2\/posts\/2568","targetHints":{"allow":["GET"]}}],"collection":[{"href":"https:\/\/mediavoxmagazine.it\/index.php?rest_route=\/wp\/v2\/posts"}],"about":[{"href":"https:\/\/mediavoxmagazine.it\/index.php?rest_route=\/wp\/v2\/types\/post"}],"author":[{"embeddable":true,"href":"https:\/\/mediavoxmagazine.it\/index.php?rest_route=\/wp\/v2\/users\/29"}],"replies":[{"embeddable":true,"href":"https:\/\/mediavoxmagazine.it\/index.php?rest_route=%2Fwp%2Fv2%2Fcomments&post=2568"}],"version-history":[{"count":2,"href":"https:\/\/mediavoxmagazine.it\/index.php?rest_route=\/wp\/v2\/posts\/2568\/revisions"}],"predecessor-version":[{"id":2573,"href":"https:\/\/mediavoxmagazine.it\/index.php?rest_route=\/wp\/v2\/posts\/2568\/revisions\/2573"}],"wp:featuredmedia":[{"embeddable":true,"href":"https:\/\/mediavoxmagazine.it\/index.php?rest_route=\/wp\/v2\/media\/2569"}],"wp:attachment":[{"href":"https:\/\/mediavoxmagazine.it\/index.php?rest_route=%2Fwp%2Fv2%2Fmedia&parent=2568"}],"wp:term":[{"taxonomy":"category","embeddable":true,"href":"https:\/\/mediavoxmagazine.it\/index.php?rest_route=%2Fwp%2Fv2%2Fcategories&post=2568"},{"taxonomy":"post_tag","embeddable":true,"href":"https:\/\/mediavoxmagazine.it\/index.php?rest_route=%2Fwp%2Fv2%2Ftags&post=2568"}],"curies":[{"name":"wp","href":"https:\/\/api.w.org\/{rel}","templated":true}]}}