{"id":2699,"date":"2016-07-29T17:55:15","date_gmt":"2016-07-29T16:55:15","guid":{"rendered":"https:\/\/mediavoxmagazine.it\/?p=2699"},"modified":"2016-07-29T18:27:11","modified_gmt":"2016-07-29T17:27:11","slug":"dear-jack-guerra-personale","status":"publish","type":"post","link":"https:\/\/mediavoxmagazine.it\/?p=2699","title":{"rendered":"DEAR JACK: &#8220;GUERRA PERSONALE&#8221;"},"content":{"rendered":"<blockquote>\n<p style=\"text-align: right;\"><em><a href=\"https:\/\/mediavoxmagazine.it\/wp-content\/uploads\/2016\/07\/foto-47.jpg\" rel=\"attachment wp-att-2707\"><img loading=\"lazy\" decoding=\"async\" class=\" wp-image-2707 alignright\" src=\"https:\/\/mediavoxmagazine.it\/wp-content\/uploads\/2016\/07\/foto-47.jpg\" alt=\"foto (47)\" width=\"225\" height=\"188\" srcset=\"https:\/\/mediavoxmagazine.it\/wp-content\/uploads\/2016\/07\/foto-47.jpg 1765w, https:\/\/mediavoxmagazine.it\/wp-content\/uploads\/2016\/07\/foto-47-300x250.jpg 300w, https:\/\/mediavoxmagazine.it\/wp-content\/uploads\/2016\/07\/foto-47-768x641.jpg 768w, https:\/\/mediavoxmagazine.it\/wp-content\/uploads\/2016\/07\/foto-47-1024x854.jpg 1024w\" sizes=\"auto, (max-width: 225px) 100vw, 225px\" \/><\/a>Dopo essere saliti sul palco dello <strong>Stadio San Siro <\/strong>di Milano con i <strong>Mod\u00e0<\/strong>, e su quello dello <strong>Stadio San Paolo<\/strong> a Napoli con <strong>Gigi D&#8217;Alessio<\/strong>,\u00a0<\/em><em>i <strong>DEAR JACK<\/strong> tornano in radio con un nuovo singolo:\u00a0<\/em><em>&#8220;<strong>GUERRA PERSONALE&#8221;<\/strong><\/em><\/p>\n<\/blockquote>\n<p>Terzo brano estratto dall&#8217;album &#8220;<strong>Mezzo respiro<\/strong>&#8220;, segue la pubblicazione dell&#8217;omonimo\u00a0 brano presentato a <em>Sanremo<\/em> e della canzone &#8220;<strong>La storia infinita<\/strong>&#8220;.<\/p>\n<p><strong><em>Mezzo respiro<\/em><\/strong> \u00e8 il primo progetto discografico, pubblicato il 12 febbraio 2016 dalla <strong>Baraonda Edizioni Musicali<\/strong>, fatto dai &#8220;nuovi Dear Jack&#8221; dopo l&#8217;addio di <strong>Alessio Bernabei<\/strong>, frontman e \u00a0cantante della band che ha deciso di intraprendere la carriera da solista.\u00a0Ora, nuova voce della band \u00e8 l\u2019ex concorrente di <strong><em>X-Factor<\/em><\/strong>,<strong> Leiner Riflessi<\/strong>.<\/p>\n<p>Il brano \u00e8 accompagnato dal videoclip ufficiale registrato a Malcesine, in provincia di Verona, <strong>sul lago di Garda,<\/strong> con la regia di <strong>Gaetano Morbioli<\/strong> e <strong>Run Multimedia<\/strong>.<\/p>\n<p style=\"text-align: left;\"><em><strong>Guarda il video al seguente link:<\/strong><\/em><\/p>\n<p><iframe loading=\"lazy\" title=\"Dear Jack - Guerra Personale\" width=\"500\" height=\"281\" src=\"https:\/\/www.youtube.com\/embed\/Y5bsnvHDG0Y?feature=oembed\" frameborder=\"0\" allow=\"accelerometer; autoplay; clipboard-write; encrypted-media; gyroscope; picture-in-picture; web-share\" referrerpolicy=\"strict-origin-when-cross-origin\" allowfullscreen><\/iframe><\/p>\n<p class=\"wpview-selection-after\">\u00a0Tra gli stupendi paesaggi del Lago di Garda, <strong>Francesco Pierozzi<\/strong> (Chitarra), <strong>Lorenzo Cantarini<\/strong> (Chitarra), <strong>Leiner Riflessi<\/strong> (Voce, pianoforte, tastiere), <strong>Alessandro Presti<\/strong> (Basso) e <strong>Riccardo Ruiu<\/strong> (Batteria), con il loro nuovo singolo, lanciano un messaggio molto importante.\u00a0Essi, infatti, hanno affermato, in\u00a0alcune interviste pubblicate sul web, che il significato di questa canzone per loro \u00e8 molto profondo;\u00a0\u00e8 una riflessione intensa;\u00a0ad un certo punto nella propria vita, ognuno di noi si\u00a0pone delle domande-chiave, del tipo: <em>\u2018Che cosa sto facendo?\u2019, \u2018Chi sono?\u2019, \u2018Quale \u00e8 la nostra missione sulla terra?\u2019<\/em>&#8230; Essi hanno, inoltre. evidenziato che spesso entriamo anche in conflitto con la nostra indole, pretendiamo di cambiare; mentre, in realt\u00e0, quello che conta \u00e8 la bellezza interiore, \u00e8 la nostra anima che davvero ci rappresenta.<\/p>\n<p class=\"wpview-selection-after\">Ai Dear Jack \u00a0la presenza di\u00a0Leiner ha portato una buona dose di armonia: la sua vocalit\u00e0, all&#8217;interno del gruppo, si mescola bene con le caratteristiche sonore che appartenevano gi\u00e0 alla band.<\/p>\n<p class=\"wpview-selection-after\">&#8216;Mezzo Respiro&#8217; \u00e8 una sorta di ponte di passaggio fra quello che erano i Dear Jack prima e quello che saranno poi, non tralasciando il successo che stanno gi\u00e0 ottenendo&#8230;<\/p>\n<p>\u201cGuerra personale\u201d \u00a0dimostra il percorso di\u00a0 crescita e di maturit\u00e0 della band nata ad <strong><em>Amici<\/em><\/strong>: la canzone segna l\u2019inizio di \u00a0una nuova era per i <strong>DJ, <\/strong>caratterizzata da un forte affiatamento, musica pi\u00f9 \u201cadulta\u201d che viaggia su una nuova linea stilistica.<\/p>\n<p>&nbsp;<\/p>\n<blockquote>\n<p style=\"text-align: right;\"><em>\u00a0I Dear Jack attualmente sono in giro in tutta Italia per il <strong>Mezzo respiro Tour<\/strong>.<\/em><\/p>\n<p style=\"text-align: right;\"><em><strong>Queste le prossime date<\/strong>:<\/em><\/p>\n<p style=\"text-align: right;\"><em><strong>31.07<\/strong>&#8211; Casalbordino (CH) &#8211; Piazza Umberto I<\/em><\/p>\n<p style=\"text-align: right;\"><em><strong>15.08<\/strong>&#8211; Pontecorvo (FR) &#8211; Piazza Belvedere<\/em><\/p>\n<p style=\"text-align: right;\"><em><strong>18.08<\/strong>&#8211; Arzachena (OT) &#8211; Piazza Risorgimento<\/em><\/p>\n<p style=\"text-align: right;\"><em><strong>10.09<\/strong>&#8211; Formia (LT) &#8211; Piazza del mercato<\/em><\/p>\n<\/blockquote>\n<p>&nbsp;<\/p>\n<p>&nbsp;<\/p>\n<p><a href=\"https:\/\/www.facebook.com\/viridianamyriamsalernogiornalista\/videos\/945940782141231\/\"><img loading=\"lazy\" decoding=\"async\" class=\"alignright wp-image-991 size-full\" src=\"https:\/\/mediavoxmagazine.it\/wp-content\/uploads\/2016\/02\/Istantanea-1-16-02-2016-23-35.png\" alt=\"\" width=\"458\" height=\"258\" srcset=\"https:\/\/mediavoxmagazine.it\/wp-content\/uploads\/2016\/02\/Istantanea-1-16-02-2016-23-35.png 458w, https:\/\/mediavoxmagazine.it\/wp-content\/uploads\/2016\/02\/Istantanea-1-16-02-2016-23-35-300x169.png 300w\" sizes=\"auto, (max-width: 458px) 100vw, 458px\" \/><\/a><\/p>\n<p><em>Clicca sulla foto per vedere un breve estratto dell&#8217;<a href=\"https:\/\/mediavoxmagazine.it\/?p=990\">intervista<\/a> di <a href=\"https:\/\/www.facebook.com\/viridianamyriamsalernogiornalista\/?fref=ts\">Viridiana Myriam Salerno<\/a> e Raffaele Di Matteo che hanno incontrato i Dear Jack a Sanremo\u00a02016 &#8211;&gt;<\/em><\/p>\n<p>&nbsp;<\/p>\n<p><em>\u00a0<\/em><\/p>\n<p><em>\u00a0<\/em><\/p>\n<p>&nbsp;<\/p>\n<p>&nbsp;<\/p>\n<p>&nbsp;<\/p>\n","protected":false},"excerpt":{"rendered":"<div class=\"mh-excerpt\"><p>Dopo essere saliti sul palco dello Stadio San Siro di Milano con i Mod\u00e0, e su quello dello Stadio San Paolo a Napoli con Gigi <a class=\"mh-excerpt-more\" href=\"https:\/\/mediavoxmagazine.it\/?p=2699\" title=\"DEAR JACK: &#8220;GUERRA PERSONALE&#8221;\">[&#8230;]<\/a><\/p>\n<\/div>","protected":false},"author":25,"featured_media":2700,"comment_status":"closed","ping_status":"closed","sticky":false,"template":"","format":"standard","meta":{"footnotes":""},"categories":[5],"tags":[25,283,756,286,23,86],"class_list":["post-2699","post","type-post","status-publish","format-standard","has-post-thumbnail","hentry","category-musica","tag-album","tag-dear-jack","tag-guerra-personale","tag-mezzo-respiro","tag-musica","tag-singolo"],"_links":{"self":[{"href":"https:\/\/mediavoxmagazine.it\/index.php?rest_route=\/wp\/v2\/posts\/2699","targetHints":{"allow":["GET"]}}],"collection":[{"href":"https:\/\/mediavoxmagazine.it\/index.php?rest_route=\/wp\/v2\/posts"}],"about":[{"href":"https:\/\/mediavoxmagazine.it\/index.php?rest_route=\/wp\/v2\/types\/post"}],"author":[{"embeddable":true,"href":"https:\/\/mediavoxmagazine.it\/index.php?rest_route=\/wp\/v2\/users\/25"}],"replies":[{"embeddable":true,"href":"https:\/\/mediavoxmagazine.it\/index.php?rest_route=%2Fwp%2Fv2%2Fcomments&post=2699"}],"version-history":[{"count":12,"href":"https:\/\/mediavoxmagazine.it\/index.php?rest_route=\/wp\/v2\/posts\/2699\/revisions"}],"predecessor-version":[{"id":2713,"href":"https:\/\/mediavoxmagazine.it\/index.php?rest_route=\/wp\/v2\/posts\/2699\/revisions\/2713"}],"wp:featuredmedia":[{"embeddable":true,"href":"https:\/\/mediavoxmagazine.it\/index.php?rest_route=\/wp\/v2\/media\/2700"}],"wp:attachment":[{"href":"https:\/\/mediavoxmagazine.it\/index.php?rest_route=%2Fwp%2Fv2%2Fmedia&parent=2699"}],"wp:term":[{"taxonomy":"category","embeddable":true,"href":"https:\/\/mediavoxmagazine.it\/index.php?rest_route=%2Fwp%2Fv2%2Fcategories&post=2699"},{"taxonomy":"post_tag","embeddable":true,"href":"https:\/\/mediavoxmagazine.it\/index.php?rest_route=%2Fwp%2Fv2%2Ftags&post=2699"}],"curies":[{"name":"wp","href":"https:\/\/api.w.org\/{rel}","templated":true}]}}