{"id":2724,"date":"2016-07-30T15:38:31","date_gmt":"2016-07-30T14:38:31","guid":{"rendered":"https:\/\/mediavoxmagazine.it\/?p=2724"},"modified":"2016-07-30T15:38:55","modified_gmt":"2016-07-30T14:38:55","slug":"le-terrazze-teatro-festival","status":"publish","type":"post","link":"https:\/\/mediavoxmagazine.it\/?p=2724","title":{"rendered":"LE TERRAZZE TEATRO FESTIVAL"},"content":{"rendered":"<p style=\"text-align: right;\"><strong>Palazzo dei Congressi &#8211;\u00a0<\/strong><strong>Roma Eur<\/strong><\/p>\n<p style=\"text-align: right;\"><strong>\u00a0<\/strong><strong><u>8 luglio &#8211; 6 agosto 2016<\/u><\/strong><\/p>\n<p style=\"text-align: right;\"><strong>\u00a0<\/strong><\/p>\n<p style=\"text-align: left;\">\n<p>Continua &#8220;<strong>Le Terrazze Teatro Festival<\/strong>&#8220;, kermesse romana che sta riscuotendo ottimi\u00a0successi.<\/p>\n<p>Dopo gli appuntamenti con <strong>Paola Minaccioni,\u00a0<\/strong><strong>Alessandro Di Carlo,\u00a0<\/strong><strong>Cinzia Leone,\u00a0<\/strong><strong>Pino Insegno e Roberto Ciufoli, s<\/strong><strong>abato 30 luglio<\/strong> eccezionale serata con<strong> Rodolfo Lagan\u00e0<\/strong> in <strong>\u00abRodolfo Lagan\u00e0 Show\u00bb.<\/strong><\/p>\n<p>Un mix di comicit\u00e0, romanticismo, irrazionalit\u00e0 e tanta musica in una versione rinnovata del fortunato show che ha appassionato migliaia di spettatori e segnato un sold-out dopo l\u2019altro.<\/p>\n<p>Nello spettacolo Lagan\u00e0, affronta la realt\u00e0 di una generazione costretta ad adeguarsi al cambiamento, al ritmo, alla velocit\u00e0, al multimediale, ai social media come Facebook, alle tessere del bancomat, alle odissee nel traffico e al suo personale messaggio positivo.<\/p>\n<p>\u201c<strong>Le Terrazze Teatro Festival<\/strong>\u201d porta la firma della <strong>M&amp;C Eventi<\/strong>, ovvero della fusione delle due pi\u00f9 importanti produzioni teatrali insieme per questo nuovo progetto.<\/p>\n<p>Una prima edizione che prevede di diventare per Roma un appuntamento fisso ed immancabile in\u00a0una location davvero prestigiosa.\u00a0Le Terrazze dell\u2019Eur sono, infatti, considerate un piccolo gioiello con\u00a0un panorama mozzafiato e pi\u00f9 di 1200 sedute per gli spettatori.<\/p>\n<p>&nbsp;<\/p>\n<blockquote><p><strong><u>Prossimi Eventi <\/u><\/strong><\/p>\n<p><strong><u>4 AGOSTO<\/u><\/strong><strong>: Giorgio Montanini<\/strong><\/p>\n<p><strong><u>CONCERTO LIVE<\/u><\/strong> di chiusura &#8211;\u00a0<strong><u>6 AGOSTO<\/u><\/strong><strong>: RAF<\/strong><\/p>\n<p><strong>\u00a0<\/strong><\/p><\/blockquote>\n<p>&nbsp;<\/p>\n","protected":false},"excerpt":{"rendered":"<div class=\"mh-excerpt\"><p>Palazzo dei Congressi &#8211;\u00a0Roma Eur \u00a08 luglio &#8211; 6 agosto 2016 \u00a0 Continua &#8220;Le Terrazze Teatro Festival&#8220;, kermesse romana che sta riscuotendo ottimi\u00a0successi. Dopo gli <a class=\"mh-excerpt-more\" href=\"https:\/\/mediavoxmagazine.it\/?p=2724\" title=\"LE TERRAZZE TEATRO FESTIVAL\">[&#8230;]<\/a><\/p>\n<\/div>","protected":false},"author":18,"featured_media":2725,"comment_status":"closed","ping_status":"closed","sticky":false,"template":"","format":"standard","meta":{"footnotes":""},"categories":[4],"tags":[758,384,762,763,35,748,64,761],"class_list":["post-2724","post","type-post","status-publish","format-standard","has-post-thumbnail","hentry","category-teatro","tag-attori","tag-concerto","tag-eur","tag-le-terrazze-teatro-festival","tag-roma","tag-spettacoli","tag-teatro","tag-terrazze"],"_links":{"self":[{"href":"https:\/\/mediavoxmagazine.it\/index.php?rest_route=\/wp\/v2\/posts\/2724","targetHints":{"allow":["GET"]}}],"collection":[{"href":"https:\/\/mediavoxmagazine.it\/index.php?rest_route=\/wp\/v2\/posts"}],"about":[{"href":"https:\/\/mediavoxmagazine.it\/index.php?rest_route=\/wp\/v2\/types\/post"}],"author":[{"embeddable":true,"href":"https:\/\/mediavoxmagazine.it\/index.php?rest_route=\/wp\/v2\/users\/18"}],"replies":[{"embeddable":true,"href":"https:\/\/mediavoxmagazine.it\/index.php?rest_route=%2Fwp%2Fv2%2Fcomments&post=2724"}],"version-history":[{"count":1,"href":"https:\/\/mediavoxmagazine.it\/index.php?rest_route=\/wp\/v2\/posts\/2724\/revisions"}],"predecessor-version":[{"id":2726,"href":"https:\/\/mediavoxmagazine.it\/index.php?rest_route=\/wp\/v2\/posts\/2724\/revisions\/2726"}],"wp:featuredmedia":[{"embeddable":true,"href":"https:\/\/mediavoxmagazine.it\/index.php?rest_route=\/wp\/v2\/media\/2725"}],"wp:attachment":[{"href":"https:\/\/mediavoxmagazine.it\/index.php?rest_route=%2Fwp%2Fv2%2Fmedia&parent=2724"}],"wp:term":[{"taxonomy":"category","embeddable":true,"href":"https:\/\/mediavoxmagazine.it\/index.php?rest_route=%2Fwp%2Fv2%2Fcategories&post=2724"},{"taxonomy":"post_tag","embeddable":true,"href":"https:\/\/mediavoxmagazine.it\/index.php?rest_route=%2Fwp%2Fv2%2Ftags&post=2724"}],"curies":[{"name":"wp","href":"https:\/\/api.w.org\/{rel}","templated":true}]}}