{"id":28155,"date":"2023-05-10T10:55:00","date_gmt":"2023-05-10T09:55:00","guid":{"rendered":"https:\/\/mediavoxmagazine.it\/?p=28155"},"modified":"2023-06-18T05:44:44","modified_gmt":"2023-06-18T04:44:44","slug":"luomo-piu-crudele-del-mondo","status":"publish","type":"post","link":"https:\/\/mediavoxmagazine.it\/?p=28155","title":{"rendered":"L&#8217;uomo pi\u00f9 crudele del mondo"},"content":{"rendered":"\n<hr class=\"wp-block-separator has-css-opacity\"\/>\n\n\n\n<blockquote class=\"wp-block-quote is-layout-flow wp-block-quote-is-layout-flow\">\n<p class=\"wp-block-paragraph\"><\/p>\n<\/blockquote>\n\n\n\n<hr class=\"wp-block-separator has-css-opacity\"\/>\n\n\n\n<p class=\"wp-block-paragraph\"><strong>Crudele<\/strong>. Che aggettivo difficile, duro, angosciante. Dal suono terribilmente sensuale, per\u00f2. Una parola che ti attrae, ma che ti fa paura. <strong>Crudele<\/strong>. Solo 7 lettere per raccontare il filo sottile che tiene in equilibrio l&#8217;essere e l&#8217;apparire; per legare indissolubilmente l&#8217;amore all&#8217;odio; per provare a comprendere il vero te stesso e per respingere la parte oscura che non vuoi conoscere. <strong>Crudele<\/strong>. Il tango passionale che fa ballare il cuore avvinghiato alla mente, ma poi li separa bruscamente recidendo un cordone ombelicale troppo sottile. <strong>Crudele<\/strong>. La parte della calamita attraente e la parte della calamita respingente. Quella macchia che non vorresti avere o che almeno vorresti mimetizzare tra i segni che la vita ti ha lasciato, pi\u00f9 o meno evidenti, inevitabilmente. <\/p>\n\n\n\n<figure class=\"wp-block-image size-large\"><img loading=\"lazy\" decoding=\"async\" width=\"839\" height=\"629\" src=\"https:\/\/mediavoxmagazine.it\/wp-content\/uploads\/2023\/05\/IMG-20230509-WA0026-edited.jpg\" alt=\"\" class=\"wp-image-28182\" srcset=\"https:\/\/mediavoxmagazine.it\/wp-content\/uploads\/2023\/05\/IMG-20230509-WA0026-edited.jpg 839w, https:\/\/mediavoxmagazine.it\/wp-content\/uploads\/2023\/05\/IMG-20230509-WA0026-edited-300x225.jpg 300w, https:\/\/mediavoxmagazine.it\/wp-content\/uploads\/2023\/05\/IMG-20230509-WA0026-edited-768x576.jpg 768w, https:\/\/mediavoxmagazine.it\/wp-content\/uploads\/2023\/05\/IMG-20230509-WA0026-edited-235x176.jpg 235w, https:\/\/mediavoxmagazine.it\/wp-content\/uploads\/2023\/05\/IMG-20230509-WA0026-edited-80x60.jpg 80w\" sizes=\"auto, (max-width: 839px) 100vw, 839px\" \/><\/figure>\n\n\n\n<blockquote class=\"wp-block-quote has-text-align-center is-layout-flow wp-block-quote-is-layout-flow\">\n<p class=\"wp-block-paragraph\"><strong><span class=\"has-inline-color has-vivid-red-color\">Se poi ti capita di essere o di essere considerato l&#8217;uomo (o la donna) pi\u00fa crudele del mondo, che cosa fai? <\/span><\/strong><\/p>\n<\/blockquote>\n\n\n\n<figure class=\"wp-block-image size-large\"><img loading=\"lazy\" decoding=\"async\" width=\"1024\" height=\"768\" src=\"https:\/\/mediavoxmagazine.it\/wp-content\/uploads\/2023\/05\/IMG-20230509-WA0027-1024x768.jpg\" alt=\"\" class=\"wp-image-28175\" srcset=\"https:\/\/mediavoxmagazine.it\/wp-content\/uploads\/2023\/05\/IMG-20230509-WA0027-1024x768.jpg 1024w, https:\/\/mediavoxmagazine.it\/wp-content\/uploads\/2023\/05\/IMG-20230509-WA0027-300x225.jpg 300w, https:\/\/mediavoxmagazine.it\/wp-content\/uploads\/2023\/05\/IMG-20230509-WA0027-768x576.jpg 768w, https:\/\/mediavoxmagazine.it\/wp-content\/uploads\/2023\/05\/IMG-20230509-WA0027-1536x1152.jpg 1536w, https:\/\/mediavoxmagazine.it\/wp-content\/uploads\/2023\/05\/IMG-20230509-WA0027-235x176.jpg 235w, https:\/\/mediavoxmagazine.it\/wp-content\/uploads\/2023\/05\/IMG-20230509-WA0027-80x60.jpg 80w, https:\/\/mediavoxmagazine.it\/wp-content\/uploads\/2023\/05\/IMG-20230509-WA0027.jpg 1600w\" sizes=\"auto, (max-width: 1024px) 100vw, 1024px\" \/><\/figure>\n\n\n\n<p class=\"wp-block-paragraph\">&#8220;<strong><span class=\"has-inline-color has-vivid-cyan-blue-color\">L&#8217;uomo pi\u00f9 crudele del mondo<\/span><\/strong>&#8221; \u00e8 la rappresentazione teatrale, scritta e diretta dall&#8217;ottimo <strong><span class=\"has-inline-color has-vivid-green-cyan-color\">Davide Sacco<\/span><\/strong>. Interpreti sublimi: <strong><span class=\"has-inline-color has-vivid-green-cyan-color\">Lino Guanciale<\/span><\/strong> e <strong><span class=\"has-inline-color has-vivid-green-cyan-color\">Francesco Montanari<\/span><\/strong>. Il testo \u00e8 uno dei tre atti unici de &#8220;<strong>La ballata degli uomini bestia<\/strong>&#8220;. <strong><span class=\"has-inline-color has-vivid-green-cyan-color\">Sacco<\/span><\/strong> si sbizzarrisce. A partire dai titoli, del libro e dello spettacolo: una girandola di simboli atavici, di interrogativi ancestrali. Topoi assiali di letteratura, psicoanalisi, scrittura e musica si mescolano nella classicit\u00e0 dei simboli che rappresentano per diventare emblema di contemporaneit\u00e0, di originalit\u00e0 e di spiazzamento. Uno stile linguistico moderno e crudo, che fa sorridere e che fa venire i brividi. Sperimentale e creativo.<\/p>\n\n\n\n<blockquote class=\"wp-block-quote has-text-align-center is-layout-flow wp-block-quote-is-layout-flow\">\n<p class=\"wp-block-paragraph\"><strong><span class=\"has-inline-color has-vivid-red-color\">Se hai visto lo spettacolo, rivivilo nelle nostre parole e scopri se collimano con il tuo pensiero. Se non lo hai visto, inizia a fare frullare i tuoi pensieri in un vortice di emozioni e poi corri a Teatro. Al Bellini di Napoli, fino al 14 maggio. O almeno, leggi il libro.<\/span><\/strong><\/p>\n<\/blockquote>\n\n\n\n<figure class=\"wp-block-image size-large\"><img loading=\"lazy\" decoding=\"async\" width=\"2560\" height=\"1919\" src=\"https:\/\/mediavoxmagazine.it\/wp-content\/uploads\/2023\/05\/IMG_20230510_142051-edited-scaled.jpg\" alt=\"\" class=\"wp-image-28180\" srcset=\"https:\/\/mediavoxmagazine.it\/wp-content\/uploads\/2023\/05\/IMG_20230510_142051-edited-scaled.jpg 2560w, https:\/\/mediavoxmagazine.it\/wp-content\/uploads\/2023\/05\/IMG_20230510_142051-edited-300x225.jpg 300w, https:\/\/mediavoxmagazine.it\/wp-content\/uploads\/2023\/05\/IMG_20230510_142051-edited-1024x767.jpg 1024w, https:\/\/mediavoxmagazine.it\/wp-content\/uploads\/2023\/05\/IMG_20230510_142051-edited-768x576.jpg 768w, https:\/\/mediavoxmagazine.it\/wp-content\/uploads\/2023\/05\/IMG_20230510_142051-edited-1536x1151.jpg 1536w, https:\/\/mediavoxmagazine.it\/wp-content\/uploads\/2023\/05\/IMG_20230510_142051-edited-2048x1535.jpg 2048w, https:\/\/mediavoxmagazine.it\/wp-content\/uploads\/2023\/05\/IMG_20230510_142051-edited-235x176.jpg 235w, https:\/\/mediavoxmagazine.it\/wp-content\/uploads\/2023\/05\/IMG_20230510_142051-edited-80x60.jpg 80w\" sizes=\"auto, (max-width: 2560px) 100vw, 2560px\" \/><\/figure>\n\n\n\n<p class=\"wp-block-paragraph\">Tutto inizia al buio di un capannone deserto. Fuori il rumore alienante delle macchine della fabbrica, dentro il silenzio assordante della coscienza umana. <br><strong><span class=\"has-inline-color has-vivid-green-cyan-color\">Lino Guanciale<\/span><\/strong> \u00e8 <strong>Paul Veres<\/strong>. La gente lo considera &#8220;l&#8217;uomo pi\u00f9 crudele del mondo&#8221; perch\u00e9 \u00e8 proprietario della pi\u00f9 importante azienda di armi d\u2019Europa. Ha il &#8220;marchio di famiglia&#8221;; nel suo essere schivo, la lettera scarlatta del pregiudizio. <strong><span class=\"has-inline-color has-vivid-green-cyan-color\">Francesco Montanari <\/span><\/strong>\u00e8 un <strong>giornalista di una testata locale<\/strong>, troppo anonimo per essere reale, troppo perbene per non tradire la costante lotta tra Io e Inconscio. <strong>Veres<\/strong> lo sceglie per un&#8217;intervista esclusiva: perch\u00e9 proprio lui? Perch\u00e9 adesso? Perch\u00e9 l\u00ec? Iniziano i perch\u00e9. Ma tu sei pronto alle risposte?<\/p>\n\n\n\n<p class=\"wp-block-paragraph\"><em><strong><code><span class=\"has-inline-color has-vivid-cyan-blue-color\">Lei crede ancora che si possa andare avanti dopo questa notte\u2026 lei crede che questa vita domani mattina sar\u00e0 la stessa che viveva prima? <\/span><\/code><\/strong><\/em>&#8211; dir\u00e0 <strong>Veres<\/strong> al giornalista. I dialoghi sono talmente serrati da sembrare un unico travolgente monologo. I due protagonisti potrebbero quasi scambiarsi i ruoli per poi ritornare ad essere la parte diversa o la parte complementare dell&#8217;altro. <\/p>\n\n\n\n<p class=\"wp-block-paragraph\">Una sorta di <em>psico-thriller<\/em> che destabilizza il tuo punto di vista. Stai attento alle parole, soprattutto all&#8217;inizio. Quelle contano nella narrazione. E conta il tono con cui i protagonisti le pronunciano. Anche i luoghi diventano attori. I luoghi fisici e i luoghi dell&#8217;anima. I luoghi sono indizi spazio-temporali di una verit\u00e0 che si palesa, atroce e maledetta, solo alla fine.<\/p>\n\n\n\n<p class=\"wp-block-paragraph\">Con lo scorrere dei minuti, gli &#8220;uomini&#8221; si trasformano in <code><strong><span class=\"has-inline-color has-vivid-cyan-blue-color\"><em>bestie<\/em><\/span><\/strong><\/code>. E poi in <code><strong><span class=\"has-inline-color has-vivid-cyan-blue-color\"><em>feccia<\/em><\/span><\/strong><\/code>. Tu sei dentro questa trasformazione. Percepisci come reale la puzza di <code><strong><span class=\"has-inline-color has-vivid-cyan-blue-color\"><em>piscio e vomito<\/em><\/span><\/strong><\/code>. Senti la tosse che ti taglia il respiro.   Avverti che l&#8217;alcol ti libera i freni inibitori, anche se non bevi mai. Chi \u00e8 la vittima? E chi \u00e8 il carnefice? Inizi a scoprirlo quando i due si definiscono &#8220;amici&#8221;. <code><strong><span class=\"has-inline-color has-vivid-cyan-blue-color\"><em>Siamo o non siamo amici noi?<\/em><\/span><\/strong><\/code>: ripetono alla Amleto. Luci fredde ed asettiche si colorano di domande. Non hai pi\u00f9 certezze, come non le ha il genere umano. I soldi sono metafora e mezzo: vanit\u00e0, orgoglio, passione, vendetta, frustrazione, dolore, fallimento. <\/p>\n\n\n\n<p class=\"wp-block-paragraph\"><strong><span class=\"has-inline-color has-vivid-green-cyan-color\">Lino Guanciale<\/span><\/strong> \u00e8 sul palco ma \u00e8 anche il palco. Nella sua presenza, la potenza del messaggio dell&#8217;opera. I suoi movimenti dettano i tempi alla scena: nella sua voce, si condensa l&#8217;essere pedina incosciente ma anche narratore onnisciente dell&#8217;intera storia. Nei gesti, studiati e calibrati, di <strong><span class=\"has-inline-color has-vivid-green-cyan-color\">Francesco Montanari<\/span><\/strong> c&#8217;\u00e8 il riflesso perfetto delle fragilit\u00e0 umane: quelle che si vogliono nascondere, quelle che non si possono comprendere. Due prove attoriali coinvolgenti, complesse, immersive. Quelle prove che ti cambiano, ogni volta in maniera diversa come se fosse la prima volta. Quelle prove che ti spingono a riflettere. Non solo durante lo spettacolo, non solo quando \u00e8 finito. Ma anche dopo. E per &#8220;dopo&#8221; si intende il tempo indefinito che il tuo sguardo si prende per rubare l&#8217;oltre all&#8217;orizzonte.<\/p>\n\n\n\n<figure class=\"wp-block-image size-large\"><img loading=\"lazy\" decoding=\"async\" width=\"1024\" height=\"768\" src=\"https:\/\/mediavoxmagazine.it\/wp-content\/uploads\/2023\/05\/IMG-20230509-WA0028-1024x768.jpg\" alt=\"\" class=\"wp-image-28172\" srcset=\"https:\/\/mediavoxmagazine.it\/wp-content\/uploads\/2023\/05\/IMG-20230509-WA0028-1024x768.jpg 1024w, https:\/\/mediavoxmagazine.it\/wp-content\/uploads\/2023\/05\/IMG-20230509-WA0028-300x225.jpg 300w, https:\/\/mediavoxmagazine.it\/wp-content\/uploads\/2023\/05\/IMG-20230509-WA0028-768x576.jpg 768w, https:\/\/mediavoxmagazine.it\/wp-content\/uploads\/2023\/05\/IMG-20230509-WA0028-1536x1152.jpg 1536w, https:\/\/mediavoxmagazine.it\/wp-content\/uploads\/2023\/05\/IMG-20230509-WA0028-235x176.jpg 235w, https:\/\/mediavoxmagazine.it\/wp-content\/uploads\/2023\/05\/IMG-20230509-WA0028-80x60.jpg 80w, https:\/\/mediavoxmagazine.it\/wp-content\/uploads\/2023\/05\/IMG-20230509-WA0028.jpg 1600w\" sizes=\"auto, (max-width: 1024px) 100vw, 1024px\" \/><\/figure>\n\n\n\n<hr class=\"wp-block-separator has-css-opacity\"\/>\n\n\n\n<blockquote class=\"wp-block-quote is-layout-flow wp-block-quote-is-layout-flow\">\n<p class=\"wp-block-paragraph\"><\/p>\n<\/blockquote>\n\n\n\n<hr class=\"wp-block-separator has-css-opacity\"\/>\n\n\n\n<ul class=\"wp-block-list\">\n<li><sub><code><span class=\"has-inline-color has-luminous-vivid-orange-color\"><strong>CREDITI<\/strong><\/span><\/code><\/sub><\/li>\n\n\n\n<li><mark style=\"background-color:rgba(0, 0, 0, 0)\" class=\"has-inline-color has-luminous-vivid-orange-color\"><sub><code>Testo e regia: <strong>Davide Sacco<\/strong><\/code><\/sub><\/mark><\/li>\n\n\n\n<li><mark style=\"background-color:rgba(0, 0, 0, 0)\" class=\"has-inline-color has-luminous-vivid-orange-color\"><sub><code>Attori:\u00a0<strong>Lino Guanciale<\/strong>,\u00a0<strong>Francesco Montanari<\/strong><\/code><\/sub><\/mark><\/li>\n\n\n\n<li><mark style=\"background-color:rgba(0, 0, 0, 0)\" class=\"has-inline-color has-luminous-vivid-orange-color\"><sub><code>Scene:\u00a0<strong>Luigi Sacco<\/strong><\/code><\/sub><\/mark><\/li>\n\n\n\n<li><mark style=\"background-color:rgba(0, 0, 0, 0)\" class=\"has-inline-color has-luminous-vivid-orange-color\"><sub><code>Luci:\u00a0<strong>Andrea Pistoia<\/strong><\/code><\/sub><\/mark><\/li>\n\n\n\n<li><mark style=\"background-color:rgba(0, 0, 0, 0)\" class=\"has-inline-color has-luminous-vivid-orange-color\"><sub><code>Organizzazione:\u00a0<strong>Ilaria Ceci<\/strong><\/code><\/sub><\/mark><\/li>\n\n\n\n<li><mark style=\"background-color:rgba(0, 0, 0, 0)\" class=\"has-inline-color has-luminous-vivid-orange-color\"><sub><code>Produzione:\u00a0<strong>Fondazione Teatro di Napoli - Teatro Bellini,\u00a0LVF,\u00a0Teatro Manini di Narni<\/strong><\/code><\/sub><\/mark><\/li>\n\n\n\n<li><mark style=\"background-color:rgba(0, 0, 0, 0)\" class=\"has-inline-color has-luminous-vivid-orange-color\"><sub><code>Durata Spettacolo:\u00a060 minuti<\/code><\/sub><\/mark><\/li>\n<\/ul>\n\n\n\n<hr class=\"wp-block-separator has-css-opacity\"\/>\n\n\n\n<blockquote class=\"wp-block-quote is-layout-flow wp-block-quote-is-layout-flow\">\n<p class=\"wp-block-paragraph\"><\/p>\n<\/blockquote>\n\n\n\n<hr class=\"wp-block-separator has-css-opacity\"\/>\n","protected":false},"excerpt":{"rendered":"<div class=\"mh-excerpt\"><p>Crudele. Che aggettivo difficile, duro, angosciante. Dal suono terribilmente sensuale, per\u00f2. Una parola che ti attrae, ma che ti fa paura. Crudele. Solo 7 lettere <a class=\"mh-excerpt-more\" href=\"https:\/\/mediavoxmagazine.it\/?p=28155\" title=\"L&#8217;uomo pi\u00f9 crudele del mondo\">[&#8230;]<\/a><\/p>\n<\/div>","protected":false},"author":3,"featured_media":28171,"comment_status":"closed","ping_status":"closed","sticky":true,"template":"","format":"standard","meta":{"footnotes":""},"categories":[15],"tags":[],"class_list":["post-28155","post","type-post","status-publish","format-standard","has-post-thumbnail","hentry","category-cinema-teatro-e-televisione"],"_links":{"self":[{"href":"https:\/\/mediavoxmagazine.it\/index.php?rest_route=\/wp\/v2\/posts\/28155","targetHints":{"allow":["GET"]}}],"collection":[{"href":"https:\/\/mediavoxmagazine.it\/index.php?rest_route=\/wp\/v2\/posts"}],"about":[{"href":"https:\/\/mediavoxmagazine.it\/index.php?rest_route=\/wp\/v2\/types\/post"}],"author":[{"embeddable":true,"href":"https:\/\/mediavoxmagazine.it\/index.php?rest_route=\/wp\/v2\/users\/3"}],"replies":[{"embeddable":true,"href":"https:\/\/mediavoxmagazine.it\/index.php?rest_route=%2Fwp%2Fv2%2Fcomments&post=28155"}],"version-history":[{"count":26,"href":"https:\/\/mediavoxmagazine.it\/index.php?rest_route=\/wp\/v2\/posts\/28155\/revisions"}],"predecessor-version":[{"id":29233,"href":"https:\/\/mediavoxmagazine.it\/index.php?rest_route=\/wp\/v2\/posts\/28155\/revisions\/29233"}],"wp:featuredmedia":[{"embeddable":true,"href":"https:\/\/mediavoxmagazine.it\/index.php?rest_route=\/wp\/v2\/media\/28171"}],"wp:attachment":[{"href":"https:\/\/mediavoxmagazine.it\/index.php?rest_route=%2Fwp%2Fv2%2Fmedia&parent=28155"}],"wp:term":[{"taxonomy":"category","embeddable":true,"href":"https:\/\/mediavoxmagazine.it\/index.php?rest_route=%2Fwp%2Fv2%2Fcategories&post=28155"},{"taxonomy":"post_tag","embeddable":true,"href":"https:\/\/mediavoxmagazine.it\/index.php?rest_route=%2Fwp%2Fv2%2Ftags&post=28155"}],"curies":[{"name":"wp","href":"https:\/\/api.w.org\/{rel}","templated":true}]}}