{"id":30163,"date":"2023-09-17T06:02:55","date_gmt":"2023-09-17T05:02:55","guid":{"rendered":"https:\/\/mediavoxmagazine.it\/?p=30163"},"modified":"2025-07-15T16:03:37","modified_gmt":"2025-07-15T15:03:37","slug":"to-rome-with-woody","status":"publish","type":"post","link":"https:\/\/mediavoxmagazine.it\/?p=30163","title":{"rendered":"To Rome with Woody"},"content":{"rendered":"\n<blockquote class=\"wp-block-quote is-layout-flow wp-block-quote-is-layout-flow\">\n<p class=\"wp-block-paragraph\"><mark class=\"has-inline-color has-vivid-red-color\"><strong>Roma | Il 16 settembre 2023 Woody Allen protagonista al Villa Ada Festival insieme alla sua New Orleans Jazz Band.<\/strong><\/mark><\/p>\n\n\n\n<p class=\"wp-block-paragraph\"><mark class=\"has-inline-color has-vivid-red-color\"><strong> Per MediaVox Magazine il racconto di Carmine Pelosi<\/strong> <\/mark><\/p>\n<\/blockquote>\n\n\n\n<figure class=\"wp-block-image size-large\"><img loading=\"lazy\" decoding=\"async\" width=\"1024\" height=\"398\" src=\"https:\/\/mediavoxmagazine.it\/wp-content\/uploads\/2023\/09\/IMG_20230917_065544-1024x398.jpg\" alt=\"\" class=\"wp-image-30171\" srcset=\"https:\/\/mediavoxmagazine.it\/wp-content\/uploads\/2023\/09\/IMG_20230917_065544-1024x398.jpg 1024w, https:\/\/mediavoxmagazine.it\/wp-content\/uploads\/2023\/09\/IMG_20230917_065544-300x117.jpg 300w, https:\/\/mediavoxmagazine.it\/wp-content\/uploads\/2023\/09\/IMG_20230917_065544-768x299.jpg 768w, https:\/\/mediavoxmagazine.it\/wp-content\/uploads\/2023\/09\/IMG_20230917_065544-1536x597.jpg 1536w, https:\/\/mediavoxmagazine.it\/wp-content\/uploads\/2023\/09\/IMG_20230917_065544.jpg 1600w\" sizes=\"auto, (max-width: 1024px) 100vw, 1024px\" \/><\/figure>\n\n\n\n<hr class=\"wp-block-separator has-alpha-channel-opacity\" \/>\n\n\n\n<figure class=\"wp-block-image size-large\"><img loading=\"lazy\" decoding=\"async\" width=\"1000\" height=\"1024\" src=\"https:\/\/mediavoxmagazine.it\/wp-content\/uploads\/2023\/09\/IMG_20230917_070810-1000x1024.jpg\" alt=\"\" class=\"wp-image-30180\" srcset=\"https:\/\/mediavoxmagazine.it\/wp-content\/uploads\/2023\/09\/IMG_20230917_070810-1000x1024.jpg 1000w, https:\/\/mediavoxmagazine.it\/wp-content\/uploads\/2023\/09\/IMG_20230917_070810-293x300.jpg 293w, https:\/\/mediavoxmagazine.it\/wp-content\/uploads\/2023\/09\/IMG_20230917_070810-768x786.jpg 768w, https:\/\/mediavoxmagazine.it\/wp-content\/uploads\/2023\/09\/IMG_20230917_070810.jpg 1182w\" sizes=\"auto, (max-width: 1000px) 100vw, 1000px\" \/><\/figure>\n\n\n\n<p class=\"wp-block-paragraph\">Sono passati poco pi\u00f9 di dieci anni da quando il celebre regista, attore, sceneggiatore, comico e scrittore statunitense <strong>Woody Allen <\/strong>ha girato e interpretato nella Citt\u00e0 Eterna la sua commedia To Rome with Love con un cast stellare composto dallo stesso Woody Allen, Roberto Benigni, Pen\u00e9lope Cruz, Alec Baldwin, Judy Davis, Jesse Eisenberg, Greta Gerwig, Ellen Page, Alessandro Tiberi, Alessandra Mastronardi, Antonio Albanese, Lino Guanciale, Ornella Muti, Riccardo Scamarcio e tanti altri\u2026<\/p>\n\n\n\n<p class=\"wp-block-paragraph\">Genio, innovatore e anticonvenzionale, <strong>Woody Allen<\/strong>, non sempre e non da tutti amato per le sue vicende personali, rientra senza alcun ombra di dubbio tra gli umoristi pi\u00f9 apprezzati al mondo grazie a una comicit\u00e0 sarcastica, arricchita da gag esilaranti e da un\u2019ironia sottile spesso un po\u2019 sopra le righe. \u00c8 proprio questo a renderlo unico e iconico: la spontaneit\u00e0 dei suoi personaggi condita da un pizzico di genialit\u00e0 e follia e, perch\u00e9 no, da magia talvolta reale e talvolta illusoria\u2026<br>Ben quattro premi Oscar all\u2019attivo e una marea di film diventati cult. A breve in arrivo il suo cinquantesimo film <strong>Coup de Chance<\/strong>, il primo girato in francese, presentato fuori concorso in anteprima all\u201980\u00aa Mostra Internazionale Cinematografica di Venezia il 4 settembre.<\/p>\n\n\n\n<p class=\"wp-block-paragraph\">Insieme ai colleghi e amici Steven Spielberg, Francis Ford Coppola, Martin Scorsese, George Lucas e Stanley Kubrick \u00e8 stato componente dei Movie Brats, un movimento che diede vita alla nascita della nuova Hollywood degli anni \u201870.<br>Insomma, un personaggio che non ha certo bisogno di presentazioni e che nell\u2019et\u00e0 contemporanea rappresenta una leggenda per il cinema. Ha accompagnato nel corso del tempo varie generazioni riempendo sale cinematografiche, le ha incollate davanti alla tv emozionando, ma soprattutto facendo divertire e riflettere allo stesso tempo, poich\u00e9 il suo ineguagliabile talento non conosce et\u00e0.<\/p>\n\n\n\n<blockquote class=\"wp-block-quote is-layout-flow wp-block-quote-is-layout-flow\">\n<p class=\"wp-block-paragraph\"><strong><mark style=\"color:#a00606\" class=\"has-inline-color\">Una delle pi\u00f9 grandi passioni di Allen \u00e8 il jazz!<br>Ed eccoci qui cari lettori a raccontarvi la serata del 16 settembre che ha visto Woody Allen protagonista al Villa Ada Festival insieme alla sua New Orleans Jazz Band. MediaVox Magazine \u00e8 stata presente!<\/mark><\/strong><\/p>\n<\/blockquote>\n\n\n\n<figure class=\"wp-block-image size-large\"><img loading=\"lazy\" decoding=\"async\" width=\"1024\" height=\"683\" src=\"https:\/\/mediavoxmagazine.it\/wp-content\/uploads\/2023\/09\/IMG_20230917_065742-1024x683.jpg\" alt=\"\" class=\"wp-image-30182\" srcset=\"https:\/\/mediavoxmagazine.it\/wp-content\/uploads\/2023\/09\/IMG_20230917_065742-1024x683.jpg 1024w, https:\/\/mediavoxmagazine.it\/wp-content\/uploads\/2023\/09\/IMG_20230917_065742-300x200.jpg 300w, https:\/\/mediavoxmagazine.it\/wp-content\/uploads\/2023\/09\/IMG_20230917_065742-768x513.jpg 768w, https:\/\/mediavoxmagazine.it\/wp-content\/uploads\/2023\/09\/IMG_20230917_065742.jpg 1533w\" sizes=\"auto, (max-width: 1024px) 100vw, 1024px\" \/><\/figure>\n\n\n\n<p class=\"wp-block-paragraph\">Dunque, una passione \u00e8 una passione e, oltre al cinema, <strong>Woody<\/strong> si diletta da sempre a suonare il <strong>clarinetto<\/strong>: in molti suoi film, spicca quasi sempre una melodia jazz che apre il sipario al capolavoro che segue.<br>Nonostante la sua non pi\u00f9 giovanissima et\u00e0, c\u2019\u00e8 qualcosa di magico in lui, qualcosa che va oltre il tempo e rompe le barriere. Ogni volta che <strong>Woody Allen<\/strong> ha suonato il suo clarinetto, l&#8217;applauso del suo pubblico, caloroso e numeroso, \u00e8 stato il sottofondo pi\u00f9 significativo. Indescrivibile. Una serata incantata e surreale, proprio come i suoi film. Anche se l&#8217;esecuzione dei brani ha avuto delle sbavature, i fan hanno apprezzato la performance di un ultra ottantenne in perfetta forma.<br>Protagonista insieme a lui \u00e8 stato, appunto, il <strong>jazz<\/strong>! Questo genere musicale \u00e8 &#8220;imperfetto&#8221; ed \u00e8 imprevedibile un po\u2019 come <strong>Woody<\/strong>, un po\u2019 come la vita\u2026 il <strong>jazz<\/strong> rappresenta ed \u00e8 da sempre linguaggio, espressione e contrasto al tempo stesso. Ogni pezzo, o meglio ogni nota, non segue uno schema precostituito, creando una sorta di &#8220;caos&#8221; ancestrale. Il <strong>jazz<\/strong> \u00e8 anche improvvisazione, \u00e8 anche una forma di recitazione&#8230; dalle 21:00 alle 22:30 del 16 settembre 2023, <strong>Roma<\/strong> ha assistito a un vero successo con tanto di standing ovation finale.<\/p>\n\n\n\n<p class=\"wp-block-paragraph\">Sono le emozioni vere a rendere vivi. L&#8217;arte di <strong>Woody Allen<\/strong> \u00e8 gi\u00e0 eterna come la Citt\u00e0 che lo ha accolto.<\/p>\n\n\n\n<figure class=\"wp-block-image size-large\"><img loading=\"lazy\" decoding=\"async\" width=\"1024\" height=\"840\" src=\"https:\/\/mediavoxmagazine.it\/wp-content\/uploads\/2023\/09\/IMG_20230917_065718-1024x840.jpg\" alt=\"\" class=\"wp-image-30173\" srcset=\"https:\/\/mediavoxmagazine.it\/wp-content\/uploads\/2023\/09\/IMG_20230917_065718-1024x840.jpg 1024w, https:\/\/mediavoxmagazine.it\/wp-content\/uploads\/2023\/09\/IMG_20230917_065718-300x246.jpg 300w, https:\/\/mediavoxmagazine.it\/wp-content\/uploads\/2023\/09\/IMG_20230917_065718-768x630.jpg 768w, https:\/\/mediavoxmagazine.it\/wp-content\/uploads\/2023\/09\/IMG_20230917_065718.jpg 1506w\" sizes=\"auto, (max-width: 1024px) 100vw, 1024px\" \/><\/figure>\n\n\n\n<blockquote class=\"wp-block-quote is-layout-flow wp-block-quote-is-layout-flow\">\n<hr class=\"wp-block-separator has-alpha-channel-opacity\" \/>\n<\/blockquote>\n","protected":false},"excerpt":{"rendered":"<div class=\"mh-excerpt\"><p>Roma | Il 16 settembre 2023 Woody Allen protagonista al Villa Ada Festival insieme alla sua New Orleans Jazz Band. Per MediaVox Magazine il racconto <a class=\"mh-excerpt-more\" href=\"https:\/\/mediavoxmagazine.it\/?p=30163\" title=\"To Rome with Woody\">[&#8230;]<\/a><\/p>\n<\/div>","protected":false},"author":60,"featured_media":30176,"comment_status":"closed","ping_status":"closed","sticky":false,"template":"","format":"standard","meta":{"footnotes":""},"categories":[11],"tags":[970,974],"class_list":["post-30163","post","type-post","status-publish","format-standard","has-post-thumbnail","hentry","category-eventi","tag-carmine-pelosi","tag-woody-allen"],"_links":{"self":[{"href":"https:\/\/mediavoxmagazine.it\/index.php?rest_route=\/wp\/v2\/posts\/30163","targetHints":{"allow":["GET"]}}],"collection":[{"href":"https:\/\/mediavoxmagazine.it\/index.php?rest_route=\/wp\/v2\/posts"}],"about":[{"href":"https:\/\/mediavoxmagazine.it\/index.php?rest_route=\/wp\/v2\/types\/post"}],"author":[{"embeddable":true,"href":"https:\/\/mediavoxmagazine.it\/index.php?rest_route=\/wp\/v2\/users\/60"}],"replies":[{"embeddable":true,"href":"https:\/\/mediavoxmagazine.it\/index.php?rest_route=%2Fwp%2Fv2%2Fcomments&post=30163"}],"version-history":[{"count":15,"href":"https:\/\/mediavoxmagazine.it\/index.php?rest_route=\/wp\/v2\/posts\/30163\/revisions"}],"predecessor-version":[{"id":39501,"href":"https:\/\/mediavoxmagazine.it\/index.php?rest_route=\/wp\/v2\/posts\/30163\/revisions\/39501"}],"wp:featuredmedia":[{"embeddable":true,"href":"https:\/\/mediavoxmagazine.it\/index.php?rest_route=\/wp\/v2\/media\/30176"}],"wp:attachment":[{"href":"https:\/\/mediavoxmagazine.it\/index.php?rest_route=%2Fwp%2Fv2%2Fmedia&parent=30163"}],"wp:term":[{"taxonomy":"category","embeddable":true,"href":"https:\/\/mediavoxmagazine.it\/index.php?rest_route=%2Fwp%2Fv2%2Fcategories&post=30163"},{"taxonomy":"post_tag","embeddable":true,"href":"https:\/\/mediavoxmagazine.it\/index.php?rest_route=%2Fwp%2Fv2%2Ftags&post=30163"}],"curies":[{"name":"wp","href":"https:\/\/api.w.org\/{rel}","templated":true}]}}