{"id":3021,"date":"2016-10-11T17:10:54","date_gmt":"2016-10-11T16:10:54","guid":{"rendered":"https:\/\/mediavoxmagazine.it\/?p=3021"},"modified":"2016-10-11T17:13:06","modified_gmt":"2016-10-11T16:13:06","slug":"trentatreesimo-congresso-nazionale-forense","status":"publish","type":"post","link":"https:\/\/mediavoxmagazine.it\/?p=3021","title":{"rendered":"TRENTATREESIMO CONGRESSO NAZIONALE FORENSE"},"content":{"rendered":"<blockquote>\n<p style=\"text-align: right;\"><strong><em>L\u2019avvocato sarnese Umberto Mancuso, consigliere dell\u2019Ordine degli Avvocati di Nocera Inferiore e <img loading=\"lazy\" decoding=\"async\" class=\" wp-image-3023 alignright\" src=\"https:\/\/mediavoxmagazine.it\/wp-content\/uploads\/2016\/10\/Intervento_Ministro.jpg\" alt=\"intervento_ministro\" width=\"322\" height=\"362\" srcset=\"https:\/\/mediavoxmagazine.it\/wp-content\/uploads\/2016\/10\/Intervento_Ministro.jpg 768w, https:\/\/mediavoxmagazine.it\/wp-content\/uploads\/2016\/10\/Intervento_Ministro-266x300.jpg 266w\" sizes=\"auto, (max-width: 322px) 100vw, 322px\" \/>delegato dagli avvocati del medesimo Foro al Congresso Nazionale Forense, ha redatto per &#8220;MediaVox Magazine&#8221; un articolo che sintetizza il contenuto dei lavori congressuali.<\/em><\/strong><\/p>\n<\/blockquote>\n<p>&nbsp;<\/p>\n<p>Nel <strong>trentatreesimo Congresso Nazionale Forense<\/strong>, tenutosi al <strong>Palacongressi di Rimini<\/strong> nelle giornate del <strong>6, 7<\/strong> ed <strong>8 ottobre<\/strong>, dal titolo \u201c<strong>Giustizia senza processo? La funzione dell\u2019avvocatura<\/strong>\u201d due erano i temi importanti sui quali dibattere: <strong>il ruolo e la funzione dell\u2019avvocato fuori dal processo<\/strong>, come sancito dalla riforma legislativa del processo civile del 2014, e quello della <strong>rappresentanza politica degli avvocati<\/strong>.<\/p>\n<p>Il tema centrale, riguardante il ruolo dell\u2019avvocato nelle cosiddette A.D.R. (acronimo di Alternative Dispute Resolution &#8211; metodi alternativi di risoluzione delle controversie) ossia l\u2019insieme degli strumenti della risoluzione delle controversie alternativi al procedimento giurisdizionale ordinario, quali la mediazione, la negoziazione assistita e l\u2019arbitrato, \u00e8 stato dibattuto a lungo. I principali interventi hanno messo in evidenza che il pieno funzionamento di tali istituti risulta essere il miglior strumento di deflazione delle cause ed assolutamente indispensabile per garantire qualit\u00e0 a queste misure \u00e8 il ruolo dell\u2019avvocato, che pi\u00f9 di ogni altro pu\u00f2 offrire quell\u2019apporto di tecnicit\u00e0 e conoscenza giuridica in grado di determinare la corretta ed equilibrata tutela dei contrapposti interessi.<\/p>\n<figure id=\"attachment_3026\" aria-describedby=\"caption-attachment-3026\" style=\"width: 223px\" class=\"wp-caption alignleft\"><img loading=\"lazy\" decoding=\"async\" class=\"wp-image-3026\" src=\"https:\/\/mediavoxmagazine.it\/wp-content\/uploads\/2016\/10\/Palacongressi.jpg\" width=\"223\" height=\"125\" srcset=\"https:\/\/mediavoxmagazine.it\/wp-content\/uploads\/2016\/10\/Palacongressi.jpg 1024w, https:\/\/mediavoxmagazine.it\/wp-content\/uploads\/2016\/10\/Palacongressi-300x169.jpg 300w, https:\/\/mediavoxmagazine.it\/wp-content\/uploads\/2016\/10\/Palacongressi-768x432.jpg 768w, https:\/\/mediavoxmagazine.it\/wp-content\/uploads\/2016\/10\/Palacongressi-678x381.jpg 678w\" sizes=\"auto, (max-width: 223px) 100vw, 223px\" \/><figcaption id=\"caption-attachment-3026\" class=\"wp-caption-text\"><em>Il Palacongressi<\/em><\/figcaption><\/figure>\n<p>Dal dibattito congressuale \u00e8 trapelata, ancora, l\u2019esigenza che il legislatore dovr\u00e0 sforzarsi di accompagnare questi istituti verso il miglior sviluppo, ma non dovr\u00e0 contestualmente disseminare il processo civile di tagliole procedurali, n\u00e9 dovr\u00e0 sviluppare forme di filtro lesive del diritto di difesa.<\/p>\n<p>Importantissimo anche il tema del processo penale, divenuto oggetto di pericolosa spettacolarizzazione mediatica, affrontato nella tavola rotonda del terzo giorno del convegno, laddove gli illustri intervenuti hanno criticato l\u2019abitudine di esprimere giudizio di colpevolezza prima ancora della celebrazione del processo, che rischia di diventare definitivo a prescindere dagli esiti del processo stesso, non permettendo di riabilitare chi \u00e8 finito sotto gli occhi dei riflettori solo perch\u00e9 indagato, ed \u00e8 emersa, inoltre, la preoccupazione che il condizionamento mediatico e la banalizzazione del processo penale rischiano di creare gravi danni agli equilibri essenziali e necessari della giurisdizione.<\/p>\n<p>Passando al secondo tema quello della rappresentanza politica, maggiormente divisivo della classe forense, al Congresso ha prevalso la mozione che prevede il superamento dell\u2019O.U.A. (acronimo di Organismo Unitario dell\u2019Avvocatura) con 591 voti a favore, 204 voti contrari e 134 astenuti.<\/p>\n<figure id=\"attachment_3025\" aria-describedby=\"caption-attachment-3025\" style=\"width: 355px\" class=\"wp-caption alignleft\"><img loading=\"lazy\" decoding=\"async\" class=\"wp-image-3025\" src=\"https:\/\/mediavoxmagazine.it\/wp-content\/uploads\/2016\/10\/Delegati_Nocera.jpg\" width=\"355\" height=\"330\" srcset=\"https:\/\/mediavoxmagazine.it\/wp-content\/uploads\/2016\/10\/Delegati_Nocera.jpg 826w, https:\/\/mediavoxmagazine.it\/wp-content\/uploads\/2016\/10\/Delegati_Nocera-300x279.jpg 300w, https:\/\/mediavoxmagazine.it\/wp-content\/uploads\/2016\/10\/Delegati_Nocera-768x714.jpg 768w\" sizes=\"auto, (max-width: 355px) 100vw, 355px\" \/><figcaption id=\"caption-attachment-3025\" class=\"wp-caption-text\"><em>I Delegati del Consiglio dell&#8217;Ordine di Nocera Inferiore<\/em><\/figcaption><\/figure>\n<p>Gli avvocati hanno, quindi, dato corso ad una nuova fase della rappresentanza politica istituendo un nuovo soggetto l\u2019O.C.F., Organismo Congressuale Forense, ponendo cos\u00ec termine all\u2019esperienza ventennale dell\u2019Organismo Unitario dell&#8217;Avvocatura.<\/p>\n<p>Tale Organismo Congressuale Forense prevede una maggiore presenza dei componenti degli Ordini facendo venire meno l&#8217;incompatibilit\u00e0 oggi prevista, consentendo un legame pi\u00f9 stretto con il Congresso, con una platea di delegati ridotta.<\/p>\n<p>L\u2019Organismo Congressuale Forense dovr\u00e0, tra l\u2019altro, proclamare l\u2019astensione dalle udienze osservando naturalmente le disposizioni del codice di autoregolamentazione, lavorare di concerto con la Cassa Avvocati, per le materie di sua competenza, e con il Consiglio Nazionale Forense (CNF).<\/p>\n<p>L\u2019intervento del Ministro della Giustizia, Andrea Orlando, ha praticamente chiuso la terza giornata del Congresso nel corso del quale ha annunciato un disegno di legge sull\u2019equo compenso degli avvocati al fine di riequilibrare i rapporti contrattuali con alcuni clienti forti come banche, imprese e assicurazione, che prevedrebbe la nullit\u00e0 della clausola o patto vessatorio che stabilisce un compenso non equo, lasciando all\u2019Autorit\u00e0 Giudiziaria il compito di rideterminare il compenso tenendo conto degli ordinari parametri di legge.<\/p>\n<p>Nel suo intervento, inoltre, il Guardasigilli ha sottolineato l\u2019impegno del Governo sul fronte dell\u2019innalzamento delle tutele per le donne avvocato e rappresentanza di genere e ribadito l\u2019importanza di un\u2019Avvocatura che si faccia \u201cclasse dirigente\u201d del Paese, auspicando sempre pi\u00f9 tavoli di concertazione e scelte condivise con la stessa Avvocatura sui temi caldi della Giustizia.<\/p>\n<blockquote>\n<p style=\"text-align: right;\"><strong><em>Avv. Umberto Mancuso<img loading=\"lazy\" decoding=\"async\" class=\" wp-image-3024 alignright\" src=\"https:\/\/mediavoxmagazine.it\/wp-content\/uploads\/2016\/10\/Umberto_mancuso.jpg\" alt=\"umberto_mancuso\" width=\"223\" height=\"396\" srcset=\"https:\/\/mediavoxmagazine.it\/wp-content\/uploads\/2016\/10\/Umberto_mancuso.jpg 576w, https:\/\/mediavoxmagazine.it\/wp-content\/uploads\/2016\/10\/Umberto_mancuso-169x300.jpg 169w\" sizes=\"auto, (max-width: 223px) 100vw, 223px\" \/><\/em><\/strong><\/p>\n<\/blockquote>\n","protected":false},"excerpt":{"rendered":"<div class=\"mh-excerpt\"><p>L\u2019avvocato sarnese Umberto Mancuso, consigliere dell\u2019Ordine degli Avvocati di Nocera Inferiore e delegato dagli avvocati del medesimo Foro al Congresso Nazionale Forense, ha redatto per <a class=\"mh-excerpt-more\" href=\"https:\/\/mediavoxmagazine.it\/?p=3021\" title=\"TRENTATREESIMO CONGRESSO NAZIONALE FORENSE\">[&#8230;]<\/a><\/p>\n<\/div>","protected":false},"author":18,"featured_media":3022,"comment_status":"closed","ping_status":"closed","sticky":false,"template":"","format":"standard","meta":{"footnotes":""},"categories":[17],"tags":[805,545,78,806],"class_list":["post-3021","post","type-post","status-publish","format-standard","has-post-thumbnail","hentry","category-attualita-e-notizie","tag-congresso-nazionale-forense","tag-lavori","tag-lavoro","tag-rimini"],"_links":{"self":[{"href":"https:\/\/mediavoxmagazine.it\/index.php?rest_route=\/wp\/v2\/posts\/3021","targetHints":{"allow":["GET"]}}],"collection":[{"href":"https:\/\/mediavoxmagazine.it\/index.php?rest_route=\/wp\/v2\/posts"}],"about":[{"href":"https:\/\/mediavoxmagazine.it\/index.php?rest_route=\/wp\/v2\/types\/post"}],"author":[{"embeddable":true,"href":"https:\/\/mediavoxmagazine.it\/index.php?rest_route=\/wp\/v2\/users\/18"}],"replies":[{"embeddable":true,"href":"https:\/\/mediavoxmagazine.it\/index.php?rest_route=%2Fwp%2Fv2%2Fcomments&post=3021"}],"version-history":[{"count":3,"href":"https:\/\/mediavoxmagazine.it\/index.php?rest_route=\/wp\/v2\/posts\/3021\/revisions"}],"predecessor-version":[{"id":3029,"href":"https:\/\/mediavoxmagazine.it\/index.php?rest_route=\/wp\/v2\/posts\/3021\/revisions\/3029"}],"wp:featuredmedia":[{"embeddable":true,"href":"https:\/\/mediavoxmagazine.it\/index.php?rest_route=\/wp\/v2\/media\/3022"}],"wp:attachment":[{"href":"https:\/\/mediavoxmagazine.it\/index.php?rest_route=%2Fwp%2Fv2%2Fmedia&parent=3021"}],"wp:term":[{"taxonomy":"category","embeddable":true,"href":"https:\/\/mediavoxmagazine.it\/index.php?rest_route=%2Fwp%2Fv2%2Fcategories&post=3021"},{"taxonomy":"post_tag","embeddable":true,"href":"https:\/\/mediavoxmagazine.it\/index.php?rest_route=%2Fwp%2Fv2%2Ftags&post=3021"}],"curies":[{"name":"wp","href":"https:\/\/api.w.org\/{rel}","templated":true}]}}