{"id":3048,"date":"2016-10-14T16:26:39","date_gmt":"2016-10-14T15:26:39","guid":{"rendered":"https:\/\/mediavoxmagazine.it\/?p=3048"},"modified":"2016-10-14T16:28:45","modified_gmt":"2016-10-14T15:28:45","slug":"xii-giornata-del-contemporaneo","status":"publish","type":"post","link":"https:\/\/mediavoxmagazine.it\/?p=3048","title":{"rendered":"XII GIORNATA DEL CONTEMPORANEO"},"content":{"rendered":"<p>\u00c8 passato quasi un secolo da quando Gertrude Stein, in occasione della nascita del MOMA \u2013 Museum of Modern Art di New York si era interrogata sulla possibilit\u00e0 che potesse esistere un museo con lo scopo di custodire al suo interno opere d\u2019arte contemporanea. La Stein, in effetti, aveva parlato di \u201ccontraddizione in termini\u201d, poich\u00e9 il museo \u00e8 il custode per eccellenza degli oggetti storici, del passato, mentre il presente, per definizione, \u00e8 in divenire ed evoluzione continua; sembrava quasi inconcepibile allora riuscire a fissarlo in una collezione e fargli fare bella mostra di s\u00e9 nelle sale espositive. Eppure l\u2019istituzione museo, reinventata, rilanciata in un periodo in cui sembrava vivere una crisi profonda, in continua guerra civile con le sue questioni ontologiche, museologiche, sociologiche e cos\u00ec via, ha trovato proprio nel museo d\u2019arte contemporanea nuova linfa vitale.<\/p>\n<p>Sono stati sempre di pi\u00f9 allora i musei che hanno deciso di abbracciare la contraddizione di rivolgersi al presente, catturarlo e alimentarlo andando ad agire su di esso con il proprio operato. Non solo. Sono state sempre pi\u00f9 numerose anche le iniziative con lo scopo di far conoscere, apprezzare e comprendere l\u2019arte contemporanea al pubblico. Proprio con tale funzione nasce nel 2005 la Giornata del Contemporaneo, promossa da AMACI \u2013 Associazione musei d\u2019arte contemporanea italiani, che riunisce ventiquattro tra le pi\u00f9 importanti istituzioni rivolte all\u2019arte contemporanea, con la<em> mission<\/em> di \u201cconoscersi, conoscere gli altri e farsi conoscere\u201d. L\u2019evento ha ormai ottenuto un posto stabile tra gli appuntamenti da non perdere ed \u00e8 giunto alla XII edizione.<\/p>\n<p>Quest\u2019anno la data fissata \u00e8 prevista per il 15 ottobre e nel corso della giornata non soltanto i musei associati, ma anche quelli aderenti e tutti coloro che hanno proposto delle iniziative per l\u2019occasione (pi\u00f9 di 950) offriranno al pubblico italiano la possibilit\u00e0 di avvicinarsi, conoscere o approfondire la realt\u00e0 del contemporaneo attraverso mostre, convegni, appuntamenti <em>ad hoc<\/em> e la possibilit\u00e0 di visitare in forma gratuita i musei.<\/p>\n<p>Le iniziative di questa giornata dedicata all\u2019arte e al contemporaneo si dispiegano nell\u2019arco di tutta la penisola e sono molto varie fra loro. Solo per citarne alcune: \u00a0in <strong>Campania<\/strong> il museo MADRE offre una serie di visite guidate alla scoperta delle collezioni e delle mostre temporanee (in corso Mimmo Jodice \u2013 L\u2019attesa); in <strong>Toscana<\/strong> e pi\u00f9 precisamente a Prato, il Grand Opening del Centro Pecci e la seconda edizione del Forum di arte contemporanea mentre a Pistoia la riapertura delle sale espositive di Palazzo Fabroni con l\u2019inserimento dell\u2019opera <em>site specific<\/em> <em>Underground 02<\/em> di Federico Gori; a <strong>Matera<\/strong>, invece, il MUSMA inaugura la mostra dedicata a <em>Kounellis. 14 disegni\/1991<\/em>, studi che l\u2019artista ha realizzato per l\u2019installazione <em>Senza titolo<\/em>; a <strong>Roma<\/strong> il MAXXI propone l\u2019inclusione di due nuove opere nella collezione permanente, una reading room su William Kentridge, la performance di Einat Amir e tanto altro ancora; in <strong>Trentino-Alto Adige<\/strong>, invece, al MART, visite guidate speciali e l\u2019opening di una mostra dedicata ad Andrea Galvani nella sede della Galleria Civica di Trento; ancora, in <strong>Lombardia<\/strong>, a Bergamo, la Proiezione del video realizzato per la II edizione del progetto <em>Museo Chiama Artista<\/em>, promosso proprio da AMACI. In tutti i musei associati l\u2019ingresso \u00e8 gratuito.<\/p>\n<p>Una giornata, dunque, da dedicare alla fruizione di questa realt\u00e0 mai statica e delineata che \u00e8 il contemporaneo per capire i passi, le rivoluzioni, i ritorni al passato e i balzi in avanti fatti dagli artisti, in una storia che passa attraverso i primi segni provocatori e di rottura delle avanguardie per poi arrivare a forme artistiche pi\u00f9 recenti come l\u2019<em>happening<\/em>, le <em>performance<\/em>, le video installazioni e tanto altro ancora.<\/p>\n<p>E se il concetto stesso di contemporaneo e di arte contemporanea continua spesso a riecheggiare indefinito nella mente di chi vi si avvicina, tanto che, da antologie e manuali a libri come <em>Lo potevo fare anche io<\/em> di Francesco Bonami o <em>Keep calm e impara a capire l\u2019arte<\/em> di Alessandra Redaelli, non sono mancate pubblicazioni pi\u00f9 o meno serie sul tema, a volte quasi alla stregua di fogli illustrativi o \u201cistruzioni per l\u2019uso\u201d, allora la giornata organizzata da AMACI pu\u00f2 essere valida occasione, opportunit\u00e0 e pretesto per assaporare dal vivo questo groviglio di esperienze artistiche che prende il nome di arte contemporanea e renderlo almeno un po\u2019 pi\u00f9 familiare.<\/p>\n<blockquote>\n<p style=\"text-align: right;\"><em>Per ulteriori informazioni: <a href=\"http:\/\/www.amaci.org\/gdc\">http:\/\/www.amaci.org\/gdc<\/a><\/em><\/p>\n<\/blockquote>\n<p><img loading=\"lazy\" decoding=\"async\" class=\"size-full wp-image-3049 aligncenter\" src=\"https:\/\/mediavoxmagazine.it\/wp-content\/uploads\/2016\/10\/thumbnail_14606418_1101800896564660_4937972337259398351_n.jpg\" alt=\"thumbnail_14606418_1101800896564660_4937972337259398351_n\" width=\"640\" height=\"960\" srcset=\"https:\/\/mediavoxmagazine.it\/wp-content\/uploads\/2016\/10\/thumbnail_14606418_1101800896564660_4937972337259398351_n.jpg 640w, https:\/\/mediavoxmagazine.it\/wp-content\/uploads\/2016\/10\/thumbnail_14606418_1101800896564660_4937972337259398351_n-200x300.jpg 200w\" sizes=\"auto, (max-width: 640px) 100vw, 640px\" \/><\/p>\n","protected":false},"excerpt":{"rendered":"<div class=\"mh-excerpt\"><p>\u00c8 passato quasi un secolo da quando Gertrude Stein, in occasione della nascita del MOMA \u2013 Museum of Modern Art di New York si era <a class=\"mh-excerpt-more\" href=\"https:\/\/mediavoxmagazine.it\/?p=3048\" title=\"XII GIORNATA DEL CONTEMPORANEO\">[&#8230;]<\/a><\/p>\n<\/div>","protected":false},"author":6,"featured_media":3051,"comment_status":"closed","ping_status":"closed","sticky":false,"template":"","format":"standard","meta":{"footnotes":""},"categories":[8],"tags":[18,136,465,808,809],"class_list":["post-3048","post","type-post","status-publish","format-standard","has-post-thumbnail","hentry","category-arte","tag-arte","tag-arte-contemporanea","tag-giornata","tag-musei","tag-ricorrenza"],"_links":{"self":[{"href":"https:\/\/mediavoxmagazine.it\/index.php?rest_route=\/wp\/v2\/posts\/3048","targetHints":{"allow":["GET"]}}],"collection":[{"href":"https:\/\/mediavoxmagazine.it\/index.php?rest_route=\/wp\/v2\/posts"}],"about":[{"href":"https:\/\/mediavoxmagazine.it\/index.php?rest_route=\/wp\/v2\/types\/post"}],"author":[{"embeddable":true,"href":"https:\/\/mediavoxmagazine.it\/index.php?rest_route=\/wp\/v2\/users\/6"}],"replies":[{"embeddable":true,"href":"https:\/\/mediavoxmagazine.it\/index.php?rest_route=%2Fwp%2Fv2%2Fcomments&post=3048"}],"version-history":[{"count":2,"href":"https:\/\/mediavoxmagazine.it\/index.php?rest_route=\/wp\/v2\/posts\/3048\/revisions"}],"predecessor-version":[{"id":3052,"href":"https:\/\/mediavoxmagazine.it\/index.php?rest_route=\/wp\/v2\/posts\/3048\/revisions\/3052"}],"wp:featuredmedia":[{"embeddable":true,"href":"https:\/\/mediavoxmagazine.it\/index.php?rest_route=\/wp\/v2\/media\/3051"}],"wp:attachment":[{"href":"https:\/\/mediavoxmagazine.it\/index.php?rest_route=%2Fwp%2Fv2%2Fmedia&parent=3048"}],"wp:term":[{"taxonomy":"category","embeddable":true,"href":"https:\/\/mediavoxmagazine.it\/index.php?rest_route=%2Fwp%2Fv2%2Fcategories&post=3048"},{"taxonomy":"post_tag","embeddable":true,"href":"https:\/\/mediavoxmagazine.it\/index.php?rest_route=%2Fwp%2Fv2%2Ftags&post=3048"}],"curies":[{"name":"wp","href":"https:\/\/api.w.org\/{rel}","templated":true}]}}