{"id":3345,"date":"2016-12-08T10:29:24","date_gmt":"2016-12-08T09:29:24","guid":{"rendered":"https:\/\/mediavoxmagazine.it\/?p=3345"},"modified":"2016-12-08T10:29:24","modified_gmt":"2016-12-08T09:29:24","slug":"tutta-bella-tu-sei","status":"publish","type":"post","link":"https:\/\/mediavoxmagazine.it\/?p=3345","title":{"rendered":"Tutta bella Tu sei"},"content":{"rendered":"<blockquote>\n<p style=\"text-align: right;\"><strong><em>8 DICEMBRE A SARNO (SA)<img loading=\"lazy\" decoding=\"async\" class=\"alignright wp-image-3346 \" src=\"https:\/\/mediavoxmagazine.it\/wp-content\/uploads\/2016\/12\/immacolata1.jpg\" alt=\"immacolata1\" width=\"497\" height=\"665\" srcset=\"https:\/\/mediavoxmagazine.it\/wp-content\/uploads\/2016\/12\/immacolata1.jpg 717w, https:\/\/mediavoxmagazine.it\/wp-content\/uploads\/2016\/12\/immacolata1-224x300.jpg 224w\" sizes=\"auto, (max-width: 497px) 100vw, 497px\" \/><\/em><\/strong><\/p>\n<\/blockquote>\n<p style=\"text-align: left;\">\u00a0La festa dell\u2019Immacolata a Sarno, che ricorre l\u20198 dicembre, \u00e8 la festa della Citt\u00e0. A migliaia i cittadini si riversano per le strade al seguito della bellissima statua della Vergine tutta Pura, che \u00e8 conservata nella Chiesa omonima, sita in Piazza Michelangelo Capua di fronte a quella della Madonna delle Tre Corone e costruita nel 1752 sotto l&#8217;episcopato di Monsignor De Novellis, lo stesso che aveva voluto a Sarno due anni prima una missione redentorista di Sant\u2019Alfonso de\u2019 Liguori. La statua era stata scolpita, nel 1696, per commissione del Vescovo Nicola Antonio Tura, di Solofra, dall&#8217;artista sorrentino Gaetano Catalano, oggi considerato scultore molto importante, in quanto fu un anticipatore del gusto settecentesco (evidente nella linea sinuosa e serpentina dell\u2019Immacolata sarnese). Essa, alta un metro e settanta, \u00e8 in gusto rocaille, espressione usata per un tipo di architettura rustica, quale l&#8217;allestimento di fontane decorate, o per taluni mobili in bronzo, argento e maiolica.<\/p>\n<p>\u00a0L&#8217;opera \u00e8 avvolta da un alone di leggenda. Si racconta infatti che essa sia stata oggetto di misteriosi trafugamenti e che Gaetano Patalano sia rimasto cieco per averla troppo fissata, dopo averla scolpita, o (come narrano altri) per aver detto di volerne costruire un&#8217;altra pi\u00f9 bella.<br \/>\nInteressante ed emblematico \u00e8 il simbolismo di alcuni particolari iconografici dell&#8217;opera: le stelle sul capo della Vergine e sul Suo manto, il colore azzurro del manto stesso e la Luna sotto i piedi della Madonna.<br \/>\n<strong>Le stelle<\/strong>, nel codice dell&#8217;Antico Testamento, sono annunziatrici di Dio, alla cui volont\u00e0 obbediscono (Isaia, 40, 26 e Ps. 19, 2). Un angelo veglia su ognuna di esse (I Enoch, 72, 3), per cui l&#8217;identificazione fra stella ed angelo risulta consequenziale; al punto che nell&#8217;Apocalisse si parla di stelle cadute dal cielo come se si parlasse di angeli decaduti. La stella \u00e8 anche il simbolo anche della resurrezione: Daniele (12,3), quando vuole indicare la vita eterna dei giusti, la paragona ad un&#8217;ascensione verso stelle celesti. Infine, essa \u00e8 l&#8217;epifania dell&#8217;Onniscienza divina: in tutte le religioni (da quelle dei Polinesiani a quelle dell&#8217;antichit\u00e0 classica) le stelle sono considerate gli &#8220;occhi del cielo&#8221;, attraverso cui l&#8217;Essere Supremo tutto vede.<br \/>\n<strong>L&#8217;azzurro<\/strong> \u00e8 il colore pi\u00f9 profondo: in quanto colore del cielo e del mare, \u00e8 quello in cui lo sguardo umano si perde all&#8217;infinito, senza incontrare ostacoli. Ed \u00e8 anche il pi\u00f9 immateriale e il pi\u00f9 immacolato, poich\u00e9 le sensazioni umane si annullano, quasi annegando in un dolce naufragio, al di l\u00e0 delle categorie dello Spazio e del Tempo. Jahv\u00e9 troneggia sull&#8217;azzurro, cio\u00e8 sull&#8217; &#8220;altra faccia&#8221; di quella volta celeste che molti popoli antichi ritenevano fosse fatta di lapislazzuli e che costituisce il manto che, nell&#8217;iconografia e nel simbolismo della religione cristiana, vela la Divinit\u00e0 .<br \/>\n<strong>\u00a0La Luna<\/strong>, che \u00e8 sotto i piedi della Vergine, indica, come vuole la tradizione esegetica dell&#8217;Apocalisse di Giovanni, l&#8217;instabilit\u00e0 umana: essa \u00e8 l&#8217;astro che cresce e decresce, compare e scompare, incarnando la terribile legge del divenire dell&#8217;umana specie. Rappresenta la tipica conoscenza umana: indiretta e progressiva, che si modella rispecchiandosi in quella solare, che \u00e8 la conoscenza diretta e totale. La Luna \u00e8 anche un simbolo dell&#8217;Altrove, in quanto \u00e8 la dimensione a cui tende colui che si abbandona all&#8217;incantesimo del suo &#8220;teatro privato&#8221; e segreto ed \u00e8 sprofondato nel sonno della vita. Da questo viaggio verso l&#8217;avventura e la chimera, incerto ed ambiguo, l&#8217;individuo pu\u00f2 ritornare mutato, se si libera delle scorie della mondanit\u00e0, come suggerisce la via dell&#8217;immacolatezza.<\/p>\n","protected":false},"excerpt":{"rendered":"<div class=\"mh-excerpt\"><p>8 DICEMBRE A SARNO (SA) \u00a0La festa dell\u2019Immacolata a Sarno, che ricorre l\u20198 dicembre, \u00e8 la festa della Citt\u00e0. A migliaia i cittadini si riversano <a class=\"mh-excerpt-more\" href=\"https:\/\/mediavoxmagazine.it\/?p=3345\" title=\"Tutta bella Tu sei\">[&#8230;]<\/a><\/p>\n<\/div>","protected":false},"author":10,"featured_media":3347,"comment_status":"closed","ping_status":"closed","sticky":false,"template":"","format":"standard","meta":{"footnotes":""},"categories":[230],"tags":[833,361,850,239],"class_list":["post-3345","post","type-post","status-publish","format-standard","has-post-thumbnail","hentry","category-tradizioni","tag-culto","tag-immacolata","tag-processione","tag-tradizioni"],"_links":{"self":[{"href":"https:\/\/mediavoxmagazine.it\/index.php?rest_route=\/wp\/v2\/posts\/3345","targetHints":{"allow":["GET"]}}],"collection":[{"href":"https:\/\/mediavoxmagazine.it\/index.php?rest_route=\/wp\/v2\/posts"}],"about":[{"href":"https:\/\/mediavoxmagazine.it\/index.php?rest_route=\/wp\/v2\/types\/post"}],"author":[{"embeddable":true,"href":"https:\/\/mediavoxmagazine.it\/index.php?rest_route=\/wp\/v2\/users\/10"}],"replies":[{"embeddable":true,"href":"https:\/\/mediavoxmagazine.it\/index.php?rest_route=%2Fwp%2Fv2%2Fcomments&post=3345"}],"version-history":[{"count":2,"href":"https:\/\/mediavoxmagazine.it\/index.php?rest_route=\/wp\/v2\/posts\/3345\/revisions"}],"predecessor-version":[{"id":3349,"href":"https:\/\/mediavoxmagazine.it\/index.php?rest_route=\/wp\/v2\/posts\/3345\/revisions\/3349"}],"wp:featuredmedia":[{"embeddable":true,"href":"https:\/\/mediavoxmagazine.it\/index.php?rest_route=\/wp\/v2\/media\/3347"}],"wp:attachment":[{"href":"https:\/\/mediavoxmagazine.it\/index.php?rest_route=%2Fwp%2Fv2%2Fmedia&parent=3345"}],"wp:term":[{"taxonomy":"category","embeddable":true,"href":"https:\/\/mediavoxmagazine.it\/index.php?rest_route=%2Fwp%2Fv2%2Fcategories&post=3345"},{"taxonomy":"post_tag","embeddable":true,"href":"https:\/\/mediavoxmagazine.it\/index.php?rest_route=%2Fwp%2Fv2%2Ftags&post=3345"}],"curies":[{"name":"wp","href":"https:\/\/api.w.org\/{rel}","templated":true}]}}