{"id":3369,"date":"2016-12-15T00:04:53","date_gmt":"2016-12-14T23:04:53","guid":{"rendered":"https:\/\/mediavoxmagazine.it\/?p=3369"},"modified":"2016-12-16T14:53:01","modified_gmt":"2016-12-16T13:53:01","slug":"un-posto-occupato","status":"publish","type":"post","link":"https:\/\/mediavoxmagazine.it\/?p=3369","title":{"rendered":"UN POSTO OCCUPATO"},"content":{"rendered":"<blockquote>\n<p style=\"text-align: right;\"><em><img loading=\"lazy\" decoding=\"async\" class=\" wp-image-3375 alignright\" src=\"https:\/\/mediavoxmagazine.it\/wp-content\/uploads\/2016\/12\/posto-3.jpg\" alt=\"posto-3\" width=\"461\" height=\"346\" srcset=\"https:\/\/mediavoxmagazine.it\/wp-content\/uploads\/2016\/12\/posto-3.jpg 960w, https:\/\/mediavoxmagazine.it\/wp-content\/uploads\/2016\/12\/posto-3-300x225.jpg 300w, https:\/\/mediavoxmagazine.it\/wp-content\/uploads\/2016\/12\/posto-3-768x576.jpg 768w, https:\/\/mediavoxmagazine.it\/wp-content\/uploads\/2016\/12\/posto-3-235x176.jpg 235w, https:\/\/mediavoxmagazine.it\/wp-content\/uploads\/2016\/12\/posto-3-80x60.jpg 80w\" sizes=\"auto, (max-width: 461px) 100vw, 461px\" \/>\u201cQuel posto \u00e8 mio, torner\u00f2 ad occuparlo! Per molte, troppe donne, non sar\u00e0 pi\u00f9 cos\u00ec\u2026\u201d: un messaggio forte per una tematica drammatica. E\u2019 nato dall\u2019esigenza di non tacere e di denunciare i troppi episodi<br \/>\ndi terribile cronaca nera, l\u2019Evento \u201c<strong>Un posto occupato<\/strong>\u201d che si \u00e8 svolto a <strong>Sarno<\/strong> il<strong> 30 novembre 2016<\/strong>.<\/em><\/p>\n<\/blockquote>\n<p>Un grido che non \u00e8 solo parole ma \u00e8 soprattutto fatti concreti.<\/p>\n<p>Fortemente voluto soprattutto dalla <strong>Presidenza del Comune di Sarno<\/strong> e dalla <strong>Commissione Pari Opportunit\u00e0 di Sarno<\/strong>, l\u2019iniziativa ha raccolto le importanti adesioni di tutti i <strong>Sindaci dei Comuni ambito S01-3<\/strong>, del <strong>Distretto sanitario n. 62<\/strong>, dell\u2019<strong>Ordine degli Avvocati di Nocera Inferiore<\/strong>, delle <strong>Forze dell\u2019Ordine<\/strong>, delle <strong>Commissioni Pari Opportunit\u00e0<\/strong> e delle <strong>Associazioni dell\u2019Agro<\/strong>.<\/p>\n<p><img loading=\"lazy\" decoding=\"async\" class=\" wp-image-3371 alignleft\" src=\"https:\/\/mediavoxmagazine.it\/wp-content\/uploads\/2016\/12\/posto-occupato1.jpg\" alt=\"\" width=\"444\" height=\"295\" srcset=\"https:\/\/mediavoxmagazine.it\/wp-content\/uploads\/2016\/12\/posto-occupato1.jpg 1280w, https:\/\/mediavoxmagazine.it\/wp-content\/uploads\/2016\/12\/posto-occupato1-300x200.jpg 300w, https:\/\/mediavoxmagazine.it\/wp-content\/uploads\/2016\/12\/posto-occupato1-768x512.jpg 768w, https:\/\/mediavoxmagazine.it\/wp-content\/uploads\/2016\/12\/posto-occupato1-1024x682.jpg 1024w\" sizes=\"auto, (max-width: 444px) 100vw, 444px\" \/>Per la prima volta, nell\u2019Aula consiliare di Sarno \u00e8 stata posta una <strong>sedia rossa<\/strong> che rimarr\u00e0 vuota, per ricordare gli innumerevoli ed ingiustificati atti di violenza. Una testimonianza di amore. Un simbolo di coraggio.<\/p>\n<p>Durante la serata, si sono avvicendati relatori d\u2019eccezione.<\/p>\n<p>Dopo l\u2019interessante video gi\u00e0 proiettato durante il <strong>Sarno Film Festival<\/strong>, <strong>Maria Rosaria Aliberti<\/strong>, Presidente del Consiglio Comune di Sarno, ha introdotto e ha spiegato la ragione della Manifestazione.<\/p>\n<p>Hanno, poi, portato i saluti istituzionali: <strong>Giuseppe Canfora<\/strong>, Presidente Provincia Salerno e Sindaco di Sarno; Franco Picarone, <img loading=\"lazy\" decoding=\"async\" class=\"wp-image-3373 alignright\" src=\"https:\/\/mediavoxmagazine.it\/wp-content\/uploads\/2016\/12\/posto1.jpg\" alt=\"posto1\" width=\"469\" height=\"352\" srcset=\"https:\/\/mediavoxmagazine.it\/wp-content\/uploads\/2016\/12\/posto1.jpg 960w, https:\/\/mediavoxmagazine.it\/wp-content\/uploads\/2016\/12\/posto1-300x225.jpg 300w, https:\/\/mediavoxmagazine.it\/wp-content\/uploads\/2016\/12\/posto1-768x576.jpg 768w, https:\/\/mediavoxmagazine.it\/wp-content\/uploads\/2016\/12\/posto1-235x176.jpg 235w, https:\/\/mediavoxmagazine.it\/wp-content\/uploads\/2016\/12\/posto1-80x60.jpg 80w\" sizes=\"auto, (max-width: 469px) 100vw, 469px\" \/>Consigliere Regione Campania; <strong>Dea Squillante<\/strong>, Assessora Comune di Sarno; <strong>Vincenzo Salerno<\/strong>, Assessore Comune di Sarno; <strong>Vincenzo D\u2019Amato<\/strong>, Direttore del Distretto sanitario n. 62; <strong>Michele Strianese<\/strong>, Sindaco di San Valentino Torio; <strong>Salvatore Bottone<\/strong>, Sindaco di Pagani; <strong>Colomba Farina<\/strong>, Vice-Sindaco di San Marzano sul Sarno.<\/p>\n<p>Sono intervenuti: <strong>Rosarita Oro<\/strong>, Presidente Commissione Pari Opportunit\u00e0 Sarno; <strong>Anna Malinconico<\/strong>, Centro antiviolenza Sarno; <strong>Elisa Robustelli<\/strong>, Coordinamento Genitori democratici Sarno (Partner dell&#8217;Evento); <strong>Maria Rosaria Pellizzari<\/strong>, Universit\u00e0 degli Studi di Salerno.<\/p>\n<p><img loading=\"lazy\" decoding=\"async\" class=\" wp-image-3374 alignleft\" src=\"https:\/\/mediavoxmagazine.it\/wp-content\/uploads\/2016\/12\/posto2.jpg\" alt=\"posto2\" width=\"412\" height=\"309\" srcset=\"https:\/\/mediavoxmagazine.it\/wp-content\/uploads\/2016\/12\/posto2.jpg 960w, https:\/\/mediavoxmagazine.it\/wp-content\/uploads\/2016\/12\/posto2-300x225.jpg 300w, https:\/\/mediavoxmagazine.it\/wp-content\/uploads\/2016\/12\/posto2-768x576.jpg 768w, https:\/\/mediavoxmagazine.it\/wp-content\/uploads\/2016\/12\/posto2-235x176.jpg 235w, https:\/\/mediavoxmagazine.it\/wp-content\/uploads\/2016\/12\/posto2-80x60.jpg 80w\" sizes=\"auto, (max-width: 412px) 100vw, 412px\" \/>Le conclusioni sono state affidate a <strong>Chiara Marciani<\/strong>, Assessora alle Pari Opportunit\u00e0 Regione Campania<\/p>\n<p>Ha moderato: <strong>Viridiana Myriam Salerno<\/strong>, avvocato e giornalista.<\/p>\n<p>L\u2019attore e regista <strong>Antonio Izzo<\/strong> ha letto delle bellissime poesie. L\u2019artista <strong>Carmela Milone<\/strong> ha realizzato la sedia rossa. Inoltre, in Piazza Municipio, \u00e8 stata inaugurata una panchina rossa che ricorder\u00e0 a tutti i passanti le donne che ingiustamente sono morte oppure hanno sofferto. Un applauso anche agli studenti dell&#8217;<strong>Istituto &#8220;Cuomo-Milone&#8221;<\/strong> per la splendida performance attoriale.<\/p>\n<p>Davvero toccante la testimonianza di <strong>Filomena Lamberti<\/strong> dell\u2019Associazione Spazio Donna. Una donna il cui volto \u00e8 stato violato dall\u2019ex marito. Un uomo che ha pensato di usare l\u2019acido per cancellare una vita. Un uomo vile e violento lui; una donna forte ed eccezionale lei. Un racconto che fatto piangere e riflettere, che ha fatto rabbrividire ma al tempo stesso sperare. Una storia che trova nel calore della famiglia il suo unico happy-end: Filomena ora non \u00e8 pi\u00f9 solo amata dai suoi figli e dai suoi nipoti ma da chiunque ha la fortuna di conoscerla.<\/p>\n<blockquote>\n<p style=\"text-align: left;\"><em><img loading=\"lazy\" decoding=\"async\" class=\" wp-image-3372 alignright\" src=\"https:\/\/mediavoxmagazine.it\/wp-content\/uploads\/2016\/12\/aliberti.jpg\" alt=\"\" width=\"293\" height=\"319\" srcset=\"https:\/\/mediavoxmagazine.it\/wp-content\/uploads\/2016\/12\/aliberti.jpg 401w, https:\/\/mediavoxmagazine.it\/wp-content\/uploads\/2016\/12\/aliberti-275x300.jpg 275w\" sizes=\"auto, (max-width: 293px) 100vw, 293px\" \/>La Presidente del Consiglio comunale <strong>Maria Rosaria Aliberti<\/strong> ha affermato: \u201cUna Manifestazione fortemente voluta per dire NO ALLA VIOLENZA, in linea con la Campagna di sensibilizzazione \u2018POSTO OCCUPATO\u2019. Una bella serata ricca di emozioni! Aula consiliare gremita, pubblico attento ed emozionato. Parterre di ospiti e relatori di alto profilo. Abbiamo voluto un \u2018Posto Occupato\u2019 per non dimenticare le tante, troppe donne assassinate. Una sedia vuota che rimarr\u00e0\u00a0 nell&#8217;aula consiliare a ricordare a tutti noi\u00a0 una assenza che avrebbe DOVUTO essere una presenza, un POSTO idealmente occupato da tutte le donne uccise. MA NON \u00c8 SOLO QUESTO! Non siamo solo drappi rossi e panchine. Noi crediamo nella importanza della rete e stiamo lavorando per costruirla! Nel corso dell&#8217;evento abbiamo, ufficialmente, sottoscritto due Protocolli di Intesa importantissimi. Il primo con l&#8217;Osservatorio per le Pari Opportunit\u00e0 dell&#8217;Universit\u00e0 di Salerno e il secondo con i Comuni del nostro Ambito, il Distretto Sanitario,\u00a0 il Consiglio dell&#8217;Ordine degli avvocati del Tribunale d\u00ec Nocera Inferiore e le Forze dell&#8217;Ordine. Ma il risultato pi\u00f9 importante, ritengo, siano le 5 borse lavoro destinate alle donne vittime di violenza. Da quest&#8217;anno, il Comune di Sarno assicura a 5 vittime di violenza e ai loro figli minori un sostegno per consentire loro di recuperare la propria autonomia e di riconquistare cos\u00ec la propria libert\u00e0, nel rispetto della riservatezza e dell\u2019anonimato.\u00a0Ma non ci fermeremo qua convinti come siamo che le forme assistenziali lasciano immodificati i problemi. Riteniamo che il compito delle istituzioni sia quello di aiutare chi ha subito violenza verso la riscoperta del proprio valore e della propria competenza per ritrovare cos\u00ec il desiderio di un nuovo progetto i vita. Ed \u00e8 per questo che stiamo approntando Interventi finalizzati a favorire l\u2019inclusione lavorativa delle vittime di violenza attraverso la realizzazione di percorsi lavorativi. L&#8217;intenzione \u00e8 quella di lanciare una rete composta da imprese private, enti pubblici, associazioni, cooperative per avviare insieme il progetto.\u201d<\/em><\/p>\n<\/blockquote>\n<p>&nbsp;<\/p>\n","protected":false},"excerpt":{"rendered":"<div class=\"mh-excerpt\"><p>\u201cQuel posto \u00e8 mio, torner\u00f2 ad occuparlo! Per molte, troppe donne, non sar\u00e0 pi\u00f9 cos\u00ec\u2026\u201d: un messaggio forte per una tematica drammatica. E\u2019 nato dall\u2019esigenza <a class=\"mh-excerpt-more\" href=\"https:\/\/mediavoxmagazine.it\/?p=3369\" title=\"UN POSTO OCCUPATO\">[&#8230;]<\/a><\/p>\n<\/div>","protected":false},"author":2,"featured_media":3370,"comment_status":"closed","ping_status":"closed","sticky":false,"template":"","format":"standard","meta":{"footnotes":""},"categories":[9],"tags":[175,854,855,853],"class_list":["post-3369","post","type-post","status-publish","format-standard","has-post-thumbnail","hentry","category-attualita","tag-dibattito","tag-posto-occupato","tag-sedia","tag-violenza-contro-le-donne"],"_links":{"self":[{"href":"https:\/\/mediavoxmagazine.it\/index.php?rest_route=\/wp\/v2\/posts\/3369","targetHints":{"allow":["GET"]}}],"collection":[{"href":"https:\/\/mediavoxmagazine.it\/index.php?rest_route=\/wp\/v2\/posts"}],"about":[{"href":"https:\/\/mediavoxmagazine.it\/index.php?rest_route=\/wp\/v2\/types\/post"}],"author":[{"embeddable":true,"href":"https:\/\/mediavoxmagazine.it\/index.php?rest_route=\/wp\/v2\/users\/2"}],"replies":[{"embeddable":true,"href":"https:\/\/mediavoxmagazine.it\/index.php?rest_route=%2Fwp%2Fv2%2Fcomments&post=3369"}],"version-history":[{"count":9,"href":"https:\/\/mediavoxmagazine.it\/index.php?rest_route=\/wp\/v2\/posts\/3369\/revisions"}],"predecessor-version":[{"id":3392,"href":"https:\/\/mediavoxmagazine.it\/index.php?rest_route=\/wp\/v2\/posts\/3369\/revisions\/3392"}],"wp:featuredmedia":[{"embeddable":true,"href":"https:\/\/mediavoxmagazine.it\/index.php?rest_route=\/wp\/v2\/media\/3370"}],"wp:attachment":[{"href":"https:\/\/mediavoxmagazine.it\/index.php?rest_route=%2Fwp%2Fv2%2Fmedia&parent=3369"}],"wp:term":[{"taxonomy":"category","embeddable":true,"href":"https:\/\/mediavoxmagazine.it\/index.php?rest_route=%2Fwp%2Fv2%2Fcategories&post=3369"},{"taxonomy":"post_tag","embeddable":true,"href":"https:\/\/mediavoxmagazine.it\/index.php?rest_route=%2Fwp%2Fv2%2Ftags&post=3369"}],"curies":[{"name":"wp","href":"https:\/\/api.w.org\/{rel}","templated":true}]}}