{"id":3394,"date":"2016-12-18T18:57:32","date_gmt":"2016-12-18T17:57:32","guid":{"rendered":"https:\/\/mediavoxmagazine.it\/?p=3394"},"modified":"2016-12-18T22:01:22","modified_gmt":"2016-12-18T21:01:22","slug":"insieme-per-i-malati-di-psp-paralisi-sovranucleare-progressiva","status":"publish","type":"post","link":"https:\/\/mediavoxmagazine.it\/?p=3394","title":{"rendered":"Insieme per i Malati di PSP (Paralisi Sovranucleare Progressiva)"},"content":{"rendered":"<figure id=\"attachment_3397\" aria-describedby=\"caption-attachment-3397\" style=\"width: 323px\" class=\"wp-caption alignleft\"><img loading=\"lazy\" decoding=\"async\" class=\"wp-image-3397\" src=\"https:\/\/mediavoxmagazine.it\/wp-content\/uploads\/2016\/12\/AMANTINI.jpg\" width=\"323\" height=\"164\" srcset=\"https:\/\/mediavoxmagazine.it\/wp-content\/uploads\/2016\/12\/AMANTINI.jpg 1280w, https:\/\/mediavoxmagazine.it\/wp-content\/uploads\/2016\/12\/AMANTINI-300x152.jpg 300w, https:\/\/mediavoxmagazine.it\/wp-content\/uploads\/2016\/12\/AMANTINI-768x390.jpg 768w, https:\/\/mediavoxmagazine.it\/wp-content\/uploads\/2016\/12\/AMANTINI-1024x520.jpg 1024w\" sizes=\"auto, (max-width: 323px) 100vw, 323px\" \/><figcaption id=\"caption-attachment-3397\" class=\"wp-caption-text\"><em>Moreno Amantini con Alessia Bonacci, figlia di Rino e ideatrice di &#8220;Forza di Vivere&#8221;<\/em><\/figcaption><\/figure>\n<p style=\"text-align: left;\">Il 2016 si chiude con una serata davvero speciale. Il <strong>27 dicembre a Spello in Umbria<\/strong>, si terr\u00e0 un Evento all\u2019insegna del Natale e della solidariet\u00e0, organizzato da \u201c<strong>Forza Di Vivere<\/strong>\u201d con la collaborazione del \u201c<strong>Lions Club Foligno<\/strong>\u201d.<br \/>\n\u201c<strong>Forza di Vivere<\/strong>\u201d \u00e8 un&#8217;associazione che si occupa di operazioni solidali ed ha come obiettivo principale quello di sostenere la ricerca di una cura per la <strong>PSP (Paralisi Sopranucleare Progressiva)<\/strong>.<br \/>\nIl 27 dicembre, dunque, tutti invitati alla cena natalizia, con le prelibatezze accuratamente preparate dalla \u201c<strong>Valle del Menotre<\/strong>\u201d ed accompagnate dai prestigiosi vini di<strong> Arnaldo Caprai Viticoltore<\/strong>. Il tutto condito dall\u2019intrattenimento musicale del cantautore americano <strong>Chase Bell<\/strong> e di musicisti umbri di grande talento. A presentare e ad intrattenere il pubblico, il bravissimo presentatore televisivo e attore romano <strong>Moreno Amantini<\/strong>, testimonial di \u201cForza di Vivere\u201d.<br \/>\nDurante la serata Moreno coinvolger\u00e0 il pubblico in una <strong>lotteria<\/strong> con tanti premi in palio generosamente offerti da negozi e aziende locali. A chiudere la serata, <strong>l\u2019Orchestra di Michele Brenci con Erika Caporali<\/strong> che trascineranno il pubblico sulla pista da ballo!<br \/>\nIl ricavato sar\u00e0 utilizzato per aiutare le Famiglie dei malati di PSP che non possono permettersi di pagare le ingenti spese per medicinali, gli esami diagnostici, i controlli medici, la fisioterapia e tutto quanto necessario per combattere questa terribile malattia.<\/p>\n<blockquote>\n<p style=\"text-align: right;\"><strong><img loading=\"lazy\" decoding=\"async\" class=\"wp-image-3118 alignright\" src=\"https:\/\/mediavoxmagazine.it\/wp-content\/uploads\/2016\/10\/644047_10200675763156329_1812229077_n.jpg\" alt=\"\" width=\"164\" height=\"173\" srcset=\"https:\/\/mediavoxmagazine.it\/wp-content\/uploads\/2016\/10\/644047_10200675763156329_1812229077_n.jpg 452w, https:\/\/mediavoxmagazine.it\/wp-content\/uploads\/2016\/10\/644047_10200675763156329_1812229077_n-286x300.jpg 286w\" sizes=\"auto, (max-width: 164px) 100vw, 164px\" \/><a href=\"https:\/\/www.facebook.com\/mediavoxmagazine\/?fref=ts\">MediaVox Magazine <\/a><\/strong>ha intervistato<strong> Moreno Amanti <\/strong>in occasione dello Spettacolo teatrale &#8220;Una Fidanzata per pap\u00e0&#8221;. L&#8217;attore ha raccontato del suo impegno solidale e\u00a0ha dichiarato: \u201c<em>Con il mio lavoro sono spesso ospite di eventi o serate benefiche ma ho scelto di legare la mia immagine a Forza di Vivere perch\u00e9 \u00e8 una realt\u00e0 piccola e sincera. L&#8217;associazione nasce in onore di Rino Bonacci, affetto da PSP dal 2010. La sua famiglia ha creato Forza di Vivere per dar voce a tutti coloro che sono affetti da questa patologia. Oggi Rino non \u00e8 pi\u00f9 con noi ma mamma Anna insieme ai figli Alessia \u00e8 Gianluca hanno deciso di andare avanti nel progetto per continuare a raccogliere fondi per la ricerca e aiutare le famiglie dei malati. Accudire un malato affetto da una patologia neurodegenativa o da una fase terminale non \u00e8 facile. Io ho perso entrambi i miei genitori e ho vissuto un&#8217;esperienza tale che mi lega veramente molto alla famiglia Bonacci. Dar vita a Forza di Vivere vuol dire dar voce a tutti i malati di PSP e alle loro famiglie. Vuol dire far capire loro che non sono soli. Sono sicuro che Rino sar\u00e0 molto fiero della sua famiglia ed io sono onorato di far parte della grande famiglia di Forza di Vivere<\/em>.\u201d<\/p>\n<\/blockquote>\n<p>&nbsp;<\/p>\n<blockquote><p>&nbsp;<\/p>\n<p>Per MAGGIORI INFORMAZIONI e per PARTECIPARE: clicca <a href=\"https:\/\/www.facebook.com\/events\/1262576400429954\/\"><strong>QUI<br \/>\n<\/strong><\/a><\/p><\/blockquote>\n<p><img loading=\"lazy\" decoding=\"async\" class=\"size-full wp-image-3399 alignleft\" src=\"https:\/\/mediavoxmagazine.it\/wp-content\/uploads\/2016\/12\/AMANTINI3.jpg\" alt=\"amantini3\" width=\"851\" height=\"315\" srcset=\"https:\/\/mediavoxmagazine.it\/wp-content\/uploads\/2016\/12\/AMANTINI3.jpg 851w, https:\/\/mediavoxmagazine.it\/wp-content\/uploads\/2016\/12\/AMANTINI3-300x111.jpg 300w, https:\/\/mediavoxmagazine.it\/wp-content\/uploads\/2016\/12\/AMANTINI3-768x284.jpg 768w\" sizes=\"auto, (max-width: 851px) 100vw, 851px\" \/><\/p>\n<p>&nbsp;<\/p>\n<blockquote><p>&nbsp;<\/p><\/blockquote>\n","protected":false},"excerpt":{"rendered":"<div class=\"mh-excerpt\"><p>Il 2016 si chiude con una serata davvero speciale. Il 27 dicembre a Spello in Umbria, si terr\u00e0 un Evento all\u2019insegna del Natale e della <a class=\"mh-excerpt-more\" href=\"https:\/\/mediavoxmagazine.it\/?p=3394\" title=\"Insieme per i Malati di PSP (Paralisi Sovranucleare Progressiva)\">[&#8230;]<\/a><\/p>\n<\/div>","protected":false},"author":18,"featured_media":3398,"comment_status":"closed","ping_status":"closed","sticky":false,"template":"","format":"standard","meta":{"footnotes":""},"categories":[11],"tags":[856,857,477,32],"class_list":["post-3394","post","type-post","status-publish","format-standard","has-post-thumbnail","hentry","category-eventi","tag-beneficenza","tag-cena-natalizia","tag-ricerca","tag-solidarieta"],"_links":{"self":[{"href":"https:\/\/mediavoxmagazine.it\/index.php?rest_route=\/wp\/v2\/posts\/3394","targetHints":{"allow":["GET"]}}],"collection":[{"href":"https:\/\/mediavoxmagazine.it\/index.php?rest_route=\/wp\/v2\/posts"}],"about":[{"href":"https:\/\/mediavoxmagazine.it\/index.php?rest_route=\/wp\/v2\/types\/post"}],"author":[{"embeddable":true,"href":"https:\/\/mediavoxmagazine.it\/index.php?rest_route=\/wp\/v2\/users\/18"}],"replies":[{"embeddable":true,"href":"https:\/\/mediavoxmagazine.it\/index.php?rest_route=%2Fwp%2Fv2%2Fcomments&post=3394"}],"version-history":[{"count":8,"href":"https:\/\/mediavoxmagazine.it\/index.php?rest_route=\/wp\/v2\/posts\/3394\/revisions"}],"predecessor-version":[{"id":3406,"href":"https:\/\/mediavoxmagazine.it\/index.php?rest_route=\/wp\/v2\/posts\/3394\/revisions\/3406"}],"wp:featuredmedia":[{"embeddable":true,"href":"https:\/\/mediavoxmagazine.it\/index.php?rest_route=\/wp\/v2\/media\/3398"}],"wp:attachment":[{"href":"https:\/\/mediavoxmagazine.it\/index.php?rest_route=%2Fwp%2Fv2%2Fmedia&parent=3394"}],"wp:term":[{"taxonomy":"category","embeddable":true,"href":"https:\/\/mediavoxmagazine.it\/index.php?rest_route=%2Fwp%2Fv2%2Fcategories&post=3394"},{"taxonomy":"post_tag","embeddable":true,"href":"https:\/\/mediavoxmagazine.it\/index.php?rest_route=%2Fwp%2Fv2%2Ftags&post=3394"}],"curies":[{"name":"wp","href":"https:\/\/api.w.org\/{rel}","templated":true}]}}