{"id":3407,"date":"2016-12-19T15:57:50","date_gmt":"2016-12-19T14:57:50","guid":{"rendered":"https:\/\/mediavoxmagazine.it\/?p=3407"},"modified":"2016-12-19T18:21:02","modified_gmt":"2016-12-19T17:21:02","slug":"il-natale-rivelato-3","status":"publish","type":"post","link":"https:\/\/mediavoxmagazine.it\/?p=3407","title":{"rendered":"IL NATALE RIVELATO"},"content":{"rendered":"<blockquote>\n<p style=\"text-align: right;\"><em><strong>Storia del presepe<img loading=\"lazy\" decoding=\"async\" class=\" wp-image-3409 alignright\" src=\"https:\/\/mediavoxmagazine.it\/wp-content\/uploads\/2016\/12\/presepe.jpg\" alt=\"presepe\" width=\"577\" height=\"389\" srcset=\"https:\/\/mediavoxmagazine.it\/wp-content\/uploads\/2016\/12\/presepe.jpg 1192w, https:\/\/mediavoxmagazine.it\/wp-content\/uploads\/2016\/12\/presepe-300x202.jpg 300w, https:\/\/mediavoxmagazine.it\/wp-content\/uploads\/2016\/12\/presepe-768x518.jpg 768w, https:\/\/mediavoxmagazine.it\/wp-content\/uploads\/2016\/12\/presepe-1024x691.jpg 1024w\" sizes=\"auto, (max-width: 577px) 100vw, 577px\" \/><\/strong><\/em><\/p>\n<\/blockquote>\n<p>E come potevamo noi mancare, con la storia campana dentro il cuore, fra i pastori di San Gregorio Armeno? E&#8217; quello che ognuno di noi pensa dopo aver effettuato, gi\u00e0 a met\u00e0 dicembre, la canonica visita agli storici presepi di questa via dell&#8217;antica Napoli. Il nome stesso della strada evoca misteriosi intrecci fra Cristianesimo, influssi orientali e mitologia pagana, visto che le reliquie del Santo, chiamato l&#8217;Illuminatore d&#8217;Armenia, furono traslate in questa Chiesa napoletana che da lui prende nome e che, secondo alcuni, sorge su un antico tempio pagano dedicato a Cerere.<\/p>\n<p>Ed \u00e8 qui, fra dedali di strade, fra i mille modi di dare vita alle figure di terracotta, che si celebra fino a Natale il Trionfo del Presepe. Microcosmo brulicante, artistico gioiello, caldo segno di umili dimore, simbolo di fede radicata, il presepe \u00e8 uno dei momenti canonici della nostra storia quotidiana, ma al tempo stesso richiami inconsce simbologie.<\/p>\n<p>Sono passati ormai pi\u00f9 di 700 anni da quella storica notte di Natale del 1223, allorquando S. Francesco d&#8217;Assisi ide\u00f2, a Greccio, partendo dall&#8217;umile realt\u00e0 di ogni giorno, la rappresentazione della Nativit\u00e0, che ben presto (intorno al 1280) colp\u00ec la fantasia di un artista come Arnolfo di Cambio, autore del primo presepe in pietra. Prendeva cos\u00ec l&#8217;avvio una storia infinita, anch&#8217;essa dai contorni avvolti dal mistero.<\/p>\n<p>Arcana \u00e8 la struttura stessa del presepe: era una grotta o una stalla? I Vangeli di Luca e di Matteo parlano di una stalla, mentre l&#8217;apocrifo Protovangelo di Giacomo e S. Giustino Martire fanno esplicito riferimento ad una grotta. Certo le due tradizioni potrebbero non essere in contraddizione fra loro, visto che le grotte naturali in Oriente fungevano sia da rifugio per i viandanti sia da stalla per gli animali. Del resto la prima descrizione del luogo in cui nacque il Bambino, fatta da S. Girolamo nel 404, parla di specus Salvatoris (&#8220;grotta del Salvatore&#8221;) in cui figura uno stabulum, cio\u00e8 appunto una mangiatoia.<\/p>\n<p>Ma quello che a noi preme ribadire \u00e8 la diversa simbologia dei due luoghi deputati ad ospitare la nascita del Redentore. La grotta ha una dimensione pi\u00f9 ampia, in quanto richiama, come scriveva Porfirio nella sua opera Nell&#8217;antro delle ninfe, il cosmo intero, a cui gli antichi dedicavano le grotte; non a caso la tradizione mitologica racconta che molti d\u00e8i pagani, da Zeus a Dioniso, nacquero in una grotta. Al tempo stesso per\u00f2 la grotta rimanda all&#8217;oscurit\u00e0 profonda, alle tenebre cupe, che \u00e8 la condizione dell&#8217;anima del credente,prima che essa sia &#8220;rischiarata&#8221; dalla nascita di Cristo.<\/p>\n<p>La capanna invece si segnala per la sua fragilit\u00e0, simbolo della precariet\u00e0 umana e del tono dimesso dell&#8217;umile rispetto al potente, ma \u00e8 contemporaneamente il frutto di una costruzione, lenta e paziente, da parte dell&#8217;uomo di una comunit\u00e0 che si insedia in<\/p>\n<p>uno spazio avverso, allo stesso modo di come l'&#8221;uomo religioso&#8221; costruisce se stesso come membro di una comunit\u00e0 di credenti nello Spazio della Storia dominato dal Male.<\/p>\n<p>Ma se questi sono i segni universali e, per cos\u00ec dire, archetipali del presepe, esso assume configurazioni e simbologie particolari a seconda del contesto sociale in cui \u00e8 allestito. In questo ideale e breve viaggio tra i presepi pi\u00f9 famosi d&#8217;Italia, ricordiamo i resti del presepe ligneo, che, opera di Giovanni e Pietro Alamanno (1478-1484), si trova nella Chiesa di San Giovanni a Carbonara a Napoli, il presepe del 1535 che \u00e8 nella Chiesa di San Bartolomeo a Scicli (RG) e quello del Sacro Monte a Varese. Posteriore, ma altrettanto suggestivo, \u00e8 il presepe di Santa Maria in Aracoeli a Roma.<\/p>\n<p>Il Settecento napoletano \u00e8 poi costellato di esemplari inimitabili. Ma anche agli inizi dell&#8217;Ottocento l&#8217;arte presepiale in Campania produce dei pezzi di altissimo valore artistico. A tal proposito, per una breve rassegna, non si pu\u00f2 non partire dal pi\u00f9 maestoso: quello che nel 1817 fu allestito nella Reggia di Caserta per volont\u00e0 del re Ferdinando II, il quale, in occasione dell&#8217;inaugurazione della Ferrovia Napoli-Portici-Caserta, commission\u00f2 al pittore Salvatore Fergola un complesso presepiale, simbolo del fasto regale borbonico. Ad esso posero mano anche Giuseppe Sammartino (che lavorava proprio nel fondaco di S.Gregorio Armeno) e i fratelli Vassalli, autori di anomali e bellissimi elefanti, che fecero la loro prima comparsa (a documentazione dello stretto rapporto fra presepe ed eventi storici) in occasione dell&#8217;Ambasceria Turca presso il Regno di Napoli.<\/p>\n<p>Per certi versi similare \u00e8 la monumentale &#8220;Mostra permanente del presepe nel mondo&#8221;, che si trova nel Santuario di Montevergine (AV) e che raccoglie, proprio nello spirito &#8220;cattolico&#8221; (nel senso di &#8220;universale&#8221;) della Chiesa, esemplari provenienti, oltre che dalle regioni italiane, da varie nazioni come Giappone e Alaska. Agli antipodi si situa, invece, ancora in territorio campano una &#8220;scuola&#8221; che potremmo definire dell&#8217;arte presepiale &#8220;povera&#8221;, ma non meno suggestiva. Essa ha il suo fulcro a Spiano, frazione di Mercato S. Severino (SA), dove degli anziani artigiani per anni hanno fabbricato arcaici pastori in terracotta.<\/p>\n<p>Ma il mistero profondo della sapienza semplice di questi anonimi artigiani \u00e8 riposto ancora l\u00ec, da dove siamo partiti: a San Gregorio Armeno. L\u00ec la strada stessa \u00e8 un presepe, i visitatori continuamente deambulanti sono dei pellegrini, i pastori pi\u00f9 strani, da Pulcinella alle Anime del Purgatorio, sono l&#8217;incarnazione della croce che porta la gente e le vistose bancarelle di terracotte con i cibi abbondanti &#8220;incarnano&#8221; la fame non solo di pane, ma soprattutto di giustizia.<\/p>\n<p>&nbsp;<\/p>\n<p>&nbsp;<\/p>\n<div class=\"mh-container mh-container-outer\">\n<div class=\"mh-wrapper clearfix\">\n<div id=\"main-content\" class=\"mh-content\">\n<article id=\"post-3385\" class=\"post-3385 post type-post status-publish format-standard has-post-thumbnail hentry category-tradizioni tag-cultura tag-miti tag-natale tag-riti tag-tradizioni\">\n<div class=\"entry-content clearfix\">\n<blockquote>\n<p style=\"text-align: right;\"><em><strong>La prossima puntata su <a href=\"https:\/\/www.facebook.com\/mediavoxmagazine\/\" data-slimstat-callback=\"true\" data-slimstat-async=\"false\" data-slimstat-tracking=\"true\" data-slimstat-type=\"0\" data-slimstat-clicked=\"false\">MediaVox Magazine<\/a> il 23\/12\/2016<\/strong><\/em><\/p>\n<p style=\"text-align: right;\"><em><strong>Leggi <a href=\"https:\/\/mediavoxmagazine.it\/\" data-slimstat-callback=\"true\" data-slimstat-async=\"false\" data-slimstat-tracking=\"true\" data-slimstat-type=\"0\" data-slimstat-clicked=\"false\">www.mediavoxmagazine.it<\/a><\/strong><\/em><\/p>\n<\/blockquote>\n<\/div>\n<\/article>\n<\/div>\n<\/div>\n<\/div>\n","protected":false},"excerpt":{"rendered":"<div class=\"mh-excerpt\"><p>Storia del presepe E come potevamo noi mancare, con la storia campana dentro il cuore, fra i pastori di San Gregorio Armeno? E&#8217; quello che <a class=\"mh-excerpt-more\" href=\"https:\/\/mediavoxmagazine.it\/?p=3407\" title=\"IL NATALE RIVELATO\">[&#8230;]<\/a><\/p>\n<\/div>","protected":false},"author":10,"featured_media":3367,"comment_status":"closed","ping_status":"closed","sticky":false,"template":"","format":"standard","meta":{"footnotes":""},"categories":[230],"tags":[344,99,858,596,239],"class_list":["post-3407","post","type-post","status-publish","format-standard","has-post-thumbnail","hentry","category-tradizioni","tag-miti","tag-natale","tag-presepe","tag-storia","tag-tradizioni"],"_links":{"self":[{"href":"https:\/\/mediavoxmagazine.it\/index.php?rest_route=\/wp\/v2\/posts\/3407","targetHints":{"allow":["GET"]}}],"collection":[{"href":"https:\/\/mediavoxmagazine.it\/index.php?rest_route=\/wp\/v2\/posts"}],"about":[{"href":"https:\/\/mediavoxmagazine.it\/index.php?rest_route=\/wp\/v2\/types\/post"}],"author":[{"embeddable":true,"href":"https:\/\/mediavoxmagazine.it\/index.php?rest_route=\/wp\/v2\/users\/10"}],"replies":[{"embeddable":true,"href":"https:\/\/mediavoxmagazine.it\/index.php?rest_route=%2Fwp%2Fv2%2Fcomments&post=3407"}],"version-history":[{"count":3,"href":"https:\/\/mediavoxmagazine.it\/index.php?rest_route=\/wp\/v2\/posts\/3407\/revisions"}],"predecessor-version":[{"id":3412,"href":"https:\/\/mediavoxmagazine.it\/index.php?rest_route=\/wp\/v2\/posts\/3407\/revisions\/3412"}],"wp:featuredmedia":[{"embeddable":true,"href":"https:\/\/mediavoxmagazine.it\/index.php?rest_route=\/wp\/v2\/media\/3367"}],"wp:attachment":[{"href":"https:\/\/mediavoxmagazine.it\/index.php?rest_route=%2Fwp%2Fv2%2Fmedia&parent=3407"}],"wp:term":[{"taxonomy":"category","embeddable":true,"href":"https:\/\/mediavoxmagazine.it\/index.php?rest_route=%2Fwp%2Fv2%2Fcategories&post=3407"},{"taxonomy":"post_tag","embeddable":true,"href":"https:\/\/mediavoxmagazine.it\/index.php?rest_route=%2Fwp%2Fv2%2Ftags&post=3407"}],"curies":[{"name":"wp","href":"https:\/\/api.w.org\/{rel}","templated":true}]}}