{"id":39352,"date":"2025-07-10T13:15:34","date_gmt":"2025-07-10T12:15:34","guid":{"rendered":"https:\/\/mediavoxmagazine.it\/?p=39352"},"modified":"2025-07-14T11:24:04","modified_gmt":"2025-07-14T10:24:04","slug":"porta-con-te-la-magia-del-white-fest-con-il-merchandising-esclusivo-dedicato-al-festival-delloro-bianco","status":"publish","type":"post","link":"https:\/\/mediavoxmagazine.it\/?p=39352","title":{"rendered":"Porta con te la magia del White Fest con il merchandising esclusivo dedicato al festival dell\u2019oro bianco!"},"content":{"rendered":"\n<p class=\"wp-block-paragraph\">Il <strong>White Fest #ilfestivaldell\u2019orobianco<\/strong> \u00e8 sempre stato pi\u00f9 di un semplice evento\u2026 Infatti quest\u2019anno si trasforma in un\u2019esperienza da vivere e da portare con s\u00e9!<\/p>\n\n\n\n<p class=\"wp-block-paragraph\">Tutto nasce da quel sorriso che si accende al primo morso di mozzarella di bufala fresca, dalle note che danzano leggere nell\u2019aria quando il sole tramonta, da quella sensazione di leggerezza che solo le sere d\u2019estate sanno regalare.<br><\/p>\n\n\n\n<p class=\"wp-block-paragraph\">Il <strong>White Fest<\/strong> \u00e8 tutto questo: un abbraccio tra gusto, musica e luce. E quest\u2019anno, la sua magia potr\u00e0 seguirti ovunque.<\/p>\n\n\n\n<p class=\"wp-block-paragraph\">In attesa dell\u2019<strong>1, 2 e 3 agosto<\/strong>, quando si terr\u00e0 l\u2019evento nel comune di <strong>Cancello ed Arnone<\/strong> <strong>(CE)<\/strong>, ti sveliamo qualcosa che non \u00e8 un semplice ricordo, ma un compagno di viaggio per chi ama ci\u00f2 che \u00e8 autentico. Oggetti che racchiudono bellezza e magia, il profumo dei ricordi attraverso il bianco che illumina ogni sogno. Perch\u00e9 ogni dettaglio, ogni piccolo gesto, pu\u00f2 portare con s\u00e9 la vibrazione di una notte d\u2019agosto sotto le stelle.<\/p>\n\n\n\n<p class=\"wp-block-paragraph\">Non si tratta solo di gadget, ma di frammenti di un\u2019estate da custodire, di pezzi di un festival che continua a vivere anche quando le luci si spengono e la musica tace.<\/p>\n\n\n\n<p class=\"wp-block-paragraph\">Perch\u00e9 scegliere il merchandising <strong>White Fest<\/strong>?<\/p>\n\n\n\n<p class=\"wp-block-paragraph\">\u2013 <strong>\u00c8 esclusivo<\/strong>: creato solo per chi sceglie di vivere la magia del White Fest, trasformando ogni giorno in un ricordo speciale del festival.<br><br>\u2013 <strong>\u00c8 sostenibile<\/strong>: realizzato con materiali di qualit\u00e0, per accompagnarti ovunque con stile e rispetto per l\u2019ambiente.<\/p>\n\n\n\n<p class=\"wp-block-paragraph\">\u2013<strong> \u00c8 memorabile<\/strong>: ogni gadget porta con s\u00e9 il profumo delle serate d\u2019agosto, la musica che vibra nell\u2019aria e l\u2019atmosfera di Cancello ed Arnone durante il festival.<\/p>\n\n\n\n<p class=\"wp-block-paragraph\">E ora, finalmente, andiamo a scoprire insieme tutti gli articoli disponibili anche in diverse colorazioni!<\/p>\n\n\n\n<p class=\"wp-block-paragraph\"><\/p>\n\n\n\n<p class=\"wp-block-paragraph\"><strong><mark style=\"background-color:#ffffff\" class=\"has-inline-color has-vivid-cyan-blue-color\">T-shirt White Fest<\/mark><\/strong><\/p>\n\n\n\n<figure class=\"wp-block-image size-large\"><img loading=\"lazy\" decoding=\"async\" width=\"1024\" height=\"1016\" src=\"https:\/\/mediavoxmagazine.it\/wp-content\/uploads\/2025\/07\/IMG_7955-1024x1016.jpeg\" alt=\"\" class=\"wp-image-39353\" srcset=\"https:\/\/mediavoxmagazine.it\/wp-content\/uploads\/2025\/07\/IMG_7955-1024x1016.jpeg 1024w, https:\/\/mediavoxmagazine.it\/wp-content\/uploads\/2025\/07\/IMG_7955-300x298.jpeg 300w, https:\/\/mediavoxmagazine.it\/wp-content\/uploads\/2025\/07\/IMG_7955-150x150.jpeg 150w, https:\/\/mediavoxmagazine.it\/wp-content\/uploads\/2025\/07\/IMG_7955-768x762.jpeg 768w, https:\/\/mediavoxmagazine.it\/wp-content\/uploads\/2025\/07\/IMG_7955.jpeg 1178w\" sizes=\"auto, (max-width: 1024px) 100vw, 1024px\" \/><\/figure>\n\n\n\n<p class=\"wp-block-paragraph\">Non \u00e8 solo una maglietta. \u00c8 un simbolo di appartenenza per chi ama la luce dell\u2019estate, il profumo del latte appena munto e la musica che vibra tra le mani al tramonto. Con la T-shirt White Fest, porti con te l\u2019eleganza che esalta il bianco, raccontando ogni giorno che fai parte di un sogno chiamato White Fest.<\/p>\n\n\n\n<p class=\"wp-block-paragraph\"><\/p>\n\n\n\n<p class=\"wp-block-paragraph\"><\/p>\n\n\n\n<p class=\"wp-block-paragraph\"><strong><mark style=\"background-color:#ffffff\" class=\"has-inline-color has-vivid-cyan-blue-color\">Bandana White Fest<\/mark><\/strong><\/p>\n\n\n\n<figure class=\"wp-block-image size-large\"><img loading=\"lazy\" decoding=\"async\" width=\"1024\" height=\"1006\" src=\"https:\/\/mediavoxmagazine.it\/wp-content\/uploads\/2025\/07\/IMG_7938-1024x1006.jpeg\" alt=\"\" class=\"wp-image-39354\" srcset=\"https:\/\/mediavoxmagazine.it\/wp-content\/uploads\/2025\/07\/IMG_7938-1024x1006.jpeg 1024w, https:\/\/mediavoxmagazine.it\/wp-content\/uploads\/2025\/07\/IMG_7938-300x295.jpeg 300w, https:\/\/mediavoxmagazine.it\/wp-content\/uploads\/2025\/07\/IMG_7938-768x754.jpeg 768w, https:\/\/mediavoxmagazine.it\/wp-content\/uploads\/2025\/07\/IMG_7938.jpeg 1179w\" sizes=\"auto, (max-width: 1024px) 100vw, 1024px\" \/><\/figure>\n\n\n\n<p class=\"wp-block-paragraph\">Leggera e versatile come le tue giornate d\u2019estate. La Bandana White Fest si adatta al tuo stile, che sia in bici, in viaggio o sotto il palco di un concerto, portando con s\u00e9 il respiro fresco della libert\u00e0 e del festival che ami.<\/p>\n\n\n\n<p class=\"wp-block-paragraph\"><\/p>\n\n\n\n<p class=\"wp-block-paragraph\"><br><strong><mark style=\"background-color:#ffffff\" class=\"has-inline-color has-vivid-cyan-blue-color\">Zaino Adventure White Fest<\/mark><\/strong><\/p>\n\n\n\n<figure class=\"wp-block-image size-large\"><img loading=\"lazy\" decoding=\"async\" width=\"1024\" height=\"1017\" src=\"https:\/\/mediavoxmagazine.it\/wp-content\/uploads\/2025\/07\/IMG_7939-1024x1017.jpeg\" alt=\"\" class=\"wp-image-39355\" srcset=\"https:\/\/mediavoxmagazine.it\/wp-content\/uploads\/2025\/07\/IMG_7939-1024x1017.jpeg 1024w, https:\/\/mediavoxmagazine.it\/wp-content\/uploads\/2025\/07\/IMG_7939-300x298.jpeg 300w, https:\/\/mediavoxmagazine.it\/wp-content\/uploads\/2025\/07\/IMG_7939-150x150.jpeg 150w, https:\/\/mediavoxmagazine.it\/wp-content\/uploads\/2025\/07\/IMG_7939-768x763.jpeg 768w, https:\/\/mediavoxmagazine.it\/wp-content\/uploads\/2025\/07\/IMG_7939.jpeg 1179w\" sizes=\"auto, (max-width: 1024px) 100vw, 1024px\" \/><\/figure>\n\n\n\n<p class=\"wp-block-paragraph\">Pronto a seguirti ovunque nelle tue avventure, lo Zaino Adventure White Fest \u00e8 il compagno ideale per ogni viaggio. Ogni tasca e ogni cerniera custodiscono un momento che si apre, con la leggerezza di chi ama scoprire.<\/p>\n\n\n\n<p class=\"wp-block-paragraph\"><\/p>\n\n\n\n<p class=\"wp-block-paragraph\"><br><strong><mark style=\"background-color:#ffffff\" class=\"has-inline-color has-vivid-cyan-blue-color\">Zaino Multiuso White Fest<\/mark><\/strong><\/p>\n\n\n\n<figure class=\"wp-block-image size-large\"><img loading=\"lazy\" decoding=\"async\" width=\"1024\" height=\"1021\" src=\"https:\/\/mediavoxmagazine.it\/wp-content\/uploads\/2025\/07\/IMG_7940-1024x1021.jpeg\" alt=\"\" class=\"wp-image-39356\" srcset=\"https:\/\/mediavoxmagazine.it\/wp-content\/uploads\/2025\/07\/IMG_7940-1024x1021.jpeg 1024w, https:\/\/mediavoxmagazine.it\/wp-content\/uploads\/2025\/07\/IMG_7940-300x300.jpeg 300w, https:\/\/mediavoxmagazine.it\/wp-content\/uploads\/2025\/07\/IMG_7940-150x150.jpeg 150w, https:\/\/mediavoxmagazine.it\/wp-content\/uploads\/2025\/07\/IMG_7940-768x765.jpeg 768w, https:\/\/mediavoxmagazine.it\/wp-content\/uploads\/2025\/07\/IMG_7940.jpeg 1179w\" sizes=\"auto, (max-width: 1024px) 100vw, 1024px\" \/><\/figure>\n\n\n\n<p class=\"wp-block-paragraph\">Essenziale, pratico e sempre pronto, come l\u2019energia che senti quando il festival si accende. Lo Zaino Multiuso White Fest si piega con facilit\u00e0, si apre con un gesto, ti accompagna nelle giornate al mare, nelle corse tra i prati e nei backstage delle tue avventure quotidiane.<\/p>\n\n\n\n<p class=\"wp-block-paragraph\"><\/p>\n\n\n\n<p class=\"wp-block-paragraph\"><br><strong><mark style=\"background-color:#ffffff\" class=\"has-inline-color has-vivid-cyan-blue-color\">Telo in microfibra White Fest<\/mark><\/strong><\/p>\n\n\n\n<figure class=\"wp-block-image size-large\"><img loading=\"lazy\" decoding=\"async\" width=\"1024\" height=\"1014\" src=\"https:\/\/mediavoxmagazine.it\/wp-content\/uploads\/2025\/07\/IMG_7941-1024x1014.jpeg\" alt=\"\" class=\"wp-image-39357\" srcset=\"https:\/\/mediavoxmagazine.it\/wp-content\/uploads\/2025\/07\/IMG_7941-1024x1014.jpeg 1024w, https:\/\/mediavoxmagazine.it\/wp-content\/uploads\/2025\/07\/IMG_7941-300x297.jpeg 300w, https:\/\/mediavoxmagazine.it\/wp-content\/uploads\/2025\/07\/IMG_7941-150x150.jpeg 150w, https:\/\/mediavoxmagazine.it\/wp-content\/uploads\/2025\/07\/IMG_7941-768x760.jpeg 768w, https:\/\/mediavoxmagazine.it\/wp-content\/uploads\/2025\/07\/IMG_7941.jpeg 1178w\" sizes=\"auto, (max-width: 1024px) 100vw, 1024px\" \/><\/figure>\n\n\n\n<p class=\"wp-block-paragraph\">Un abbraccio soffice che sa di libert\u00e0. Il Telo in microfibra White Fest ti accompagna nelle giornate al mare, tra i prati o durante le serate di musica sotto le stelle. Si asciuga in fretta, ma trattiene con s\u00e9 ogni ricordo delle tue estati pi\u00f9 belle.<\/p>\n\n\n\n<p class=\"wp-block-paragraph\"><\/p>\n\n\n\n<p class=\"wp-block-paragraph\"><br><strong><mark style=\"background-color:#ffffff\" class=\"has-inline-color has-vivid-cyan-blue-color\">Tazza in ceramica White Fest<\/mark><\/strong><\/p>\n\n\n\n<figure class=\"wp-block-image size-large\"><img loading=\"lazy\" decoding=\"async\" width=\"1024\" height=\"1017\" src=\"https:\/\/mediavoxmagazine.it\/wp-content\/uploads\/2025\/07\/IMG_7942-1024x1017.jpeg\" alt=\"\" class=\"wp-image-39358\" srcset=\"https:\/\/mediavoxmagazine.it\/wp-content\/uploads\/2025\/07\/IMG_7942-1024x1017.jpeg 1024w, https:\/\/mediavoxmagazine.it\/wp-content\/uploads\/2025\/07\/IMG_7942-300x298.jpeg 300w, https:\/\/mediavoxmagazine.it\/wp-content\/uploads\/2025\/07\/IMG_7942-150x150.jpeg 150w, https:\/\/mediavoxmagazine.it\/wp-content\/uploads\/2025\/07\/IMG_7942-768x763.jpeg 768w, https:\/\/mediavoxmagazine.it\/wp-content\/uploads\/2025\/07\/IMG_7942.jpeg 1179w\" sizes=\"auto, (max-width: 1024px) 100vw, 1024px\" \/><\/figure>\n\n\n\n<p class=\"wp-block-paragraph\">Il buongiorno che sa di cose vere. Con la Tazza in ceramica White Fest, ogni sorso diventa un piccolo ritorno alle notti illuminate del festival, ai sorrisi e alle note che accendono l\u2019alba. Una carezza bianca che ti accompagna, ogni mattina.<\/p>\n\n\n\n<p class=\"wp-block-paragraph\"><\/p>\n\n\n\n<p class=\"wp-block-paragraph\"><br><strong><mark style=\"background-color:#ffffff\" class=\"has-inline-color has-vivid-cyan-blue-color\">Basket porta penne White Fest<\/mark><\/strong><\/p>\n\n\n\n<figure class=\"wp-block-image size-large\"><img loading=\"lazy\" decoding=\"async\" width=\"1024\" height=\"1014\" src=\"https:\/\/mediavoxmagazine.it\/wp-content\/uploads\/2025\/07\/IMG_7943-1024x1014.jpeg\" alt=\"\" class=\"wp-image-39359\" srcset=\"https:\/\/mediavoxmagazine.it\/wp-content\/uploads\/2025\/07\/IMG_7943-1024x1014.jpeg 1024w, https:\/\/mediavoxmagazine.it\/wp-content\/uploads\/2025\/07\/IMG_7943-300x297.jpeg 300w, https:\/\/mediavoxmagazine.it\/wp-content\/uploads\/2025\/07\/IMG_7943-150x150.jpeg 150w, https:\/\/mediavoxmagazine.it\/wp-content\/uploads\/2025\/07\/IMG_7943-768x761.jpeg 768w, https:\/\/mediavoxmagazine.it\/wp-content\/uploads\/2025\/07\/IMG_7943.jpeg 1179w\" sizes=\"auto, (max-width: 1024px) 100vw, 1024px\" \/><\/figure>\n\n\n\n<p class=\"wp-block-paragraph\">Un angolo di ordine che racconta la tua passione. Il Basket porta penne White Fest trasforma la tua scrivania in un piccolo spazio di luce, ricordandoti che anche nelle giornate pi\u00f9 piene, un frammento di festival \u00e8 l\u00ec con te, pronto a ispirarti.<\/p>\n\n\n\n<p class=\"wp-block-paragraph\"><\/p>\n\n\n\n<p class=\"wp-block-paragraph\"><br><strong><mark style=\"background-color:#ffffff\" class=\"has-inline-color has-vivid-cyan-blue-color\">Portachiavi Logo White Fest<\/mark><\/strong><\/p>\n\n\n\n<figure class=\"wp-block-image size-large\"><img loading=\"lazy\" decoding=\"async\" width=\"1024\" height=\"1016\" src=\"https:\/\/mediavoxmagazine.it\/wp-content\/uploads\/2025\/07\/IMG_7944-1-1024x1016.jpeg\" alt=\"\" class=\"wp-image-39361\" srcset=\"https:\/\/mediavoxmagazine.it\/wp-content\/uploads\/2025\/07\/IMG_7944-1-1024x1016.jpeg 1024w, https:\/\/mediavoxmagazine.it\/wp-content\/uploads\/2025\/07\/IMG_7944-1-300x298.jpeg 300w, https:\/\/mediavoxmagazine.it\/wp-content\/uploads\/2025\/07\/IMG_7944-1-150x150.jpeg 150w, https:\/\/mediavoxmagazine.it\/wp-content\/uploads\/2025\/07\/IMG_7944-1-768x762.jpeg 768w, https:\/\/mediavoxmagazine.it\/wp-content\/uploads\/2025\/07\/IMG_7944-1.jpeg 1179w\" sizes=\"auto, (max-width: 1024px) 100vw, 1024px\" \/><\/figure>\n\n\n\n<p class=\"wp-block-paragraph\">Da portare sempre con te. Il Portachiavi White Fest custodisce le tue chiavi e il ricordo delle serate che ti hanno fatto sentire vivo. Un simbolo discreto, ma iconico, che ti accompagna ovunque.<\/p>\n\n\n\n<p class=\"wp-block-paragraph\"><\/p>\n\n\n\n<p class=\"wp-block-paragraph\"><br><strong><mark style=\"background-color:#ffffff\" class=\"has-inline-color has-vivid-cyan-blue-color\">Portachiavi Sagomato White Fest<\/mark><\/strong><\/p>\n\n\n\n<figure class=\"wp-block-image size-large\"><img loading=\"lazy\" decoding=\"async\" width=\"1024\" height=\"1019\" src=\"https:\/\/mediavoxmagazine.it\/wp-content\/uploads\/2025\/07\/IMG_7946-1024x1019.jpeg\" alt=\"\" class=\"wp-image-39362\" srcset=\"https:\/\/mediavoxmagazine.it\/wp-content\/uploads\/2025\/07\/IMG_7946-1024x1019.jpeg 1024w, https:\/\/mediavoxmagazine.it\/wp-content\/uploads\/2025\/07\/IMG_7946-300x298.jpeg 300w, https:\/\/mediavoxmagazine.it\/wp-content\/uploads\/2025\/07\/IMG_7946-150x150.jpeg 150w, https:\/\/mediavoxmagazine.it\/wp-content\/uploads\/2025\/07\/IMG_7946-768x764.jpeg 768w, https:\/\/mediavoxmagazine.it\/wp-content\/uploads\/2025\/07\/IMG_7946.jpeg 1179w\" sizes=\"auto, (max-width: 1024px) 100vw, 1024px\" \/><\/figure>\n\n\n\n<p class=\"wp-block-paragraph\">Un piccolo simbolo che racconta grandi storie. Ogni volta che le chiavi tintinnano, un ricordo del White Fest si risveglia: le risate, la musica, il profumo della mozzarella di bufala e la luce delle sere d\u2019agosto. Un dettaglio che ti accompagna, ovunque tu vada.<\/p>\n\n\n\n<p class=\"wp-block-paragraph\"><br><br><strong><mark style=\"background-color:#ffffff\" class=\"has-inline-color has-vivid-cyan-blue-color\">Penna Velvet White Fest<\/mark><\/strong><\/p>\n\n\n\n<figure class=\"wp-block-image size-large\"><img loading=\"lazy\" decoding=\"async\" width=\"1024\" height=\"1014\" src=\"https:\/\/mediavoxmagazine.it\/wp-content\/uploads\/2025\/07\/IMG_7947-1024x1014.jpeg\" alt=\"\" class=\"wp-image-39363\" srcset=\"https:\/\/mediavoxmagazine.it\/wp-content\/uploads\/2025\/07\/IMG_7947-1024x1014.jpeg 1024w, https:\/\/mediavoxmagazine.it\/wp-content\/uploads\/2025\/07\/IMG_7947-300x297.jpeg 300w, https:\/\/mediavoxmagazine.it\/wp-content\/uploads\/2025\/07\/IMG_7947-150x150.jpeg 150w, https:\/\/mediavoxmagazine.it\/wp-content\/uploads\/2025\/07\/IMG_7947-768x760.jpeg 768w, https:\/\/mediavoxmagazine.it\/wp-content\/uploads\/2025\/07\/IMG_7947.jpeg 1178w\" sizes=\"auto, (max-width: 1024px) 100vw, 1024px\" \/><\/figure>\n\n\n\n<p class=\"wp-block-paragraph\">C\u2019\u00e8 chi scrive appunti, chi sogni. Con la Penna Velvet White Fest, ogni parola scorre leggera come le note del festival, pronta a fissare su carta le tue ispirazioni, le idee nate tra le luci di Cancello ed Arnone e le promesse dell\u2019estate.<\/p>\n\n\n\n<p class=\"wp-block-paragraph\"><\/p>\n\n\n\n<p class=\"wp-block-paragraph\"><br><strong><mark style=\"background-color:#ffffff\" class=\"has-inline-color has-vivid-cyan-blue-color\">Lanyard White Fest<\/mark><\/strong><\/p>\n\n\n\n<figure class=\"wp-block-image size-large\"><img loading=\"lazy\" decoding=\"async\" width=\"1024\" height=\"1017\" src=\"https:\/\/mediavoxmagazine.it\/wp-content\/uploads\/2025\/07\/IMG_7948-1024x1017.jpeg\" alt=\"\" class=\"wp-image-39364\" srcset=\"https:\/\/mediavoxmagazine.it\/wp-content\/uploads\/2025\/07\/IMG_7948-1024x1017.jpeg 1024w, https:\/\/mediavoxmagazine.it\/wp-content\/uploads\/2025\/07\/IMG_7948-300x298.jpeg 300w, https:\/\/mediavoxmagazine.it\/wp-content\/uploads\/2025\/07\/IMG_7948-150x150.jpeg 150w, https:\/\/mediavoxmagazine.it\/wp-content\/uploads\/2025\/07\/IMG_7948-768x763.jpeg 768w, https:\/\/mediavoxmagazine.it\/wp-content\/uploads\/2025\/07\/IMG_7948.jpeg 1179w\" sizes=\"auto, (max-width: 1024px) 100vw, 1024px\" \/><\/figure>\n\n\n\n<p class=\"wp-block-paragraph\">Un dettaglio anche nelle piccole cose. Il Lanyard White Fest unisce praticit\u00e0 e stile, perfetto per portare con te badge, chiavi o tessere, mantenendo vivo il legame con le emozioni del festival anche nei giorni pi\u00f9 ordinari.<\/p>\n\n\n\n<p class=\"wp-block-paragraph\"><\/p>\n\n\n\n<p class=\"wp-block-paragraph\"><br><strong><mark style=\"background-color:#ffffff\" class=\"has-inline-color has-vivid-cyan-blue-color\">Berretto Basic Golf White Fest<\/mark><\/strong><\/p>\n\n\n\n<figure class=\"wp-block-image size-large\"><img loading=\"lazy\" decoding=\"async\" width=\"1024\" height=\"1017\" src=\"https:\/\/mediavoxmagazine.it\/wp-content\/uploads\/2025\/07\/IMG_7952-1024x1017.jpeg\" alt=\"\" class=\"wp-image-39365\" srcset=\"https:\/\/mediavoxmagazine.it\/wp-content\/uploads\/2025\/07\/IMG_7952-1024x1017.jpeg 1024w, https:\/\/mediavoxmagazine.it\/wp-content\/uploads\/2025\/07\/IMG_7952-300x298.jpeg 300w, https:\/\/mediavoxmagazine.it\/wp-content\/uploads\/2025\/07\/IMG_7952-150x150.jpeg 150w, https:\/\/mediavoxmagazine.it\/wp-content\/uploads\/2025\/07\/IMG_7952-768x763.jpeg 768w, https:\/\/mediavoxmagazine.it\/wp-content\/uploads\/2025\/07\/IMG_7952.jpeg 1179w\" sizes=\"auto, (max-width: 1024px) 100vw, 1024px\" \/><\/figure>\n\n\n\n<p class=\"wp-block-paragraph\">Sotto il sole estivo o tra le luci del tramonto, il Berretto White Fest protegge i tuoi momenti pi\u00f9 belli. Un compagno elegante e casual che racconta la tua appartenenza per chi ama la musica, il gusto e le serate che restano nel cuore.<\/p>\n\n\n\n<p class=\"wp-block-paragraph\"><\/p>\n\n\n\n<p class=\"wp-block-paragraph\"><br><strong><mark style=\"background-color:#ffffff\" class=\"has-inline-color has-vivid-cyan-blue-color\">Borraccia Termica White Fest<\/mark><\/strong><\/p>\n\n\n\n<figure class=\"wp-block-image size-large\"><img loading=\"lazy\" decoding=\"async\" width=\"1024\" height=\"1017\" src=\"https:\/\/mediavoxmagazine.it\/wp-content\/uploads\/2025\/07\/IMG_7951-1024x1017.jpeg\" alt=\"\" class=\"wp-image-39367\" srcset=\"https:\/\/mediavoxmagazine.it\/wp-content\/uploads\/2025\/07\/IMG_7951-1024x1017.jpeg 1024w, https:\/\/mediavoxmagazine.it\/wp-content\/uploads\/2025\/07\/IMG_7951-300x298.jpeg 300w, https:\/\/mediavoxmagazine.it\/wp-content\/uploads\/2025\/07\/IMG_7951-150x150.jpeg 150w, https:\/\/mediavoxmagazine.it\/wp-content\/uploads\/2025\/07\/IMG_7951-768x763.jpeg 768w, https:\/\/mediavoxmagazine.it\/wp-content\/uploads\/2025\/07\/IMG_7951.jpeg 1179w\" sizes=\"auto, (max-width: 1024px) 100vw, 1024px\" \/><\/figure>\n\n\n\n<p class=\"wp-block-paragraph\">Fresca come un\u2019alba d\u2019estate, fedele come un ricordo che non svanisce. La Borraccia Termica White Fest mantiene intatta ogni tua pausa, con l\u2019eleganza del nero e il simbolo di chi porta con s\u00e9 la luce delle notti del festival. Perch\u00e9 restare idratati \u00e8 un gesto di amore verso se stessi.<\/p>\n\n\n\n<p class=\"wp-block-paragraph\"><br><br><strong><mark style=\"background-color:#ffffff\" class=\"has-inline-color has-vivid-cyan-blue-color\">Notes + Penna White Fest<\/mark><\/strong><\/p>\n\n\n\n<figure class=\"wp-block-image size-large\"><img loading=\"lazy\" decoding=\"async\" width=\"1024\" height=\"1017\" src=\"https:\/\/mediavoxmagazine.it\/wp-content\/uploads\/2025\/07\/IMG_7953-1-1024x1017.jpeg\" alt=\"\" class=\"wp-image-39368\" srcset=\"https:\/\/mediavoxmagazine.it\/wp-content\/uploads\/2025\/07\/IMG_7953-1-1024x1017.jpeg 1024w, https:\/\/mediavoxmagazine.it\/wp-content\/uploads\/2025\/07\/IMG_7953-1-300x298.jpeg 300w, https:\/\/mediavoxmagazine.it\/wp-content\/uploads\/2025\/07\/IMG_7953-1-150x150.jpeg 150w, https:\/\/mediavoxmagazine.it\/wp-content\/uploads\/2025\/07\/IMG_7953-1-768x763.jpeg 768w, https:\/\/mediavoxmagazine.it\/wp-content\/uploads\/2025\/07\/IMG_7953-1.jpeg 1179w\" sizes=\"auto, (max-width: 1024px) 100vw, 1024px\" \/><\/figure>\n\n\n\n<p class=\"wp-block-paragraph\">Ci sono idee che meritano uno spazio speciale. Il Notes White Fest, con la sua penna coordinata, custodisce idee, pensieri e progetti nati tra le luci e i sorrisi del festival. Un gadget elegante che trasforma ogni appunto in una promessa verso ci\u00f2 che desideri diventare.<\/p>\n\n\n\n<p class=\"wp-block-paragraph\"><\/p>\n\n\n\n<p class=\"wp-block-paragraph\"><br><strong><mark style=\"background-color:#ffffff\" class=\"has-inline-color has-vivid-cyan-blue-color\">Tote Bag White Fest<\/mark><\/strong><\/p>\n\n\n\n<figure class=\"wp-block-image size-large\"><img loading=\"lazy\" decoding=\"async\" width=\"1024\" height=\"1015\" src=\"https:\/\/mediavoxmagazine.it\/wp-content\/uploads\/2025\/07\/IMG_7954-1024x1015.jpeg\" alt=\"\" class=\"wp-image-39369\" srcset=\"https:\/\/mediavoxmagazine.it\/wp-content\/uploads\/2025\/07\/IMG_7954-1024x1015.jpeg 1024w, https:\/\/mediavoxmagazine.it\/wp-content\/uploads\/2025\/07\/IMG_7954-300x297.jpeg 300w, https:\/\/mediavoxmagazine.it\/wp-content\/uploads\/2025\/07\/IMG_7954-150x150.jpeg 150w, https:\/\/mediavoxmagazine.it\/wp-content\/uploads\/2025\/07\/IMG_7954-768x761.jpeg 768w, https:\/\/mediavoxmagazine.it\/wp-content\/uploads\/2025\/07\/IMG_7954.jpeg 1179w\" sizes=\"auto, (max-width: 1024px) 100vw, 1024px\" \/><\/figure>\n\n\n\n<p class=\"wp-block-paragraph\">Leggera, capiente, elegante. La Tote Bag White Fest ti accompagna tra un mercato estivo e un tramonto al mare, raccontando chi sei con semplicit\u00e0 e stile. Perch\u00e9 ogni giorno pu\u00f2 contenere un frammento del festival, ovunque tu vada.<\/p>\n","protected":false},"excerpt":{"rendered":"<div class=\"mh-excerpt\"><p>Il White Fest #ilfestivaldell\u2019orobianco \u00e8 sempre stato pi\u00f9 di un semplice evento\u2026 Infatti quest\u2019anno si trasforma in un\u2019esperienza da vivere e da portare con s\u00e9! <a class=\"mh-excerpt-more\" href=\"https:\/\/mediavoxmagazine.it\/?p=39352\" title=\"Porta con te la magia del White Fest con il merchandising esclusivo dedicato al festival dell\u2019oro bianco!\">[&#8230;]<\/a><\/p>\n<\/div>","protected":false},"author":60,"featured_media":39419,"comment_status":"closed","ping_status":"closed","sticky":false,"template":"","format":"standard","meta":{"footnotes":""},"categories":[1],"tags":[624,968,239,967],"class_list":["post-39352","post","type-post","status-publish","format-standard","has-post-thumbnail","hentry","category-uncategorized","tag-eventi","tag-gadget","tag-tradizioni","tag-white-fest"],"_links":{"self":[{"href":"https:\/\/mediavoxmagazine.it\/index.php?rest_route=\/wp\/v2\/posts\/39352","targetHints":{"allow":["GET"]}}],"collection":[{"href":"https:\/\/mediavoxmagazine.it\/index.php?rest_route=\/wp\/v2\/posts"}],"about":[{"href":"https:\/\/mediavoxmagazine.it\/index.php?rest_route=\/wp\/v2\/types\/post"}],"author":[{"embeddable":true,"href":"https:\/\/mediavoxmagazine.it\/index.php?rest_route=\/wp\/v2\/users\/60"}],"replies":[{"embeddable":true,"href":"https:\/\/mediavoxmagazine.it\/index.php?rest_route=%2Fwp%2Fv2%2Fcomments&post=39352"}],"version-history":[{"count":14,"href":"https:\/\/mediavoxmagazine.it\/index.php?rest_route=\/wp\/v2\/posts\/39352\/revisions"}],"predecessor-version":[{"id":39441,"href":"https:\/\/mediavoxmagazine.it\/index.php?rest_route=\/wp\/v2\/posts\/39352\/revisions\/39441"}],"wp:featuredmedia":[{"embeddable":true,"href":"https:\/\/mediavoxmagazine.it\/index.php?rest_route=\/wp\/v2\/media\/39419"}],"wp:attachment":[{"href":"https:\/\/mediavoxmagazine.it\/index.php?rest_route=%2Fwp%2Fv2%2Fmedia&parent=39352"}],"wp:term":[{"taxonomy":"category","embeddable":true,"href":"https:\/\/mediavoxmagazine.it\/index.php?rest_route=%2Fwp%2Fv2%2Fcategories&post=39352"},{"taxonomy":"post_tag","embeddable":true,"href":"https:\/\/mediavoxmagazine.it\/index.php?rest_route=%2Fwp%2Fv2%2Ftags&post=39352"}],"curies":[{"name":"wp","href":"https:\/\/api.w.org\/{rel}","templated":true}]}}