{"id":39519,"date":"2025-07-15T11:29:47","date_gmt":"2025-07-15T10:29:47","guid":{"rendered":"https:\/\/mediavoxmagazine.it\/?p=39519"},"modified":"2025-07-15T11:31:43","modified_gmt":"2025-07-15T10:31:43","slug":"la-bellezza-che-rinasce-larte-viva-di-manu-squillante-tra-musica-poesia-e-sguardo","status":"publish","type":"post","link":"https:\/\/mediavoxmagazine.it\/?p=39519","title":{"rendered":"La bellezza che rinasce: l\u2019arte viva di Man\u00f9 Squillante tra musica, poesia e sguardo"},"content":{"rendered":"\n<p class=\"wp-block-paragraph\">C\u2019\u00e8 una linea sottile e luminosa che collega la musica alla memoria, il canto all\u2019anima, la parola all\u2019amore. \u00c8 su questa linea che si muove&nbsp;<strong>Man\u00f9 Squillante<\/strong>, cantautore, poeta e performer originario di&nbsp;<strong>Salerno<\/strong>, che con&nbsp;<strong>\u201cTra la mano, l\u2019occhio e il cuore\u201d&nbsp;<\/strong>d\u00e0 voce a un progetto musicale e visivo di straordinaria intensit\u00e0 emotiva.<\/p>\n\n\n\n<p class=\"wp-block-paragraph\">Disponibile dall\u2019<strong>11 luglio 2025<\/strong>&nbsp;sulle piattaforme digitali e in rotazione radiofonica, il brano \u00e8 il cuore pulsante dell\u2019omonimo&nbsp;<strong>maxi-single<\/strong>&nbsp;e racchiude la poetica di un artista che ha scelto di essere nudo, essenziale, autentico. In un impianto sonoro acustico e caldo,&nbsp;<strong>Squillante<\/strong>&nbsp;racconta la possibilit\u00e0 di rinascere attraverso lo sguardo: come un luogo dell\u2019anima che, visitato di nuovo, appare diverso se lo si guarda con altri occhi, con un amore nuovo.<\/p>\n\n\n\n<p class=\"wp-block-paragraph\">Il videoclip diretto da&nbsp;<strong>Luca Landi<\/strong>, girato su una spiaggia con un divano simbolico posato sulla sabbia, \u00e8 un\u2019opera d\u2019arte sospesa tra&nbsp;<strong>Magritte e il Mediterraneo<\/strong>, tra sogno e intimit\u00e0. Con&nbsp;<strong>\u201cAlma\u201d<\/strong>,&nbsp;<strong>\u201cPiccole quote d\u2019amore\u201d<\/strong>&nbsp;e il nuovo libro&nbsp;<strong>\u201cTrentatr\u00e9 pensieri andarono al vento\u201d<\/strong>,&nbsp;<strong>Man\u00f9 Squillante<\/strong>&nbsp;conferma una visione d\u2019autore che abbraccia musica, poesia e teatro come linguaggi della libert\u00e0.<\/p>\n\n\n\n<figure class=\"wp-block-image size-full\"><img loading=\"lazy\" decoding=\"async\" width=\"600\" height=\"600\" src=\"https:\/\/mediavoxmagazine.it\/wp-content\/uploads\/2025\/07\/IMG_8071.png\" alt=\"\" class=\"wp-image-39520\" srcset=\"https:\/\/mediavoxmagazine.it\/wp-content\/uploads\/2025\/07\/IMG_8071.png 600w, https:\/\/mediavoxmagazine.it\/wp-content\/uploads\/2025\/07\/IMG_8071-300x300.png 300w, https:\/\/mediavoxmagazine.it\/wp-content\/uploads\/2025\/07\/IMG_8071-150x150.png 150w\" sizes=\"auto, (max-width: 600px) 100vw, 600px\" \/><\/figure>\n\n\n\n<p class=\"wp-block-paragraph\"><strong>MediaVox Magazine<\/strong>&nbsp;ha avuto il piacere di intervistarlo, per entrare nel cuore di questo progetto delicato e coraggioso.<\/p>\n\n\n\n<p class=\"wp-block-paragraph\"><strong><mark style=\"background-color:#ffffff\" class=\"has-inline-color has-luminous-vivid-orange-color\">L\u2019INTERVISTA<\/mark><\/strong><\/p>\n\n\n\n<p class=\"wp-block-paragraph\"><strong>\u201cTra la mano, l\u2019occhio e il cuore \u00e8 un titolo che sembra contenere gi\u00e0 un\u2019intera visione artistica. Da dove nasce questa immagine e che cosa rappresenta per te nel rapporto tra autore, canzone e ascoltatore?<\/strong>&nbsp;<em>\u00c8 un titolo che sento profondamente mio, perch\u00e9 racchiude l\u2019essenza stessa del mio modo di creare e vivere la musica. L\u2019immagine nasce anche da un incontro, da una suggestione poetica di Livia Candiani, una poetessa che amo molto e che spesso richiama, nei suoi versi, la mano, gli occhi e il cuore come strumenti di scoperta del mondo. Ho sentito che queste tre parole, messe in fila, custodivano qualcosa di ancestrale ma anche estremamente contemporaneo: la mano che scrive e suona, l\u2019occhio che guarda e immagina, il cuore che sente e custodisce.<\/em> <em>Per me, questo titolo rappresenta una sorta di evoluzione del mio percorso musicale. \u00c8 come se la scrittura, in questo momento, avesse preso una nuova direzione: pi\u00f9 essenziale, pi\u00f9 consapevole. E credo che anche per chi ascolta ci sia un invito a rallentare, ad abitare le parole, a guardare la canzone come si guarda un paesaggio familiare, ma con occhi nuovi.<\/em><\/p>\n\n\n\n<p class=\"wp-block-paragraph\"><strong>Il brano gioca con l\u2019idea che anche ci\u00f2 che suona familiare possa rinascere attraverso uno sguardo diverso. In un tempo in cui tutto cerca di essere originale, che cosa significa per te accogliere l\u2019eco del gi\u00e0 sentito e farne qualcosa di nuovo?<\/strong>&nbsp;<em>Viviamo in un tempo affollato, saturo. Ogni giorno escono centinaia di nuovi brani, e spesso si confonde la quantit\u00e0 con la profondit\u00e0. L\u2019originalit\u00e0, oggi, \u00e8 diventata quasi una corsa, ma io credo che la vera novit\u00e0 risieda nello sguardo. Non mi spaventa il \u201cgi\u00e0 sentito\u201d. Al contrario: credo che la bellezza possa risorgere anche da armonie antiche, se vissute con sincerit\u00e0 e con un sentimento autentico. Il problema non \u00e8 la somiglianza, ma la superficialit\u00e0. La categoria dell\u2019artista va protetta, oggi pi\u00f9 che mai. In un mondo in cui l\u2019accesso alla produzione musicale \u00e8 diventato semplice e immediato, per certi versi \u00e8 una ricchezza democratica ma fondamentale per\u00f2 bisogna distinguere chi fa arte per vocazione da chi si limita a replicare formule. L\u2019arte vera nasce da un\u2019urgenza interiore, non da un algoritmo.<\/em><\/p>\n\n\n\n<p class=\"wp-block-paragraph\"><strong>Il videoclip, diretto da Luca Landi, \u00e8 un\u2019opera sospesa tra pittura e racconto, con richiami evidenti a Magritte. Come hai costruito questa narrazione visiva e che ruolo ha l\u2019immagine nel tuo processo creativo<em>?<\/em><\/strong><em> L\u2019immagine per me \u00e8 tutto. Vengo dal teatro, e per questo quando scrivo canzoni, vedo prima scene, ambienti, volti. Ogni parola, ogni nota \u00e8 come un gesto sul palcoscenico. Il videoclip di \u201cTra la mano, l\u2019occhio e il cuore\u201d \u00e8 nato con questa idea: raccontare qualcosa che fosse semplice ma carico di significati, quasi una tela sospesa tra sogno e verit\u00e0. Il divano sulla spiaggia \u00e8 un simbolo. \u00c8 il nostro salotto emotivo che si apre al mondo, un luogo intimo messo a nudo di fronte al mare. Gli elementi ispirati a Magritte \u2013 le maschere, la sospensione, l\u2019enigma \u2013 ci ricordano che ogni immagine \u00e8 anche illusione, domanda, attesa.<\/em> <em>Mi piace che ci sia curiosit\u00e0 nello spettatore, che si senta attratto da qualcosa che non pu\u00f2 del tutto spiegare. \u00c8 l\u00ec che, per me, l\u2019arte diventa viva: quando non ti d\u00e0 tutte le risposte, ma ti invita a restare.<\/em><\/p>\n\n\n\n<p class=\"wp-block-paragraph\"><strong>\u201cTra la mano, l\u2019occhio e il cuore\u201d \u00e8 anche il titolo dell\u2019Extended Play che contiene \u201cAlma\u201d e \u201cPiccole quote d\u2019amore\u201d. Tre canzoni, tre stagioni della tua scrittura. Che cosa le unisce e che cosa raccontano oggi di te come uomo e artista?<\/strong>&nbsp;<em>Sono brani nati in momenti diversi, ma che oggi sento come tappe ravvicinate di una stessa traiettoria emotiva. Alma \u00e8 forse il brano pi\u00f9 nostalgico, \u00e8 l\u2019eco di un amore che non si compie, ma che resta. Piccole quote d\u2019amore \u00e8 la mia scrittura pi\u00f9 quotidiana, intima, \u00e8 una dichiarazione d\u2019amore ai dettagli, ai gesti silenziosi che tengono in piedi un legame. \u201cTra la mano, l\u2019occhio e il cuore\u201d \u00e8 il brano pi\u00f9 consapevole, quello che sintetizza la mia visione attuale. Oggi sento che, sia il mio percorso artistico sia il mio percorso umano, si muovono tra tempo, amore e caos, ma con una chiarezza nuova. Non ho la pretesa di avere risposte, ma ho imparato ad abitare meglio le mie domande. E questo lavoro musicale racconta proprio questo: un artista che non cerca di arrivare, ma di restare fedele a s\u00e9 stesso, fedele e vero, tra la parola e la musica.<\/em><\/p>\n","protected":false},"excerpt":{"rendered":"<div class=\"mh-excerpt\"><p>C\u2019\u00e8 una linea sottile e luminosa che collega la musica alla memoria, il canto all\u2019anima, la parola all\u2019amore. \u00c8 su questa linea che si muove&nbsp;Man\u00f9 <a class=\"mh-excerpt-more\" href=\"https:\/\/mediavoxmagazine.it\/?p=39519\" title=\"La bellezza che rinasce: l\u2019arte viva di Man\u00f9 Squillante tra musica, poesia e sguardo\">[&#8230;]<\/a><\/p>\n<\/div>","protected":false},"author":60,"featured_media":39524,"comment_status":"closed","ping_status":"closed","sticky":false,"template":"","format":"standard","meta":{"footnotes":""},"categories":[1],"tags":[979,23],"class_list":["post-39519","post","type-post","status-publish","format-standard","has-post-thumbnail","hentry","category-uncategorized","tag-manu-squillante","tag-musica"],"_links":{"self":[{"href":"https:\/\/mediavoxmagazine.it\/index.php?rest_route=\/wp\/v2\/posts\/39519","targetHints":{"allow":["GET"]}}],"collection":[{"href":"https:\/\/mediavoxmagazine.it\/index.php?rest_route=\/wp\/v2\/posts"}],"about":[{"href":"https:\/\/mediavoxmagazine.it\/index.php?rest_route=\/wp\/v2\/types\/post"}],"author":[{"embeddable":true,"href":"https:\/\/mediavoxmagazine.it\/index.php?rest_route=\/wp\/v2\/users\/60"}],"replies":[{"embeddable":true,"href":"https:\/\/mediavoxmagazine.it\/index.php?rest_route=%2Fwp%2Fv2%2Fcomments&post=39519"}],"version-history":[{"count":4,"href":"https:\/\/mediavoxmagazine.it\/index.php?rest_route=\/wp\/v2\/posts\/39519\/revisions"}],"predecessor-version":[{"id":39527,"href":"https:\/\/mediavoxmagazine.it\/index.php?rest_route=\/wp\/v2\/posts\/39519\/revisions\/39527"}],"wp:featuredmedia":[{"embeddable":true,"href":"https:\/\/mediavoxmagazine.it\/index.php?rest_route=\/wp\/v2\/media\/39524"}],"wp:attachment":[{"href":"https:\/\/mediavoxmagazine.it\/index.php?rest_route=%2Fwp%2Fv2%2Fmedia&parent=39519"}],"wp:term":[{"taxonomy":"category","embeddable":true,"href":"https:\/\/mediavoxmagazine.it\/index.php?rest_route=%2Fwp%2Fv2%2Fcategories&post=39519"},{"taxonomy":"post_tag","embeddable":true,"href":"https:\/\/mediavoxmagazine.it\/index.php?rest_route=%2Fwp%2Fv2%2Ftags&post=39519"}],"curies":[{"name":"wp","href":"https:\/\/api.w.org\/{rel}","templated":true}]}}