{"id":39975,"date":"2025-09-02T17:50:19","date_gmt":"2025-09-02T16:50:19","guid":{"rendered":"https:\/\/mediavoxmagazine.it\/?p=39975"},"modified":"2025-09-02T17:55:14","modified_gmt":"2025-09-02T16:55:14","slug":"festa-dei-gigli-a-brusciano-il-premio-giglio-gentile","status":"publish","type":"post","link":"https:\/\/mediavoxmagazine.it\/?p=39975","title":{"rendered":"Festa dei Gigli: a Brusciano il \u201cPremio Giglio Gentile\u201d"},"content":{"rendered":"\n<p class=\"wp-block-paragraph\"><strong><mark style=\"background-color:#ffffff\" class=\"has-inline-color has-vivid-red-color\">Un riconoscimento che celebra valori, impegno e comunit\u00e0<\/mark><\/strong><\/p>\n\n\n\n<p class=\"wp-block-paragraph\"><strong>Brusciano<\/strong> ha celebrato la sua secolare tradizione con la&nbsp;<strong>Festa dei Gigli in onore di Sant\u2019Antonio di Padova<\/strong>, che quest\u2019anno ha visto un momento speciale: la consegna del&nbsp;<strong>Premio Giglio Gentile<\/strong>, dedicato a personalit\u00e0 che si distinguono per impegno civile, sociale, culturale e umano.<\/p>\n\n\n\n<p class=\"wp-block-paragraph\">Il riconoscimento, assegnato il 1\u00b0 settembre in&nbsp;<strong>Piazza XI Settembre<\/strong>, \u00e8 stato accompagnato dallo spettacolo di danza aerea dell\u2019<strong>Aerial Art Studio<\/strong>&nbsp;e dalla partecipazione di un pubblico numeroso.<\/p>\n\n\n\n<figure class=\"wp-block-image size-full\"><img loading=\"lazy\" decoding=\"async\" width=\"1128\" height=\"1600\" src=\"https:\/\/mediavoxmagazine.it\/wp-content\/uploads\/2025\/09\/IMG_9293-1.jpeg\" alt=\"\" class=\"wp-image-39984\" srcset=\"https:\/\/mediavoxmagazine.it\/wp-content\/uploads\/2025\/09\/IMG_9293-1.jpeg 1128w, https:\/\/mediavoxmagazine.it\/wp-content\/uploads\/2025\/09\/IMG_9293-1-212x300.jpeg 212w, https:\/\/mediavoxmagazine.it\/wp-content\/uploads\/2025\/09\/IMG_9293-1-722x1024.jpeg 722w, https:\/\/mediavoxmagazine.it\/wp-content\/uploads\/2025\/09\/IMG_9293-1-768x1089.jpeg 768w, https:\/\/mediavoxmagazine.it\/wp-content\/uploads\/2025\/09\/IMG_9293-1-1083x1536.jpeg 1083w\" sizes=\"auto, (max-width: 1128px) 100vw, 1128px\" \/><\/figure>\n\n\n\n<p class=\"wp-block-paragraph\"><\/p>\n\n\n\n<p class=\"wp-block-paragraph\">I premiati dell\u2019edizione 2025:<\/p>\n\n\n\n<p class=\"wp-block-paragraph\">\u2022 <strong>Prof. Paolo Ascierto<\/strong>, ricercatore Pascale<\/p>\n\n\n\n<p class=\"wp-block-paragraph\">\u2022 <strong>Fabio Postiglione<\/strong>, giornalista (alla memoria)<\/p>\n\n\n\n<p class=\"wp-block-paragraph\">\u2022 <strong>On. Chiara Colosimo<\/strong>, presidente commissione Antimafia alla Camera<\/p>\n\n\n\n<p class=\"wp-block-paragraph\">\u2022 <strong>Giovanni Galano<\/strong>, Garante diritto Infanzia e adolescenza<\/p>\n\n\n\n<p class=\"wp-block-paragraph\">\u2022 <strong>Michele Mario Conte<\/strong>, Carabinieri Brigadiere capo<\/p>\n\n\n\n<p class=\"wp-block-paragraph\">\u2022 <strong>Dario D\u2019Ambrosio<\/strong>, Appuntato scelto qualifica speciale<\/p>\n\n\n\n<p class=\"wp-block-paragraph\">\u2022 <strong>Maria Cacciapuoti<\/strong>, ricercatrice<\/p>\n\n\n\n<p class=\"wp-block-paragraph\">\u2022 <strong>Carmen Navarro<\/strong>, cantautrice<\/p>\n\n\n\n<p class=\"wp-block-paragraph\">\u2022 <strong>Rosa Granato<\/strong>, campionessa mondiale di ballo<\/p>\n\n\n\n<p class=\"wp-block-paragraph\">\u2022 <strong>Francesco Pacelli<\/strong>, attore<\/p>\n\n\n\n<p class=\"wp-block-paragraph\">\u2022 <strong>Vincenzo Riccio<\/strong>, allenatore di calcio ed ex calciatore<\/p>\n\n\n\n<p class=\"wp-block-paragraph\">\u2022 Squadra di nuoto&nbsp;<strong>Cuffie Vesuviane AQAVION<\/strong><\/p>\n\n\n\n<p class=\"wp-block-paragraph\">Accanto ai premiati, le parole di\u00a0<strong>Anna Vitiello<\/strong>, Ambasciatrice di\u00a0<strong>Costruiamo Gentilezza<\/strong>, hanno aggiunto un valore emozionale alla serata: \u00ab<em>Lo dedico a tutti coloro che sognano e sperano di cambiare il mondo. A piccoli passi, con gesti gentili e concreti, non con parole astratte<\/em>\u00bb.<\/p>\n\n\n\n<figure class=\"wp-block-gallery has-nested-images columns-default is-cropped wp-block-gallery-1 is-layout-flex wp-block-gallery-is-layout-flex\">\n<figure class=\"wp-block-image size-large\"><img loading=\"lazy\" decoding=\"async\" width=\"743\" height=\"1024\" data-id=\"39978\" src=\"https:\/\/mediavoxmagazine.it\/wp-content\/uploads\/2025\/09\/IMG_9296-743x1024.jpeg\" alt=\"\" class=\"wp-image-39978\" srcset=\"https:\/\/mediavoxmagazine.it\/wp-content\/uploads\/2025\/09\/IMG_9296-743x1024.jpeg 743w, https:\/\/mediavoxmagazine.it\/wp-content\/uploads\/2025\/09\/IMG_9296-218x300.jpeg 218w, https:\/\/mediavoxmagazine.it\/wp-content\/uploads\/2025\/09\/IMG_9296-768x1059.jpeg 768w, https:\/\/mediavoxmagazine.it\/wp-content\/uploads\/2025\/09\/IMG_9296.jpeg 805w\" sizes=\"auto, (max-width: 743px) 100vw, 743px\" \/><\/figure>\n\n\n\n<figure class=\"wp-block-image size-large\"><img loading=\"lazy\" decoding=\"async\" width=\"832\" height=\"1024\" data-id=\"39979\" src=\"https:\/\/mediavoxmagazine.it\/wp-content\/uploads\/2025\/09\/IMG_9297-832x1024.jpeg\" alt=\"\" class=\"wp-image-39979\" srcset=\"https:\/\/mediavoxmagazine.it\/wp-content\/uploads\/2025\/09\/IMG_9297-832x1024.jpeg 832w, https:\/\/mediavoxmagazine.it\/wp-content\/uploads\/2025\/09\/IMG_9297-244x300.jpeg 244w, https:\/\/mediavoxmagazine.it\/wp-content\/uploads\/2025\/09\/IMG_9297-768x945.jpeg 768w, https:\/\/mediavoxmagazine.it\/wp-content\/uploads\/2025\/09\/IMG_9297.jpeg 1053w\" sizes=\"auto, (max-width: 832px) 100vw, 832px\" \/><\/figure>\n<\/figure>\n\n\n\n<p class=\"wp-block-paragraph\">Il\u00a0<strong>Giglio Gentile<\/strong>, istituito quest\u2019anno, vuole essere un segno di quanto la gentilezza sia indispensabile per una societ\u00e0 pi\u00f9 inclusiva e umana, capace di offrire opportunit\u00e0 di crescita a tutti. <strong>Brusciano<\/strong>, ancora una volta, si conferma esempio virtuoso di comunit\u00e0 che mette la bellezza e la solidariet\u00e0 al centro del proprio futuro.<\/p>\n\n\n\n<figure class=\"wp-block-image size-full\"><img loading=\"lazy\" decoding=\"async\" width=\"752\" height=\"1020\" src=\"https:\/\/mediavoxmagazine.it\/wp-content\/uploads\/2025\/09\/IMG_9295-1.jpeg\" alt=\"\" class=\"wp-image-39985\" srcset=\"https:\/\/mediavoxmagazine.it\/wp-content\/uploads\/2025\/09\/IMG_9295-1.jpeg 752w, https:\/\/mediavoxmagazine.it\/wp-content\/uploads\/2025\/09\/IMG_9295-1-221x300.jpeg 221w\" sizes=\"auto, (max-width: 752px) 100vw, 752px\" \/><\/figure>\n\n\n\n<p class=\"wp-block-paragraph\"><\/p>\n\n\n\n<p class=\"wp-block-paragraph\"><\/p>\n\n\n\n<p class=\"wp-block-paragraph\"><\/p>\n\n\n\n<p class=\"wp-block-paragraph\"><\/p>\n\n\n\n<p class=\"wp-block-paragraph\"><\/p>\n","protected":false},"excerpt":{"rendered":"<div class=\"mh-excerpt\"><p>Un riconoscimento che celebra valori, impegno e comunit\u00e0 Brusciano ha celebrato la sua secolare tradizione con la&nbsp;Festa dei Gigli in onore di Sant\u2019Antonio di Padova, <a class=\"mh-excerpt-more\" href=\"https:\/\/mediavoxmagazine.it\/?p=39975\" title=\"Festa dei Gigli: a Brusciano il \u201cPremio Giglio Gentile\u201d\">[&#8230;]<\/a><\/p>\n<\/div>","protected":false},"author":60,"featured_media":39980,"comment_status":"closed","ping_status":"closed","sticky":false,"template":"","format":"standard","meta":{"footnotes":""},"categories":[16,1],"tags":[983],"class_list":["post-39975","post","type-post","status-publish","format-standard","has-post-thumbnail","hentry","category-cultura-e-arte","category-uncategorized","tag-anna-vitiello"],"_links":{"self":[{"href":"https:\/\/mediavoxmagazine.it\/index.php?rest_route=\/wp\/v2\/posts\/39975","targetHints":{"allow":["GET"]}}],"collection":[{"href":"https:\/\/mediavoxmagazine.it\/index.php?rest_route=\/wp\/v2\/posts"}],"about":[{"href":"https:\/\/mediavoxmagazine.it\/index.php?rest_route=\/wp\/v2\/types\/post"}],"author":[{"embeddable":true,"href":"https:\/\/mediavoxmagazine.it\/index.php?rest_route=\/wp\/v2\/users\/60"}],"replies":[{"embeddable":true,"href":"https:\/\/mediavoxmagazine.it\/index.php?rest_route=%2Fwp%2Fv2%2Fcomments&post=39975"}],"version-history":[{"count":4,"href":"https:\/\/mediavoxmagazine.it\/index.php?rest_route=\/wp\/v2\/posts\/39975\/revisions"}],"predecessor-version":[{"id":39986,"href":"https:\/\/mediavoxmagazine.it\/index.php?rest_route=\/wp\/v2\/posts\/39975\/revisions\/39986"}],"wp:featuredmedia":[{"embeddable":true,"href":"https:\/\/mediavoxmagazine.it\/index.php?rest_route=\/wp\/v2\/media\/39980"}],"wp:attachment":[{"href":"https:\/\/mediavoxmagazine.it\/index.php?rest_route=%2Fwp%2Fv2%2Fmedia&parent=39975"}],"wp:term":[{"taxonomy":"category","embeddable":true,"href":"https:\/\/mediavoxmagazine.it\/index.php?rest_route=%2Fwp%2Fv2%2Fcategories&post=39975"},{"taxonomy":"post_tag","embeddable":true,"href":"https:\/\/mediavoxmagazine.it\/index.php?rest_route=%2Fwp%2Fv2%2Ftags&post=39975"}],"curies":[{"name":"wp","href":"https:\/\/api.w.org\/{rel}","templated":true}]}}