{"id":40380,"date":"2025-10-09T15:27:27","date_gmt":"2025-10-09T14:27:27","guid":{"rendered":"https:\/\/mediavoxmagazine.it\/?p=40380"},"modified":"2025-10-09T16:38:36","modified_gmt":"2025-10-09T15:38:36","slug":"ventanni-di-passione-e-motori-il-126-club-italia-celebra-la-sua-storia-a-sarno","status":"publish","type":"post","link":"https:\/\/mediavoxmagazine.it\/?p=40380","title":{"rendered":"Vent\u2019anni di passione e motori: il 126 Club Italia celebra la sua storia a Sarno"},"content":{"rendered":"\n<p class=\"wp-block-paragraph\">Ci sono passioni che non invecchiano, motori che non si spengono e storie che continuano a correre nel tempo come se fossero appena partite.<\/p>\n\n\n\n<p class=\"wp-block-paragraph\">\u00c8 la storia della&nbsp;<strong>Fiat 126<\/strong>, simbolo di semplicit\u00e0, libert\u00e0 e appartenenza. E di chi, da vent\u2019anni, ne custodisce l\u2019anima con orgoglio, dedizione e spirito di comunit\u00e0.<\/p>\n\n\n\n<p class=\"wp-block-paragraph\">Nel&nbsp;<strong>2025<\/strong>, il&nbsp;<strong>126 Club Italia<\/strong>&nbsp;celebra il suo&nbsp;<strong>20\u00b0 anniversario di fondazione<\/strong>, un traguardo che non profuma soltanto di memoria, ma anche di futuro.<\/p>\n\n\n\n<p class=\"wp-block-paragraph\">Un\u2019occasione per rinnovare l\u2019impegno del Club nel preservare il valore storico e culturale di una delle vetture pi\u00f9 amate del nostro Paese.<\/p>\n\n\n\n<p class=\"wp-block-paragraph\">Fondato nel&nbsp;<strong>2005<\/strong>&nbsp;e oggi riconosciuto da&nbsp;<strong>FCA Heritage<\/strong>,&nbsp;<strong>Registro Italiano Veicoli Storici Affiliati<\/strong>&nbsp;e&nbsp;<strong>OPES Italia<\/strong>, il Club conta oltre&nbsp;<strong>500 soci-proprietari<\/strong>, accomunati da una stessa emozione: quella di mantenere viva la leggenda della piccola grande&nbsp;<strong>126<\/strong>.<\/p>\n\n\n\n<figure class=\"wp-block-image size-large\"><img loading=\"lazy\" decoding=\"async\" width=\"768\" height=\"1024\" src=\"https:\/\/mediavoxmagazine.it\/wp-content\/uploads\/2025\/10\/1a2d50b1-ac62-49d6-aac7-e4b943743614-768x1024.jpeg\" alt=\"\" class=\"wp-image-40382\" srcset=\"https:\/\/mediavoxmagazine.it\/wp-content\/uploads\/2025\/10\/1a2d50b1-ac62-49d6-aac7-e4b943743614-768x1024.jpeg 768w, https:\/\/mediavoxmagazine.it\/wp-content\/uploads\/2025\/10\/1a2d50b1-ac62-49d6-aac7-e4b943743614-225x300.jpeg 225w, https:\/\/mediavoxmagazine.it\/wp-content\/uploads\/2025\/10\/1a2d50b1-ac62-49d6-aac7-e4b943743614-1152x1536.jpeg 1152w, https:\/\/mediavoxmagazine.it\/wp-content\/uploads\/2025\/10\/1a2d50b1-ac62-49d6-aac7-e4b943743614.jpeg 1200w\" sizes=\"auto, (max-width: 768px) 100vw, 768px\" \/><\/figure>\n\n\n\n<p class=\"wp-block-paragraph\">Nato con l\u2019intento di proteggere un\u2019icona spesso rimasta in ombra rispetto alla pi\u00f9 celebre \u201csorella\u201d&nbsp;<strong>500<\/strong>, il&nbsp;<strong>126 Club Italia<\/strong>&nbsp;ha saputo trasformare la nostalgia in movimento, la passione in comunit\u00e0, la meccanica in cultura.<\/p>\n\n\n\n<p class=\"wp-block-paragraph\">Dalla sua sede di&nbsp;<strong>Sarno<\/strong>, cuore pulsante di iniziative, restauri e raduni, continua a promuovere una visione in cui l\u2019automobile non \u00e8 solo un mezzo, ma un simbolo di identit\u00e0 collettiva e di storia italiana su quattro ruote.<\/p>\n\n\n\n<p class=\"wp-block-paragraph\"><strong>Domenica 12 ottobre<\/strong>, Sarno diventer\u00e0 teatro del\u00a0<strong>4\u00b0 Raduno Auto, Moto e Vespa \u2013 Memorial Caiazza Rosario<\/strong>, un evento che unisce memoria e festa, dedicato a chi crede che i motori possano ancora raccontare emozioni autentiche.<\/p>\n\n\n\n<figure class=\"wp-block-image size-large\"><img loading=\"lazy\" decoding=\"async\" width=\"1024\" height=\"768\" src=\"https:\/\/mediavoxmagazine.it\/wp-content\/uploads\/2025\/10\/6133176f-6079-4dac-9dc9-755f1865165b-1-1024x768.jpeg\" alt=\"\" class=\"wp-image-40388\" srcset=\"https:\/\/mediavoxmagazine.it\/wp-content\/uploads\/2025\/10\/6133176f-6079-4dac-9dc9-755f1865165b-1-1024x768.jpeg 1024w, https:\/\/mediavoxmagazine.it\/wp-content\/uploads\/2025\/10\/6133176f-6079-4dac-9dc9-755f1865165b-1-300x225.jpeg 300w, https:\/\/mediavoxmagazine.it\/wp-content\/uploads\/2025\/10\/6133176f-6079-4dac-9dc9-755f1865165b-1-768x576.jpeg 768w, https:\/\/mediavoxmagazine.it\/wp-content\/uploads\/2025\/10\/6133176f-6079-4dac-9dc9-755f1865165b-1-1536x1152.jpeg 1536w, https:\/\/mediavoxmagazine.it\/wp-content\/uploads\/2025\/10\/6133176f-6079-4dac-9dc9-755f1865165b-1-678x509.jpeg 678w, https:\/\/mediavoxmagazine.it\/wp-content\/uploads\/2025\/10\/6133176f-6079-4dac-9dc9-755f1865165b-1-326x245.jpeg 326w, https:\/\/mediavoxmagazine.it\/wp-content\/uploads\/2025\/10\/6133176f-6079-4dac-9dc9-755f1865165b-1-80x60.jpeg 80w, https:\/\/mediavoxmagazine.it\/wp-content\/uploads\/2025\/10\/6133176f-6079-4dac-9dc9-755f1865165b-1.jpeg 2048w\" sizes=\"auto, (max-width: 1024px) 100vw, 1024px\" \/><\/figure>\n\n\n\n<p class=\"wp-block-paragraph\">La partecipazione sar\u00e0 gratuita e la giornata si aprir\u00e0 con l\u2019accoglienza presso il&nbsp;<strong>Mercatino Rionale<\/strong>, la&nbsp;<strong>benedizione dei veicoli<\/strong>&nbsp;e i&nbsp;<strong>saluti istituzionali<\/strong>, seguiti da momenti di spettacolo, sfilate, musica e dalla premiazione del&nbsp;<strong>Concorso Premio Romy<\/strong>.<\/p>\n\n\n\n<p class=\"wp-block-paragraph\">Tra gli ospiti, anche&nbsp;<strong>SuperCar KITT<\/strong>, la mascotte di&nbsp;<strong>Romantica Radio<\/strong>,&nbsp;<strong>TroppFun Radio<\/strong>, il DJ&nbsp;<strong>Lucio Belmonte<\/strong>, e partner come&nbsp;<strong>Team Nervoso Events<\/strong>,&nbsp;<strong>La Filanda<\/strong>,&nbsp;<strong>Gianni Mazzeo Videomaker<\/strong>,&nbsp;<strong>Chopper Pappacena<\/strong>, con la presenza straordinaria di&nbsp;<strong>Luca Sepe<\/strong>.<\/p>\n\n\n\n<p class=\"wp-block-paragraph\">Un intreccio di passioni, arte e amicizia che culminer\u00e0 nel&nbsp;<strong>pranzo conviviale presso Acquedotto 43<\/strong>, sigillo di una giornata capace di unire generazioni e ricordi.<\/p>\n\n\n\n<p class=\"wp-block-paragraph\">Sar\u00e0 un viaggio tra passato e presente, tra memoria e futuro, che racconta non solo la storia di un\u2019auto, ma quella di un\u2019Italia che continua a credere nel valore della passione, dell\u2019incontro e della bellezza delle cose vere.<\/p>\n\n\n\n<figure class=\"wp-block-gallery has-nested-images columns-default is-cropped wp-block-gallery-1 is-layout-flex wp-block-gallery-is-layout-flex\">\n<figure class=\"wp-block-image size-large\"><img loading=\"lazy\" decoding=\"async\" width=\"768\" height=\"1024\" data-id=\"40384\" src=\"https:\/\/mediavoxmagazine.it\/wp-content\/uploads\/2025\/10\/91c9e3bd-0b87-4135-9e45-8a67307f36f9-768x1024.jpeg\" alt=\"\" class=\"wp-image-40384\" srcset=\"https:\/\/mediavoxmagazine.it\/wp-content\/uploads\/2025\/10\/91c9e3bd-0b87-4135-9e45-8a67307f36f9-768x1024.jpeg 768w, https:\/\/mediavoxmagazine.it\/wp-content\/uploads\/2025\/10\/91c9e3bd-0b87-4135-9e45-8a67307f36f9-225x300.jpeg 225w, https:\/\/mediavoxmagazine.it\/wp-content\/uploads\/2025\/10\/91c9e3bd-0b87-4135-9e45-8a67307f36f9-1152x1536.jpeg 1152w, https:\/\/mediavoxmagazine.it\/wp-content\/uploads\/2025\/10\/91c9e3bd-0b87-4135-9e45-8a67307f36f9.jpeg 1200w\" sizes=\"auto, (max-width: 768px) 100vw, 768px\" \/><\/figure>\n\n\n\n<figure class=\"wp-block-image size-large\"><img loading=\"lazy\" decoding=\"async\" width=\"1024\" height=\"771\" data-id=\"40385\" src=\"https:\/\/mediavoxmagazine.it\/wp-content\/uploads\/2025\/10\/857222d4-a206-4f20-a11a-f25745b866d1-1024x771.jpeg\" alt=\"\" class=\"wp-image-40385\" srcset=\"https:\/\/mediavoxmagazine.it\/wp-content\/uploads\/2025\/10\/857222d4-a206-4f20-a11a-f25745b866d1-1024x771.jpeg 1024w, https:\/\/mediavoxmagazine.it\/wp-content\/uploads\/2025\/10\/857222d4-a206-4f20-a11a-f25745b866d1-300x226.jpeg 300w, https:\/\/mediavoxmagazine.it\/wp-content\/uploads\/2025\/10\/857222d4-a206-4f20-a11a-f25745b866d1-768x578.jpeg 768w, https:\/\/mediavoxmagazine.it\/wp-content\/uploads\/2025\/10\/857222d4-a206-4f20-a11a-f25745b866d1-1536x1156.jpeg 1536w, https:\/\/mediavoxmagazine.it\/wp-content\/uploads\/2025\/10\/857222d4-a206-4f20-a11a-f25745b866d1-678x509.jpeg 678w, https:\/\/mediavoxmagazine.it\/wp-content\/uploads\/2025\/10\/857222d4-a206-4f20-a11a-f25745b866d1-326x245.jpeg 326w, https:\/\/mediavoxmagazine.it\/wp-content\/uploads\/2025\/10\/857222d4-a206-4f20-a11a-f25745b866d1-80x60.jpeg 80w, https:\/\/mediavoxmagazine.it\/wp-content\/uploads\/2025\/10\/857222d4-a206-4f20-a11a-f25745b866d1.jpeg 1600w\" sizes=\"auto, (max-width: 1024px) 100vw, 1024px\" \/><\/figure>\n\n\n\n<figure class=\"wp-block-image size-large\"><img loading=\"lazy\" decoding=\"async\" width=\"1024\" height=\"768\" data-id=\"40387\" src=\"https:\/\/mediavoxmagazine.it\/wp-content\/uploads\/2025\/10\/6133176f-6079-4dac-9dc9-755f1865165b-1024x768.jpeg\" alt=\"\" class=\"wp-image-40387\" srcset=\"https:\/\/mediavoxmagazine.it\/wp-content\/uploads\/2025\/10\/6133176f-6079-4dac-9dc9-755f1865165b-1024x768.jpeg 1024w, https:\/\/mediavoxmagazine.it\/wp-content\/uploads\/2025\/10\/6133176f-6079-4dac-9dc9-755f1865165b-300x225.jpeg 300w, https:\/\/mediavoxmagazine.it\/wp-content\/uploads\/2025\/10\/6133176f-6079-4dac-9dc9-755f1865165b-768x576.jpeg 768w, https:\/\/mediavoxmagazine.it\/wp-content\/uploads\/2025\/10\/6133176f-6079-4dac-9dc9-755f1865165b-1536x1152.jpeg 1536w, https:\/\/mediavoxmagazine.it\/wp-content\/uploads\/2025\/10\/6133176f-6079-4dac-9dc9-755f1865165b-678x509.jpeg 678w, https:\/\/mediavoxmagazine.it\/wp-content\/uploads\/2025\/10\/6133176f-6079-4dac-9dc9-755f1865165b-326x245.jpeg 326w, https:\/\/mediavoxmagazine.it\/wp-content\/uploads\/2025\/10\/6133176f-6079-4dac-9dc9-755f1865165b-80x60.jpeg 80w, https:\/\/mediavoxmagazine.it\/wp-content\/uploads\/2025\/10\/6133176f-6079-4dac-9dc9-755f1865165b.jpeg 2048w\" sizes=\"auto, (max-width: 1024px) 100vw, 1024px\" \/><\/figure>\n\n\n\n<figure class=\"wp-block-image size-large\"><img loading=\"lazy\" decoding=\"async\" width=\"1024\" height=\"768\" data-id=\"40386\" src=\"https:\/\/mediavoxmagazine.it\/wp-content\/uploads\/2025\/10\/60f3919d-9deb-4725-9252-a77842b6e899-1024x768.jpeg\" alt=\"\" class=\"wp-image-40386\" srcset=\"https:\/\/mediavoxmagazine.it\/wp-content\/uploads\/2025\/10\/60f3919d-9deb-4725-9252-a77842b6e899-1024x768.jpeg 1024w, https:\/\/mediavoxmagazine.it\/wp-content\/uploads\/2025\/10\/60f3919d-9deb-4725-9252-a77842b6e899-300x225.jpeg 300w, https:\/\/mediavoxmagazine.it\/wp-content\/uploads\/2025\/10\/60f3919d-9deb-4725-9252-a77842b6e899-768x576.jpeg 768w, https:\/\/mediavoxmagazine.it\/wp-content\/uploads\/2025\/10\/60f3919d-9deb-4725-9252-a77842b6e899-1536x1152.jpeg 1536w, https:\/\/mediavoxmagazine.it\/wp-content\/uploads\/2025\/10\/60f3919d-9deb-4725-9252-a77842b6e899-678x509.jpeg 678w, https:\/\/mediavoxmagazine.it\/wp-content\/uploads\/2025\/10\/60f3919d-9deb-4725-9252-a77842b6e899-326x245.jpeg 326w, https:\/\/mediavoxmagazine.it\/wp-content\/uploads\/2025\/10\/60f3919d-9deb-4725-9252-a77842b6e899-80x60.jpeg 80w, https:\/\/mediavoxmagazine.it\/wp-content\/uploads\/2025\/10\/60f3919d-9deb-4725-9252-a77842b6e899.jpeg 1600w\" sizes=\"auto, (max-width: 1024px) 100vw, 1024px\" \/><\/figure>\n<\/figure>\n\n\n\n<p class=\"wp-block-paragraph\">Per l\u2019occasione,&nbsp;<strong>MediaVox Magazine<\/strong>&nbsp;ha incontrato il presidente del Club,&nbsp;<strong>Cristian Caiazza<\/strong>, per raccogliere riflessioni, emozioni e prospettive su questo importante anniversario.<\/p>\n\n\n\n<p class=\"wp-block-paragraph\"><strong><mark style=\"background-color:#ffffff\" class=\"has-inline-color has-luminous-vivid-orange-color\">L\u2019INTERVISTA<\/mark><\/strong><\/p>\n\n\n\n<p class=\"wp-block-paragraph\"><strong>Presidente, vent\u2019anni di 126 Club Italia rappresentano non solo un traguardo ma una missione culturale. Che cosa ha significato per Lei custodire la memoria di questa vettura e vederla rinascere attraverso la passione dei soci?<\/strong>&nbsp;<em>\u00c8 un obiettivo che ci siamo prefissati fin dall\u2019inizio: salvaguardare un modello che ha fatto la storia dell\u2019automobilismo italiano. La 126 \u00e8 un\u2019icona, ma senza associazioni come la nostra rischierebbe di essere dimenticata. In questi anni abbiamo costruito una vera comunit\u00e0, non solo sui social ma anche nella vita reale, unita da un legame autentico con quest\u2019auto che molti definiscono \u201cla sorella della 500\u201d. \u00c8 proprio in questa sua semplicit\u00e0 che si nasconde il suo fascino pi\u00f9 vero.<\/em><\/p>\n\n\n\n<p class=\"wp-block-paragraph\"><strong>La Fiat 126 ha sempre rappresentato la tradizione e l\u2019estetica dell\u2019auto italiana. In un\u2019epoca dominata dalla tecnologia, che cosa resta ancora vivo di quel legame semplice e umano tra macchina e proprietario?<\/strong>&nbsp;<em>Le auto d\u2019epoca custodiscono ricordi, emozioni, frammenti di vita. Ogni vettura ha una storia da raccontare: viaggi, incontri, sogni. La 126, in particolare, era l\u2019auto di tutti, accessibile, sincera, capace di far provare la libert\u00e0 anche a chi non poteva permettersi grandi lussi. Ricordo un episodio emblematico: il fondatore del Club, mio padre, not\u00f2 un giorno il riflesso di un paraurti cromato spuntare da un vecchio pagliaio. L\u00ec trov\u00f2 una 126 coperta di polvere, ma ancora lucida di cera. Quell\u2019immagine lo colp\u00ec profondamente: fu la scintilla che lo spinse ad acquistarla, per poi fondare nel febbraio del 2005 il 126 Club Italia. Da allora, non ci siamo mai fermati\u2026 E speriamo di festeggiare anche i trent\u2019anni con lo stesso entusiasmo!<\/em><\/p>\n\n\n\n<p class=\"wp-block-paragraph\"><strong>Questo 4\u00b0 Raduno \u00e8 anche un omaggio alla figura di Rosario Caiazza. Quale valore umano e simbolico assume il Memorial all\u2019interno della comunit\u00e0 del Club?<\/strong>&nbsp;<em>Il Memorial dedicato a mio padre \u00e8 molto pi\u00f9 di un evento commemorativo: \u00e8 un atto d\u2019amore. Durante gli anni pi\u00f9 difficili, come quelli della pandemia, non abbiamo potuto celebrarlo come avremmo voluto. Quest\u2019anno, per\u00f2, abbiamo voluto unire la ventesima candelina del Club con l\u2019omaggio al suo fondatore. Rosario Caiazza \u00e8 stato il primo a credere in questo sogno, a intuire che dietro una semplice utilitaria poteva nascondersi una comunit\u00e0 di affetti, di amicizie, di valori condivisi. Oggi siamo un punto di riferimento per tanti appassionati, e il Memorial rappresenta il cuore pulsante della nostra storia.<\/em><\/p>\n\n\n\n<p class=\"wp-block-paragraph\"><strong>Guardando in prospettiva al futuro, quali sogni, obiettivi o sfide immagina per il 126 Club Italia e per le nuove generazioni di appassionati?<\/strong>&nbsp;<em>Abbiamo molti progetti in cantiere. Uno dei pi\u00f9 significativi \u00e8 la collaborazione con KeyStart23 e Compramionline.it, grazie alla quale stiamo creando una linea di merchandising ufficiale del Club: prodotti che raccontano la nostra identit\u00e0 e la portano oltre i confini italiani. L\u2019obiettivo \u00e8 far crescere il nome del 126 Club Italia, diffondere la nostra passione e trasformare questo simbolo in un emblema riconosciuto a livello internazionale. \u00c8 un onore rappresentare una storia cos\u00ec grande, e vogliamo che continui a vivere nelle mani e nei cuori delle nuove generazioni.<\/em><\/p>\n\n\n\n<figure class=\"wp-block-image size-large\"><img loading=\"lazy\" decoding=\"async\" width=\"582\" height=\"1024\" src=\"https:\/\/mediavoxmagazine.it\/wp-content\/uploads\/2025\/10\/IMG_0153-582x1024.jpeg\" alt=\"\" class=\"wp-image-40399\" srcset=\"https:\/\/mediavoxmagazine.it\/wp-content\/uploads\/2025\/10\/IMG_0153-582x1024.jpeg 582w, https:\/\/mediavoxmagazine.it\/wp-content\/uploads\/2025\/10\/IMG_0153-171x300.jpeg 171w, https:\/\/mediavoxmagazine.it\/wp-content\/uploads\/2025\/10\/IMG_0153-768x1350.jpeg 768w, https:\/\/mediavoxmagazine.it\/wp-content\/uploads\/2025\/10\/IMG_0153-874x1536.jpeg 874w, https:\/\/mediavoxmagazine.it\/wp-content\/uploads\/2025\/10\/IMG_0153-1165x2048.jpeg 1165w, https:\/\/mediavoxmagazine.it\/wp-content\/uploads\/2025\/10\/IMG_0153.jpeg 1179w\" sizes=\"auto, (max-width: 582px) 100vw, 582px\" \/><\/figure>\n\n\n\n<figure class=\"wp-block-image size-large\"><img loading=\"lazy\" decoding=\"async\" width=\"1024\" height=\"724\" src=\"https:\/\/mediavoxmagazine.it\/wp-content\/uploads\/2025\/10\/90343e18-f7f9-4278-9355-e55a78c990c5-3-1024x724.jpeg\" alt=\"\" class=\"wp-image-40395\" srcset=\"https:\/\/mediavoxmagazine.it\/wp-content\/uploads\/2025\/10\/90343e18-f7f9-4278-9355-e55a78c990c5-3-1024x724.jpeg 1024w, https:\/\/mediavoxmagazine.it\/wp-content\/uploads\/2025\/10\/90343e18-f7f9-4278-9355-e55a78c990c5-3-300x212.jpeg 300w, https:\/\/mediavoxmagazine.it\/wp-content\/uploads\/2025\/10\/90343e18-f7f9-4278-9355-e55a78c990c5-3-768x543.jpeg 768w, https:\/\/mediavoxmagazine.it\/wp-content\/uploads\/2025\/10\/90343e18-f7f9-4278-9355-e55a78c990c5-3-1536x1086.jpeg 1536w, https:\/\/mediavoxmagazine.it\/wp-content\/uploads\/2025\/10\/90343e18-f7f9-4278-9355-e55a78c990c5-3.jpeg 1600w\" sizes=\"auto, (max-width: 1024px) 100vw, 1024px\" \/><\/figure>\n","protected":false},"excerpt":{"rendered":"<div class=\"mh-excerpt\"><p>Ci sono passioni che non invecchiano, motori che non si spengono e storie che continuano a correre nel tempo come se fossero appena partite. \u00c8 <a class=\"mh-excerpt-more\" href=\"https:\/\/mediavoxmagazine.it\/?p=40380\" title=\"Vent\u2019anni di passione e motori: il 126 Club Italia celebra la sua storia a Sarno\">[&#8230;]<\/a><\/p>\n<\/div>","protected":false},"author":60,"featured_media":40393,"comment_status":"closed","ping_status":"closed","sticky":false,"template":"","format":"standard","meta":{"footnotes":""},"categories":[7,11,1],"tags":[1065,340],"class_list":["post-40380","post","type-post","status-publish","format-standard","has-post-thumbnail","hentry","category-cultura","category-eventi","category-uncategorized","tag-fiat-126","tag-sarno"],"_links":{"self":[{"href":"https:\/\/mediavoxmagazine.it\/index.php?rest_route=\/wp\/v2\/posts\/40380","targetHints":{"allow":["GET"]}}],"collection":[{"href":"https:\/\/mediavoxmagazine.it\/index.php?rest_route=\/wp\/v2\/posts"}],"about":[{"href":"https:\/\/mediavoxmagazine.it\/index.php?rest_route=\/wp\/v2\/types\/post"}],"author":[{"embeddable":true,"href":"https:\/\/mediavoxmagazine.it\/index.php?rest_route=\/wp\/v2\/users\/60"}],"replies":[{"embeddable":true,"href":"https:\/\/mediavoxmagazine.it\/index.php?rest_route=%2Fwp%2Fv2%2Fcomments&post=40380"}],"version-history":[{"count":8,"href":"https:\/\/mediavoxmagazine.it\/index.php?rest_route=\/wp\/v2\/posts\/40380\/revisions"}],"predecessor-version":[{"id":40402,"href":"https:\/\/mediavoxmagazine.it\/index.php?rest_route=\/wp\/v2\/posts\/40380\/revisions\/40402"}],"wp:featuredmedia":[{"embeddable":true,"href":"https:\/\/mediavoxmagazine.it\/index.php?rest_route=\/wp\/v2\/media\/40393"}],"wp:attachment":[{"href":"https:\/\/mediavoxmagazine.it\/index.php?rest_route=%2Fwp%2Fv2%2Fmedia&parent=40380"}],"wp:term":[{"taxonomy":"category","embeddable":true,"href":"https:\/\/mediavoxmagazine.it\/index.php?rest_route=%2Fwp%2Fv2%2Fcategories&post=40380"},{"taxonomy":"post_tag","embeddable":true,"href":"https:\/\/mediavoxmagazine.it\/index.php?rest_route=%2Fwp%2Fv2%2Ftags&post=40380"}],"curies":[{"name":"wp","href":"https:\/\/api.w.org\/{rel}","templated":true}]}}