{"id":41008,"date":"2025-11-10T12:08:09","date_gmt":"2025-11-10T11:08:09","guid":{"rendered":"https:\/\/mediavoxmagazine.it\/?p=41008"},"modified":"2025-11-10T12:37:29","modified_gmt":"2025-11-10T11:37:29","slug":"larte-di-serino-attraverso-pelosi-e-matta-diventa-qualcosa-di-magnifico-a-firenze-durante-il-festival-ideato-da-margarito","status":"publish","type":"post","link":"https:\/\/mediavoxmagazine.it\/?p=41008","title":{"rendered":"L\u2019arte di Serino attraverso Pelosi e Matta diventa qualcosa di \u201cMagnifico\u201d a Firenze durante il Festival ideato da Margarito\u00a0"},"content":{"rendered":"\n<p class=\"wp-block-paragraph\">Molti si chiederebbero quale possa essere la connessione tra un piccolo paese della Campania e la Culla del Rinascimento\u2026 La verit\u00e0 \u00e8 che la risposta \u00e8 pi\u00f9 semplice di quanto si possa pensare. In un mondo in cui tutto sembra spegnersi, in cui si costruiscono muri, alcune persone, ostinate e sognatrici, scelgono di costruire ponti grazie alla bellezza che solo l\u2019arte riesce a donare.<\/p>\n\n\n\n<p class=\"wp-block-paragraph\">Luned\u00ec 3 novembre, all\u2019interno della <em>Sala Dante<\/em> del prestigiosissimo <strong>Hotel St. Regis Florence<\/strong>, lo scrittore, giornalista ed event manager <strong>Carmine Pelosi<\/strong> ha presentato il suo libro <em>Un viaggio Magnifico<\/em>, edito da <em>Casa Sanremo Edizioni<\/em>. L\u2019evento del ventisettenne irpino ha inaugurato la IV edizione del <strong>Festival Il Magnifico<\/strong>, diretto e ideato da un giovanissimo fiorentino di soli ventitr\u00e9 anni: <strong>Leonardo Margarito<\/strong>. Egli, insieme a <strong>Matteo Cichero<\/strong> e all\u2019<strong>Associazione Culturale Visione<\/strong>, ha dato vita a un Festival che si conferma come uno degli appuntamenti pi\u00f9 attesi del panorama culturale italiano, capace di unire arte, creativit\u00e0 e impegno sociale.<\/p>\n\n\n\n<figure class=\"wp-block-image size-large\"><img loading=\"lazy\" decoding=\"async\" width=\"1024\" height=\"769\" src=\"https:\/\/mediavoxmagazine.it\/wp-content\/uploads\/2025\/11\/af160060-efff-4bf1-a467-b105031bb893-1024x769.jpeg\" alt=\"\" class=\"wp-image-41009\" srcset=\"https:\/\/mediavoxmagazine.it\/wp-content\/uploads\/2025\/11\/af160060-efff-4bf1-a467-b105031bb893-1024x769.jpeg 1024w, https:\/\/mediavoxmagazine.it\/wp-content\/uploads\/2025\/11\/af160060-efff-4bf1-a467-b105031bb893-300x225.jpeg 300w, https:\/\/mediavoxmagazine.it\/wp-content\/uploads\/2025\/11\/af160060-efff-4bf1-a467-b105031bb893-768x576.jpeg 768w, https:\/\/mediavoxmagazine.it\/wp-content\/uploads\/2025\/11\/af160060-efff-4bf1-a467-b105031bb893-1536x1153.jpeg 1536w, https:\/\/mediavoxmagazine.it\/wp-content\/uploads\/2025\/11\/af160060-efff-4bf1-a467-b105031bb893-678x509.jpeg 678w, https:\/\/mediavoxmagazine.it\/wp-content\/uploads\/2025\/11\/af160060-efff-4bf1-a467-b105031bb893-326x245.jpeg 326w, https:\/\/mediavoxmagazine.it\/wp-content\/uploads\/2025\/11\/af160060-efff-4bf1-a467-b105031bb893-80x60.jpeg 80w, https:\/\/mediavoxmagazine.it\/wp-content\/uploads\/2025\/11\/af160060-efff-4bf1-a467-b105031bb893.jpeg 1600w\" sizes=\"auto, (max-width: 1024px) 100vw, 1024px\" \/><\/figure>\n\n\n\n<p class=\"wp-block-paragraph\">Come si pu\u00f2 intuire, il Festival \u00e8 dedicato a una figura iconica come quella di <strong>Lorenzo de\u2019 Medici<\/strong>, detto <em>Il Magnifico<\/em>.&nbsp;<\/p>\n\n\n\n<p class=\"wp-block-paragraph\">Grazie al sostegno istituzionale di <strong>Regione Toscana \u2013 Giovani S\u00ec, Comune di Firenze, Citt\u00e0 Metropolitana di Firenze, Palazzo Medici Riccardi, Destination Florence e Confcommercio<\/strong>, con la media partnership nazionale di <strong>RDSNEXT<\/strong>, e ai tanti partner presenti, l\u2019intera kermesse vivr\u00e0 un\u2019edizione di grande partecipazione e qualit\u00e0 artistica.<\/p>\n\n\n\n<p class=\"wp-block-paragraph\">Il calendario degli eventi, infatti, risulta gi\u00e0 <strong>Sold Out<\/strong> da diverso tempo in tutti i suoi appuntamenti. Un risultato che conferma la forza e l\u2019attrattiva di una manifestazione ormai divenuta punto di riferimento per la scena culturale nazionale e per le nuove generazioni di talenti.<\/p>\n\n\n\n<figure class=\"wp-block-image size-large\"><img loading=\"lazy\" decoding=\"async\" width=\"1024\" height=\"769\" src=\"https:\/\/mediavoxmagazine.it\/wp-content\/uploads\/2025\/11\/3bba5c62-91d5-4ca5-ad10-aa582339510e-1024x769.jpeg\" alt=\"\" class=\"wp-image-41010\" srcset=\"https:\/\/mediavoxmagazine.it\/wp-content\/uploads\/2025\/11\/3bba5c62-91d5-4ca5-ad10-aa582339510e-1024x769.jpeg 1024w, https:\/\/mediavoxmagazine.it\/wp-content\/uploads\/2025\/11\/3bba5c62-91d5-4ca5-ad10-aa582339510e-300x225.jpeg 300w, https:\/\/mediavoxmagazine.it\/wp-content\/uploads\/2025\/11\/3bba5c62-91d5-4ca5-ad10-aa582339510e-768x576.jpeg 768w, https:\/\/mediavoxmagazine.it\/wp-content\/uploads\/2025\/11\/3bba5c62-91d5-4ca5-ad10-aa582339510e-1536x1153.jpeg 1536w, https:\/\/mediavoxmagazine.it\/wp-content\/uploads\/2025\/11\/3bba5c62-91d5-4ca5-ad10-aa582339510e-678x509.jpeg 678w, https:\/\/mediavoxmagazine.it\/wp-content\/uploads\/2025\/11\/3bba5c62-91d5-4ca5-ad10-aa582339510e-326x245.jpeg 326w, https:\/\/mediavoxmagazine.it\/wp-content\/uploads\/2025\/11\/3bba5c62-91d5-4ca5-ad10-aa582339510e-80x60.jpeg 80w, https:\/\/mediavoxmagazine.it\/wp-content\/uploads\/2025\/11\/3bba5c62-91d5-4ca5-ad10-aa582339510e.jpeg 1600w\" sizes=\"auto, (max-width: 1024px) 100vw, 1024px\" \/><\/figure>\n\n\n\n<p class=\"wp-block-paragraph\">Ad aprire l\u2019evento sono state le istituzioni fiorentine e serinesi. Presenti infatti il <strong>presidente del Quartiere 1 Mirco Rufilli, il vicedirettore della Confcommercio delle province di Firenze e Arezzo Lorenzo Rosi<\/strong> e <strong>il sindaco di Serino Vito Pelosi<\/strong>. I rappresentanti delle due comunit\u00e0 hanno espresso valori comuni: l\u2019importanza della fiducia data ai giovani, la valorizzazione delle loro idee e le opportunit\u00e0 e i legami autentici che si creano grazie a eventi come questo.<\/p>\n\n\n\n<p class=\"wp-block-paragraph\">Anche il presidente della <strong>Regione Toscana Eugenio Giani<\/strong>, seppur non presente per impegni istituzionali, ha voluto far giungere un messaggio di vicinanza al Festival e ha sottolineato l\u2019apertura verso future collaborazioni con gli ospiti serinesi.<\/p>\n\n\n\n<figure class=\"wp-block-image size-large\"><img loading=\"lazy\" decoding=\"async\" width=\"1024\" height=\"769\" src=\"https:\/\/mediavoxmagazine.it\/wp-content\/uploads\/2025\/11\/42d7ee6c-a225-4ddc-8290-a9db062ea778-1024x769.jpeg\" alt=\"\" class=\"wp-image-41011\" srcset=\"https:\/\/mediavoxmagazine.it\/wp-content\/uploads\/2025\/11\/42d7ee6c-a225-4ddc-8290-a9db062ea778-1024x769.jpeg 1024w, https:\/\/mediavoxmagazine.it\/wp-content\/uploads\/2025\/11\/42d7ee6c-a225-4ddc-8290-a9db062ea778-300x225.jpeg 300w, https:\/\/mediavoxmagazine.it\/wp-content\/uploads\/2025\/11\/42d7ee6c-a225-4ddc-8290-a9db062ea778-768x576.jpeg 768w, https:\/\/mediavoxmagazine.it\/wp-content\/uploads\/2025\/11\/42d7ee6c-a225-4ddc-8290-a9db062ea778-1536x1153.jpeg 1536w, https:\/\/mediavoxmagazine.it\/wp-content\/uploads\/2025\/11\/42d7ee6c-a225-4ddc-8290-a9db062ea778-678x509.jpeg 678w, https:\/\/mediavoxmagazine.it\/wp-content\/uploads\/2025\/11\/42d7ee6c-a225-4ddc-8290-a9db062ea778-326x245.jpeg 326w, https:\/\/mediavoxmagazine.it\/wp-content\/uploads\/2025\/11\/42d7ee6c-a225-4ddc-8290-a9db062ea778-80x60.jpeg 80w, https:\/\/mediavoxmagazine.it\/wp-content\/uploads\/2025\/11\/42d7ee6c-a225-4ddc-8290-a9db062ea778.jpeg 1600w\" sizes=\"auto, (max-width: 1024px) 100vw, 1024px\" \/><\/figure>\n\n\n\n<p class=\"wp-block-paragraph\">Subito dopo, <strong>Leonardo Margarito<\/strong> ha dialogato con <strong>Carmine Pelosi<\/strong> in un talk dal tono intimo e sincero, dove amicizia e visione si sono fuse in un racconto di progetti, di arte e di rinascita.<\/p>\n\n\n\n<p class=\"wp-block-paragraph\">I due giovani, legati da una profonda stima reciproca, si sono conosciuti nella <em>Citt\u00e0 dei Fiori<\/em> e, da l\u00ec, hanno deciso di dar voce alla loro visione. L\u2019autore campano ha voluto infatti omaggiare il suo amico con un romanzo che parlasse di Firenze\u2026 Ma non soltanto della Firenze del passato, bens\u00ec della Firenze del presente! Quella che, grazie a persone come <strong>Margarito<\/strong>, dona una nuova prospettiva e un\u2019importante identit\u00e0 che non vuole abbandonare le sue radici, ma consolidarle, affinch\u00e9 si possa costruire un sogno pi\u00f9 grande: quello della condivisione.<\/p>\n\n\n\n<figure class=\"wp-block-image size-large\"><img loading=\"lazy\" decoding=\"async\" width=\"1024\" height=\"769\" src=\"https:\/\/mediavoxmagazine.it\/wp-content\/uploads\/2025\/11\/b616ccd5-f035-4b3e-8c74-41689a24ea0d-1024x769.jpeg\" alt=\"\" class=\"wp-image-41012\" srcset=\"https:\/\/mediavoxmagazine.it\/wp-content\/uploads\/2025\/11\/b616ccd5-f035-4b3e-8c74-41689a24ea0d-1024x769.jpeg 1024w, https:\/\/mediavoxmagazine.it\/wp-content\/uploads\/2025\/11\/b616ccd5-f035-4b3e-8c74-41689a24ea0d-300x225.jpeg 300w, https:\/\/mediavoxmagazine.it\/wp-content\/uploads\/2025\/11\/b616ccd5-f035-4b3e-8c74-41689a24ea0d-768x576.jpeg 768w, https:\/\/mediavoxmagazine.it\/wp-content\/uploads\/2025\/11\/b616ccd5-f035-4b3e-8c74-41689a24ea0d-1536x1153.jpeg 1536w, https:\/\/mediavoxmagazine.it\/wp-content\/uploads\/2025\/11\/b616ccd5-f035-4b3e-8c74-41689a24ea0d-678x509.jpeg 678w, https:\/\/mediavoxmagazine.it\/wp-content\/uploads\/2025\/11\/b616ccd5-f035-4b3e-8c74-41689a24ea0d-326x245.jpeg 326w, https:\/\/mediavoxmagazine.it\/wp-content\/uploads\/2025\/11\/b616ccd5-f035-4b3e-8c74-41689a24ea0d-80x60.jpeg 80w, https:\/\/mediavoxmagazine.it\/wp-content\/uploads\/2025\/11\/b616ccd5-f035-4b3e-8c74-41689a24ea0d.jpeg 1600w\" sizes=\"auto, (max-width: 1024px) 100vw, 1024px\" \/><\/figure>\n\n\n\n<p class=\"wp-block-paragraph\">Come afferma <strong>Pelosi<\/strong>: \u00abIl <em>Rinascimento non \u00e8 un periodo storico, ma un\u2019idea che torna ogni volta che qualcuno decide di credere ancora nella bellezza\u2026<\/em>\u00bb Il <em>Rinascimento<\/em>, infatti, \u00e8 parte di una tradizione che all\u2019inizio era novit\u00e0 e, come tale, a volte spaventa un po\u2019. I giovani tendono sempre a restituire sogni concreti alle loro speranze di futuro e, cos\u00ec, due ragazzi di territori apparentemente distanti hanno costruito una nuova strada intrisa di arte e cultura.<\/p>\n\n\n\n<figure class=\"wp-block-image size-large\"><img loading=\"lazy\" decoding=\"async\" width=\"768\" height=\"1024\" src=\"https:\/\/mediavoxmagazine.it\/wp-content\/uploads\/2025\/11\/15c8d6fc-4478-4ab7-9a25-bdf08ff19626-768x1024.jpeg\" alt=\"\" class=\"wp-image-41013\" srcset=\"https:\/\/mediavoxmagazine.it\/wp-content\/uploads\/2025\/11\/15c8d6fc-4478-4ab7-9a25-bdf08ff19626-768x1024.jpeg 768w, https:\/\/mediavoxmagazine.it\/wp-content\/uploads\/2025\/11\/15c8d6fc-4478-4ab7-9a25-bdf08ff19626-225x300.jpeg 225w, https:\/\/mediavoxmagazine.it\/wp-content\/uploads\/2025\/11\/15c8d6fc-4478-4ab7-9a25-bdf08ff19626-1152x1536.jpeg 1152w, https:\/\/mediavoxmagazine.it\/wp-content\/uploads\/2025\/11\/15c8d6fc-4478-4ab7-9a25-bdf08ff19626.jpeg 1200w\" sizes=\"auto, (max-width: 768px) 100vw, 768px\" \/><\/figure>\n\n\n\n<p class=\"wp-block-paragraph\">Accanto alla parola, anche la pittura ha avuto la sua rivelazione\u2026 Il maestro <strong>Sabino Matta<\/strong>, pittore serinese, ha realizzato per l\u2019occasione quattro opere dedicate a Firenze, citt\u00e0 che da sempre definisce \u00ab<em>Una terra magica che mi ha sempre ispirato. Una citt\u00e0 dove tutto \u00e8 possibile grazie all\u2019arte.<\/em>\u00bb Nelle prime due tele, dominate dal verde dell\u2019Irpinia \u2014 il colore della speranza \u2014 <strong>Matta<\/strong> raffigura <strong>Il<\/strong> <strong>Magnifico<\/strong>, una volta di profilo e una in primo piano: la prima sar\u00e0 esposta al <strong>Comune di Firenze<\/strong>, la seconda al <strong>Comune di Serino<\/strong>, come simbolo di unione tra le due comunit\u00e0.<\/p>\n\n\n\n<p class=\"wp-block-paragraph\">La terza tela, dai toni violacei e dorati ritrae sempre <strong>Lorenzo<\/strong>, ed \u00e8 un dono personale a <strong>Leonardo Margarito<\/strong>, mentre la quarta rappresenta un omaggio a un\u2019eccellenza fiorentina: il maestro orafo <strong>Paolo Penko<\/strong>, ritratto mentre lavora nella sua magnifica bottega.\u00a0<br><\/p>\n\n\n\n<p class=\"wp-block-paragraph\"><strong>Penko<\/strong>, che celebra ben quarant\u2019anni d\u2019attivit\u00e0 insieme alla moglie <strong>Beatrice<\/strong> e ai figli <strong>Alessandro<\/strong> e <strong>Riccardo<\/strong>, rappresenta un\u2019eccellenza unica nel panorama dell\u2019arte orafa. Lo scorso anno, infatti, il mondo li ha visti creare i gioielli per l\u2019iconico film di <strong>Edward Berger<\/strong> <strong><em>Conclave<\/em><\/strong>, dove, insieme a <strong>Ilaria Marmugi<\/strong> e <strong>Lisy Christl<\/strong>, hanno realizzato qualcosa di straordinario che gli \u00e8 valso persino una <strong><em>Nomination agli Oscar<\/em><\/strong>. Sempre con il regista tedesco e la costumista <strong>Christl<\/strong>, hanno poi dato forma ai gioielli della pellicola <strong><em>La ballata di un piccolo giocatore<\/em><\/strong>, uscita da poco su <strong>Netflix<\/strong> e interpretata da uno degli attori pi\u00f9 amati del grande schermo, <strong>Colin Farrell<\/strong>.\u00a0<br><\/p>\n\n\n\n<figure class=\"wp-block-image size-large\"><img loading=\"lazy\" decoding=\"async\" width=\"1024\" height=\"769\" src=\"https:\/\/mediavoxmagazine.it\/wp-content\/uploads\/2025\/11\/20a1689f-e49e-48fe-8d77-06d0709291fe-1024x769.jpeg\" alt=\"\" class=\"wp-image-41014\" srcset=\"https:\/\/mediavoxmagazine.it\/wp-content\/uploads\/2025\/11\/20a1689f-e49e-48fe-8d77-06d0709291fe-1024x769.jpeg 1024w, https:\/\/mediavoxmagazine.it\/wp-content\/uploads\/2025\/11\/20a1689f-e49e-48fe-8d77-06d0709291fe-300x225.jpeg 300w, https:\/\/mediavoxmagazine.it\/wp-content\/uploads\/2025\/11\/20a1689f-e49e-48fe-8d77-06d0709291fe-768x576.jpeg 768w, https:\/\/mediavoxmagazine.it\/wp-content\/uploads\/2025\/11\/20a1689f-e49e-48fe-8d77-06d0709291fe-1536x1153.jpeg 1536w, https:\/\/mediavoxmagazine.it\/wp-content\/uploads\/2025\/11\/20a1689f-e49e-48fe-8d77-06d0709291fe-678x509.jpeg 678w, https:\/\/mediavoxmagazine.it\/wp-content\/uploads\/2025\/11\/20a1689f-e49e-48fe-8d77-06d0709291fe-326x245.jpeg 326w, https:\/\/mediavoxmagazine.it\/wp-content\/uploads\/2025\/11\/20a1689f-e49e-48fe-8d77-06d0709291fe-80x60.jpeg 80w, https:\/\/mediavoxmagazine.it\/wp-content\/uploads\/2025\/11\/20a1689f-e49e-48fe-8d77-06d0709291fe.jpeg 1600w\" sizes=\"auto, (max-width: 1024px) 100vw, 1024px\" \/><\/figure>\n\n\n\n<p class=\"wp-block-paragraph\"><strong>Sabino Matta<\/strong> ha consegnato nelle mani di <strong>Alessandro Penko<\/strong> il suo lavoro artistico, sancendo uno dei momenti conclusivi dell\u2019evento. Infine c\u2019\u00e8 stata anche la consegna di vari riconoscimenti e attestati di merito, seguita da una performance dedicata all\u2019autore campano <strong>Pelosi<\/strong> da parte del cantante fiorentino <strong>Mid\u00e8n<\/strong>, laureato alla <strong>Florence Music Academy<\/strong>.<\/p>\n\n\n\n<figure class=\"wp-block-gallery has-nested-images columns-default is-cropped wp-block-gallery-1 is-layout-flex wp-block-gallery-is-layout-flex\">\n<figure class=\"wp-block-image size-large\"><img loading=\"lazy\" decoding=\"async\" width=\"1024\" height=\"769\" data-id=\"41016\" src=\"https:\/\/mediavoxmagazine.it\/wp-content\/uploads\/2025\/11\/235fc759-b45e-4bc0-946b-7b4749a911bd-1024x769.jpeg\" alt=\"\" class=\"wp-image-41016\" srcset=\"https:\/\/mediavoxmagazine.it\/wp-content\/uploads\/2025\/11\/235fc759-b45e-4bc0-946b-7b4749a911bd-1024x769.jpeg 1024w, https:\/\/mediavoxmagazine.it\/wp-content\/uploads\/2025\/11\/235fc759-b45e-4bc0-946b-7b4749a911bd-300x225.jpeg 300w, https:\/\/mediavoxmagazine.it\/wp-content\/uploads\/2025\/11\/235fc759-b45e-4bc0-946b-7b4749a911bd-768x576.jpeg 768w, https:\/\/mediavoxmagazine.it\/wp-content\/uploads\/2025\/11\/235fc759-b45e-4bc0-946b-7b4749a911bd-1536x1153.jpeg 1536w, https:\/\/mediavoxmagazine.it\/wp-content\/uploads\/2025\/11\/235fc759-b45e-4bc0-946b-7b4749a911bd-678x509.jpeg 678w, https:\/\/mediavoxmagazine.it\/wp-content\/uploads\/2025\/11\/235fc759-b45e-4bc0-946b-7b4749a911bd-326x245.jpeg 326w, https:\/\/mediavoxmagazine.it\/wp-content\/uploads\/2025\/11\/235fc759-b45e-4bc0-946b-7b4749a911bd-80x60.jpeg 80w, https:\/\/mediavoxmagazine.it\/wp-content\/uploads\/2025\/11\/235fc759-b45e-4bc0-946b-7b4749a911bd.jpeg 1600w\" sizes=\"auto, (max-width: 1024px) 100vw, 1024px\" \/><\/figure>\n\n\n\n<figure class=\"wp-block-image size-large\"><img loading=\"lazy\" decoding=\"async\" width=\"1024\" height=\"769\" data-id=\"41017\" src=\"https:\/\/mediavoxmagazine.it\/wp-content\/uploads\/2025\/11\/699784d9-2774-449b-afa4-421a9f3bd6c8-1-1024x769.jpeg\" alt=\"\" class=\"wp-image-41017\" srcset=\"https:\/\/mediavoxmagazine.it\/wp-content\/uploads\/2025\/11\/699784d9-2774-449b-afa4-421a9f3bd6c8-1-1024x769.jpeg 1024w, https:\/\/mediavoxmagazine.it\/wp-content\/uploads\/2025\/11\/699784d9-2774-449b-afa4-421a9f3bd6c8-1-300x225.jpeg 300w, https:\/\/mediavoxmagazine.it\/wp-content\/uploads\/2025\/11\/699784d9-2774-449b-afa4-421a9f3bd6c8-1-768x576.jpeg 768w, https:\/\/mediavoxmagazine.it\/wp-content\/uploads\/2025\/11\/699784d9-2774-449b-afa4-421a9f3bd6c8-1-1536x1153.jpeg 1536w, https:\/\/mediavoxmagazine.it\/wp-content\/uploads\/2025\/11\/699784d9-2774-449b-afa4-421a9f3bd6c8-1-678x509.jpeg 678w, https:\/\/mediavoxmagazine.it\/wp-content\/uploads\/2025\/11\/699784d9-2774-449b-afa4-421a9f3bd6c8-1-326x245.jpeg 326w, https:\/\/mediavoxmagazine.it\/wp-content\/uploads\/2025\/11\/699784d9-2774-449b-afa4-421a9f3bd6c8-1-80x60.jpeg 80w, https:\/\/mediavoxmagazine.it\/wp-content\/uploads\/2025\/11\/699784d9-2774-449b-afa4-421a9f3bd6c8-1.jpeg 1600w\" sizes=\"auto, (max-width: 1024px) 100vw, 1024px\" \/><\/figure>\n<\/figure>\n\n\n\n<p class=\"wp-block-paragraph\">Il tutto, insomma, celebra l\u2019arte e la cultura in ogni sua essenza. Forse sar\u00e0 solo l\u2019inizio di altre occasioni imperdibili per dimostrare che non esiste un\u2019unica forma d\u2019arte, bens\u00ec ne esistono tante! Cos\u00ec come esistono tanti luoghi diversi, da scoprire, da riscoprire e da amare\u2026<\/p>\n\n\n\n<p class=\"wp-block-paragraph\">\u00c8 proprio questo il segreto: la storia non si scrive nel passato, ma nel presente\u2026<\/p>\n\n\n\n<p class=\"wp-block-paragraph\">E <strong>Carmine Pelosi<\/strong> sembra volerlo ricordare ogni giorno, non solo nei suoi libri, ma nella vita\u2026 Con la convinzione che il termine \u201cimpossibile\u201d non debba esistere in nessun vocabolario.<\/p>\n","protected":false},"excerpt":{"rendered":"<div class=\"mh-excerpt\"><p>Molti si chiederebbero quale possa essere la connessione tra un piccolo paese della Campania e la Culla del Rinascimento\u2026 La verit\u00e0 \u00e8 che la risposta <a class=\"mh-excerpt-more\" href=\"https:\/\/mediavoxmagazine.it\/?p=41008\" title=\"L\u2019arte di Serino attraverso Pelosi e Matta diventa qualcosa di \u201cMagnifico\u201d a Firenze durante il Festival ideato da Margarito\u00a0\">[&#8230;]<\/a><\/p>\n<\/div>","protected":false},"author":18,"featured_media":41018,"comment_status":"closed","ping_status":"closed","sticky":false,"template":"","format":"standard","meta":{"footnotes":""},"categories":[16,11,1],"tags":[1095,970,1098,1097,1090,1091,1099,1096],"class_list":["post-41008","post","type-post","status-publish","format-standard","has-post-thumbnail","hentry","category-cultura-e-arte","category-eventi","category-uncategorized","tag-bottega-penko","tag-carmine-pelosi","tag-comune-di-firenze","tag-comune-di-serino","tag-festival-il-magnifico","tag-leonardo-margarito","tag-regione-toscana","tag-sabino-matta"],"_links":{"self":[{"href":"https:\/\/mediavoxmagazine.it\/index.php?rest_route=\/wp\/v2\/posts\/41008","targetHints":{"allow":["GET"]}}],"collection":[{"href":"https:\/\/mediavoxmagazine.it\/index.php?rest_route=\/wp\/v2\/posts"}],"about":[{"href":"https:\/\/mediavoxmagazine.it\/index.php?rest_route=\/wp\/v2\/types\/post"}],"author":[{"embeddable":true,"href":"https:\/\/mediavoxmagazine.it\/index.php?rest_route=\/wp\/v2\/users\/18"}],"replies":[{"embeddable":true,"href":"https:\/\/mediavoxmagazine.it\/index.php?rest_route=%2Fwp%2Fv2%2Fcomments&post=41008"}],"version-history":[{"count":1,"href":"https:\/\/mediavoxmagazine.it\/index.php?rest_route=\/wp\/v2\/posts\/41008\/revisions"}],"predecessor-version":[{"id":41019,"href":"https:\/\/mediavoxmagazine.it\/index.php?rest_route=\/wp\/v2\/posts\/41008\/revisions\/41019"}],"wp:featuredmedia":[{"embeddable":true,"href":"https:\/\/mediavoxmagazine.it\/index.php?rest_route=\/wp\/v2\/media\/41018"}],"wp:attachment":[{"href":"https:\/\/mediavoxmagazine.it\/index.php?rest_route=%2Fwp%2Fv2%2Fmedia&parent=41008"}],"wp:term":[{"taxonomy":"category","embeddable":true,"href":"https:\/\/mediavoxmagazine.it\/index.php?rest_route=%2Fwp%2Fv2%2Fcategories&post=41008"},{"taxonomy":"post_tag","embeddable":true,"href":"https:\/\/mediavoxmagazine.it\/index.php?rest_route=%2Fwp%2Fv2%2Ftags&post=41008"}],"curies":[{"name":"wp","href":"https:\/\/api.w.org\/{rel}","templated":true}]}}