{"id":41580,"date":"2025-12-06T09:23:58","date_gmt":"2025-12-06T08:23:58","guid":{"rendered":"https:\/\/mediavoxmagazine.it\/?p=41580"},"modified":"2025-12-06T09:53:06","modified_gmt":"2025-12-06T08:53:06","slug":"sarno-accende-la-sua-anima-nasce-lincanto-di-cammini-di-luce","status":"publish","type":"post","link":"https:\/\/mediavoxmagazine.it\/?p=41580","title":{"rendered":"Sarno accende la sua anima: nasce l\u2019incanto di Cammini di Luce"},"content":{"rendered":"\n<p class=\"wp-block-paragraph\">Nel cuore pi\u00f9 autentico del centro storico di&nbsp;<strong>Sarno<\/strong>,&nbsp;<strong>Cammini di Luce&nbsp;<\/strong>si prepara a trasformare vie, piazze e scorci antichi in un percorso emozionale e condiviso, dove tradizione, spiritualit\u00e0 e identit\u00e0 locale si intrecciano in un unico, suggestivo racconto collettivo. Non un semplice evento, ma un\u2019esperienza che scorre tra memoria e modernit\u00e0, chiamando la comunit\u00e0 a ritrovarsi in un abbraccio di bellezza e devozione. Promosso da&nbsp;<strong>Batik Eventi<\/strong>, sotto la raffinata direzione di&nbsp;<strong>Rosa Robustelli<\/strong>, e realizzato con il patrocinio del&nbsp;<strong>Comune di Sarno<\/strong>&nbsp;e la collaborazione della&nbsp;<strong>Parrocchia\u2013Santuario Maria SS. delle Tre Corone<\/strong>,&nbsp;<strong>Cammini di Luce<\/strong>&nbsp;nasce con l\u2019obiettivo di valorizzare le eccellenze del territorio, dare voce ai suoi talenti e accompagnare la citt\u00e0 verso la solennit\u00e0 dell\u2019Immacolata. \u00c8 un progetto che unisce arte, sapori, musica e spiritualit\u00e0, restituendo a&nbsp;<strong>Sarno&nbsp;<\/strong>un\u2019atmosfera luminosa e vibrante, capace di coinvolgere il pubblico, celebrare le sue radici e rinnovare il senso di appartenenza.<\/p>\n\n\n\n<figure class=\"wp-block-image size-full\"><img loading=\"lazy\" decoding=\"async\" width=\"1080\" height=\"1526\" src=\"https:\/\/mediavoxmagazine.it\/wp-content\/uploads\/2025\/12\/702096e9-eb37-4c9b-9f89-9b843393ab2e.jpeg\" alt=\"\" class=\"wp-image-41585\" srcset=\"https:\/\/mediavoxmagazine.it\/wp-content\/uploads\/2025\/12\/702096e9-eb37-4c9b-9f89-9b843393ab2e.jpeg 1080w, https:\/\/mediavoxmagazine.it\/wp-content\/uploads\/2025\/12\/702096e9-eb37-4c9b-9f89-9b843393ab2e-212x300.jpeg 212w, https:\/\/mediavoxmagazine.it\/wp-content\/uploads\/2025\/12\/702096e9-eb37-4c9b-9f89-9b843393ab2e-725x1024.jpeg 725w, https:\/\/mediavoxmagazine.it\/wp-content\/uploads\/2025\/12\/702096e9-eb37-4c9b-9f89-9b843393ab2e-768x1085.jpeg 768w\" sizes=\"auto, (max-width: 1080px) 100vw, 1080px\" \/><\/figure>\n\n\n\n<p class=\"wp-block-paragraph\">Domenica&nbsp;<strong>7 dicembre 2025<\/strong>, dalle ore&nbsp;<strong>18:30<\/strong>, il centro storico di Sarno si vestir\u00e0 di magia accogliendo&nbsp;<strong>Cammini di Luce<\/strong>, evento culturale e spirituale dedicato alla vigilia dell\u2019Immacolata Concezione. Le aree di&nbsp;<strong>Piazza Michelangelo Capua<\/strong>,&nbsp;<strong>Via Fabricatore<\/strong>,&nbsp;<strong>Piazza IV Novembre<\/strong>&nbsp;e&nbsp;<strong>Via De Liguori<\/strong>&nbsp;diventeranno un vero e proprio Villaggio Natalizio Diffuso, dove luminarie, profumi, armonie e installazioni artistiche accompagneranno i visitatori in un itinerario suggestivo tra bellezza e tradizioni secolari. Protagonisti della serata saranno i&nbsp;<strong>maestri Pasticcieri Sarnesi<\/strong>, custodi di una dolcezza che racconta la storia del territorio, i&nbsp;<strong>fioristi locali<\/strong>&nbsp;con le loro creazioni ricche di colore e simboli, gli&nbsp;<strong>studenti dei cori natalizi<\/strong>, voce pura della comunit\u00e0, insieme a&nbsp;<strong>zampognari e musicisti popolari<\/strong>&nbsp;che porteranno nel centro storico il fascino delle melodie antiche. A completare il percorso, una selezione di&nbsp;<strong>fotografi del territorio<\/strong>&nbsp;sar\u00e0 impegnata a immortalare emozioni, scorci e atmosfere, regalando alla citt\u00e0 uno sguardo artistico e contemporaneo.<\/p>\n\n\n\n<p class=\"wp-block-paragraph\">L\u2019intento \u00e8 chiaro e ambizioso: valorizzare le eccellenze locali, promuovere turismo culturale, rafforzare il senso di comunit\u00e0 e accompagnare simbolicamente&nbsp;<strong>Sarno<\/strong>&nbsp;verso la festa dell\u20198 dicembre, nel segno della luce e della tradizione. La direzione artistica curata da&nbsp;<strong>Batik Eventi<\/strong>, con il patrocinio del&nbsp;<strong>Comune di Sarno<\/strong>&nbsp;e il sostegno della&nbsp;<strong>Parrocchia\u2013Santuario Maria SS. delle Tre Corone<\/strong>, conferma la volont\u00e0 di costruire un evento che unisce spiritualit\u00e0 e creativit\u00e0, radici e innovazione, generando un\u2019atmosfera capace di incantare grandi e piccoli. L\u2019ingresso \u00e8 libero e aperto a tutti, in un appuntamento che si annuncia gi\u00e0 come uno dei momenti pi\u00f9 suggestivi del Natale sarnese.<\/p>\n\n\n\n<figure class=\"wp-block-image size-large\"><img loading=\"lazy\" decoding=\"async\" width=\"684\" height=\"1024\" src=\"https:\/\/mediavoxmagazine.it\/wp-content\/uploads\/2025\/12\/65e3a4b8-30ef-4906-a562-efe00287c7ba-684x1024.jpeg\" alt=\"\" class=\"wp-image-41582\" srcset=\"https:\/\/mediavoxmagazine.it\/wp-content\/uploads\/2025\/12\/65e3a4b8-30ef-4906-a562-efe00287c7ba-684x1024.jpeg 684w, https:\/\/mediavoxmagazine.it\/wp-content\/uploads\/2025\/12\/65e3a4b8-30ef-4906-a562-efe00287c7ba-200x300.jpeg 200w, https:\/\/mediavoxmagazine.it\/wp-content\/uploads\/2025\/12\/65e3a4b8-30ef-4906-a562-efe00287c7ba-768x1149.jpeg 768w, https:\/\/mediavoxmagazine.it\/wp-content\/uploads\/2025\/12\/65e3a4b8-30ef-4906-a562-efe00287c7ba-1027x1536.jpeg 1027w, https:\/\/mediavoxmagazine.it\/wp-content\/uploads\/2025\/12\/65e3a4b8-30ef-4906-a562-efe00287c7ba.jpeg 1080w\" sizes=\"auto, (max-width: 684px) 100vw, 684px\" \/><\/figure>\n\n\n\n<p class=\"wp-block-paragraph\">Per raccontare la nascita e la visione di&nbsp;<strong>Cammini di Luce<\/strong>,&nbsp;<strong>MediaVox Magazine<\/strong>&nbsp;ha incontrato&nbsp;<strong>Rosa Robustelli<\/strong>, anima creativa di&nbsp;<strong>Batik Eventi<\/strong>, per approfondire un progetto che sta gi\u00e0 segnando il panorama culturale sarnese.<\/p>\n\n\n\n<p class=\"wp-block-paragraph\"><strong><mark style=\"background-color:#ffffff\" class=\"has-inline-color has-luminous-vivid-orange-color\">L\u2019INTERVISTA<\/mark><\/strong><\/p>\n\n\n\n<p class=\"wp-block-paragraph\"><strong>Cammini di Luce nasce da una visione artistica e spirituale molto precisa. Quale intuizione o esigenza l\u2019ha spinta a immaginare questo percorso e quale significato desidera trasmettere alla comunit\u00e0 sarnese?<\/strong><em>&nbsp;Cammini di Luce nasce da un\u2019intuizione maturata alla vigilia dell\u2019Immacolata, una data che per Sarno custodisce un valore profondo. In quei giorni il centro storico si avvolge di un\u2019atmosfera natalizia e spirituale che unisce tradizione e sentimento collettivo. Da questa vibrazione \u00e8 emersa l\u2019idea di trasformare le strade in un polo culturale e simbolico, un percorso capace di parlare al cuore della comunit\u00e0 e restituire senso, identit\u00e0 e appartenenza.<\/em><\/p>\n\n\n\n<p class=\"wp-block-paragraph\"><strong>L\u2019evento coinvolge maestri pasticcieri, fioristi, studenti, musicisti popolari e fotografi del territorio. In che modo questa coralit\u00e0 creativa contribuisce a valorizzare l\u2019identit\u00e0 culturale di Sarno?<\/strong><em>&nbsp;La coralit\u00e0 \u00e8 l\u2019anima stessa del progetto. Cammini di Luce vuole mettere far risplendere le eccellenze del territorio: i pasticcieri come custodi della tradizione, i fotografi chiamati a immortalare una Sarno nuova e luminosa, pronta anche a un rilancio turistico, i fioristi portatori di bellezza, e le attivit\u00e0 locali che hanno scelto di abbracciare l\u2019iniziativa. Tutti insieme creano un messaggio condiviso, una narrazione che celebra e rafforza l\u2019identit\u00e0 culturale della citt\u00e0.<\/em><\/p>\n\n\n\n<p class=\"wp-block-paragraph\"><strong>Le atmosfere luminose, i suoni tradizionali e i profumi della festa compongono un itinerario immersivo. Qual \u00e8 l\u2019emozione che desidera imprimere nel cuore dei visitatori attraverso questa esperienza?<\/strong><em>&nbsp;Il mio desiderio \u00e8 donare un messaggio di magia, luce e speranza. Ho immaginato un percorso che possa far riaffiorare emozioni antiche, ricordi d\u2019infanzia e momenti familiari che accendono l\u2019anima. Vorrei che ogni visitatore potesse fermarsi, respirare e lasciarsi attraversare da nuove sensazioni nate dal dialogo tra passato e presente. \u00c8 un invito a risvegliare quelle fiamme interiori che spesso dimentichiamo.<\/em><\/p>\n\n\n\n<p class=\"wp-block-paragraph\"><strong>Il patrocinio del Comune di Sarno e la collaborazione della Parrocchia\u2013Santuario Maria SS. delle Tre Corone conferiscono al progetto una dimensione istituzionale e spirituale importante. Quanto \u00e8 stato determinante questo sostegno?<\/strong><em>&nbsp;\u00c8 stato un sostegno fondamentale. Vivere in una comunit\u00e0 in cui l\u2019amministrazione \u00e8 sensibile e attenta permette di creare e custodire bellezza. Quando istituzioni e cittadini camminano nella stessa direzione, ognuno pu\u00f2 portare idee, visioni e contributi, scoprendo la propria identit\u00e0 dentro un percorso condiviso. Questo appoggio ha dato forza, credibilit\u00e0 e profondit\u00e0 al progetto.<\/em><\/p>\n\n\n\n<p class=\"wp-block-paragraph\"><strong>Guardando al futuro, immagina Cammini di Luce come un appuntamento destinato a crescere nel tempo? Quali sviluppi, ampliamenti o nuovi linguaggi vorrebbe introdurre nelle prossime edizioni?<\/strong><em>&nbsp;Il mio augurio \u00e8 rendere Cammini di Luce un appuntamento stabile, una tradizione cittadina capace di evolversi anno dopo anno. Vorrei ampliare l\u2019orizzonte di questi \u201cprogetti-sogni\u201d, coinvolgere nuove realt\u00e0, introdurre linguaggi differenti e costruire una squadra sempre pi\u00f9 forte. L\u2019obiettivo \u00e8 far crescere una manifestazione che appartenga alla citt\u00e0 e che, nel tempo, continui a brillare senza perdere la sua anima.<\/em><\/p>\n","protected":false},"excerpt":{"rendered":"<div class=\"mh-excerpt\"><p>Nel cuore pi\u00f9 autentico del centro storico di&nbsp;Sarno,&nbsp;Cammini di Luce&nbsp;si prepara a trasformare vie, piazze e scorci antichi in un percorso emozionale e condiviso, dove <a class=\"mh-excerpt-more\" href=\"https:\/\/mediavoxmagazine.it\/?p=41580\" title=\"Sarno accende la sua anima: nasce l\u2019incanto di Cammini di Luce\">[&#8230;]<\/a><\/p>\n<\/div>","protected":false},"author":60,"featured_media":41586,"comment_status":"closed","ping_status":"closed","sticky":false,"template":"","format":"standard","meta":{"footnotes":""},"categories":[11],"tags":[1143,1140,1142,340],"class_list":["post-41580","post","type-post","status-publish","format-standard","has-post-thumbnail","hentry","category-eventi","tag-batik-eventi","tag-cammini-di-luce","tag-rosa-robustelli","tag-sarno"],"_links":{"self":[{"href":"https:\/\/mediavoxmagazine.it\/index.php?rest_route=\/wp\/v2\/posts\/41580","targetHints":{"allow":["GET"]}}],"collection":[{"href":"https:\/\/mediavoxmagazine.it\/index.php?rest_route=\/wp\/v2\/posts"}],"about":[{"href":"https:\/\/mediavoxmagazine.it\/index.php?rest_route=\/wp\/v2\/types\/post"}],"author":[{"embeddable":true,"href":"https:\/\/mediavoxmagazine.it\/index.php?rest_route=\/wp\/v2\/users\/60"}],"replies":[{"embeddable":true,"href":"https:\/\/mediavoxmagazine.it\/index.php?rest_route=%2Fwp%2Fv2%2Fcomments&post=41580"}],"version-history":[{"count":2,"href":"https:\/\/mediavoxmagazine.it\/index.php?rest_route=\/wp\/v2\/posts\/41580\/revisions"}],"predecessor-version":[{"id":41587,"href":"https:\/\/mediavoxmagazine.it\/index.php?rest_route=\/wp\/v2\/posts\/41580\/revisions\/41587"}],"wp:featuredmedia":[{"embeddable":true,"href":"https:\/\/mediavoxmagazine.it\/index.php?rest_route=\/wp\/v2\/media\/41586"}],"wp:attachment":[{"href":"https:\/\/mediavoxmagazine.it\/index.php?rest_route=%2Fwp%2Fv2%2Fmedia&parent=41580"}],"wp:term":[{"taxonomy":"category","embeddable":true,"href":"https:\/\/mediavoxmagazine.it\/index.php?rest_route=%2Fwp%2Fv2%2Fcategories&post=41580"},{"taxonomy":"post_tag","embeddable":true,"href":"https:\/\/mediavoxmagazine.it\/index.php?rest_route=%2Fwp%2Fv2%2Ftags&post=41580"}],"curies":[{"name":"wp","href":"https:\/\/api.w.org\/{rel}","templated":true}]}}