{"id":41605,"date":"2025-12-10T12:19:46","date_gmt":"2025-12-10T11:19:46","guid":{"rendered":"https:\/\/mediavoxmagazine.it\/?p=41605"},"modified":"2025-12-10T18:20:14","modified_gmt":"2025-12-10T17:20:14","slug":"sarno-risplende-il-successo-incantato-di-cammini-di-luce","status":"publish","type":"post","link":"https:\/\/mediavoxmagazine.it\/?p=41605","title":{"rendered":"Sarno risplende: il successo incantato di Cammini di Luce"},"content":{"rendered":"\n<p class=\"wp-block-paragraph\">Sarno ha acceso la sua anima e l\u2019ha offerta, come un dono prezioso, alla sua gente.&nbsp;<strong>Cammini di Luce<\/strong> non \u00e8 stato soltanto un evento: \u00e8 stato un respiro collettivo, un battito condiviso, un incanto che ha avvolto il centro storico trasformandolo in un luogo sospeso, quasi irreale. Tra profumi che sapevano di casa, melodie antiche, luminarie danzanti ed emozioni che attraversavano le strade come fili invisibili, la citt\u00e0 ha ritrovato se stessa, la sua memoria pi\u00f9 profonda, la sua capacit\u00e0 di raccontarsi con grazia e coraggio.<\/p>\n\n\n\n<figure class=\"wp-block-image size-large\"><img loading=\"lazy\" decoding=\"async\" width=\"614\" height=\"1024\" src=\"https:\/\/mediavoxmagazine.it\/wp-content\/uploads\/2025\/12\/5db4f27e-e2cd-4dda-a588-7c6985f36c6a-614x1024.jpeg\" alt=\"\" class=\"wp-image-41606\" srcset=\"https:\/\/mediavoxmagazine.it\/wp-content\/uploads\/2025\/12\/5db4f27e-e2cd-4dda-a588-7c6985f36c6a-614x1024.jpeg 614w, https:\/\/mediavoxmagazine.it\/wp-content\/uploads\/2025\/12\/5db4f27e-e2cd-4dda-a588-7c6985f36c6a-180x300.jpeg 180w, https:\/\/mediavoxmagazine.it\/wp-content\/uploads\/2025\/12\/5db4f27e-e2cd-4dda-a588-7c6985f36c6a-768x1282.jpeg 768w, https:\/\/mediavoxmagazine.it\/wp-content\/uploads\/2025\/12\/5db4f27e-e2cd-4dda-a588-7c6985f36c6a-920x1536.jpeg 920w, https:\/\/mediavoxmagazine.it\/wp-content\/uploads\/2025\/12\/5db4f27e-e2cd-4dda-a588-7c6985f36c6a.jpeg 1227w\" sizes=\"auto, (max-width: 614px) 100vw, 614px\" \/><\/figure>\n\n\n\n<p class=\"wp-block-paragraph\">Le vie illuminate di&nbsp;<strong>Piazza Michelangelo Capua<\/strong>,&nbsp;<strong>Via Fabricatore<\/strong>,&nbsp;<strong>Piazza IV Novembre<\/strong>&nbsp;e&nbsp;<strong>Via De Liguori<\/strong>&nbsp;sono diventate un autentico&nbsp;<em>Villaggio Natalizio Diffuso<\/em>: non semplici spazi urbani, ma pagine vive di un racconto condiviso. Famiglie, visitatori, maestri&nbsp;<strong>Pasticcieri Sarnesi<\/strong>, fioristi, cori studenteschi, fotografi, zampognari e musicisti popolari hanno composto un mosaico umano di rara intensit\u00e0, in cui ogni gesto, ogni sguardo e ogni nota sembravano tessere una trama d\u2019amore verso la citt\u00e0.<\/p>\n\n\n\n<figure class=\"wp-block-gallery has-nested-images columns-default is-cropped wp-block-gallery-1 is-layout-flex wp-block-gallery-is-layout-flex\">\n<figure class=\"wp-block-image size-large\"><img loading=\"lazy\" decoding=\"async\" width=\"768\" height=\"1024\" data-id=\"41612\" src=\"https:\/\/mediavoxmagazine.it\/wp-content\/uploads\/2025\/12\/b6d722b2-0fbf-4acc-b26c-4a26d7222056-768x1024.jpeg\" alt=\"\" class=\"wp-image-41612\" srcset=\"https:\/\/mediavoxmagazine.it\/wp-content\/uploads\/2025\/12\/b6d722b2-0fbf-4acc-b26c-4a26d7222056-768x1024.jpeg 768w, https:\/\/mediavoxmagazine.it\/wp-content\/uploads\/2025\/12\/b6d722b2-0fbf-4acc-b26c-4a26d7222056-225x300.jpeg 225w, https:\/\/mediavoxmagazine.it\/wp-content\/uploads\/2025\/12\/b6d722b2-0fbf-4acc-b26c-4a26d7222056-1152x1536.jpeg 1152w, https:\/\/mediavoxmagazine.it\/wp-content\/uploads\/2025\/12\/b6d722b2-0fbf-4acc-b26c-4a26d7222056.jpeg 1200w\" sizes=\"auto, (max-width: 768px) 100vw, 768px\" \/><\/figure>\n\n\n\n<figure class=\"wp-block-image size-large\"><img loading=\"lazy\" decoding=\"async\" width=\"576\" height=\"1024\" data-id=\"41608\" src=\"https:\/\/mediavoxmagazine.it\/wp-content\/uploads\/2025\/12\/85a1c2a3-fd3f-4d12-b569-de30e0bb1333-576x1024.jpeg\" alt=\"\" class=\"wp-image-41608\" srcset=\"https:\/\/mediavoxmagazine.it\/wp-content\/uploads\/2025\/12\/85a1c2a3-fd3f-4d12-b569-de30e0bb1333-576x1024.jpeg 576w, https:\/\/mediavoxmagazine.it\/wp-content\/uploads\/2025\/12\/85a1c2a3-fd3f-4d12-b569-de30e0bb1333-169x300.jpeg 169w, https:\/\/mediavoxmagazine.it\/wp-content\/uploads\/2025\/12\/85a1c2a3-fd3f-4d12-b569-de30e0bb1333-768x1365.jpeg 768w, https:\/\/mediavoxmagazine.it\/wp-content\/uploads\/2025\/12\/85a1c2a3-fd3f-4d12-b569-de30e0bb1333-864x1536.jpeg 864w, https:\/\/mediavoxmagazine.it\/wp-content\/uploads\/2025\/12\/85a1c2a3-fd3f-4d12-b569-de30e0bb1333.jpeg 900w\" sizes=\"auto, (max-width: 576px) 100vw, 576px\" \/><\/figure>\n\n\n\n<figure class=\"wp-block-image size-large\"><img loading=\"lazy\" decoding=\"async\" width=\"768\" height=\"1024\" data-id=\"41607\" src=\"https:\/\/mediavoxmagazine.it\/wp-content\/uploads\/2025\/12\/f27277ee-068e-4eb1-b3ed-50976476cd55-768x1024.jpeg\" alt=\"\" class=\"wp-image-41607\" srcset=\"https:\/\/mediavoxmagazine.it\/wp-content\/uploads\/2025\/12\/f27277ee-068e-4eb1-b3ed-50976476cd55-768x1024.jpeg 768w, https:\/\/mediavoxmagazine.it\/wp-content\/uploads\/2025\/12\/f27277ee-068e-4eb1-b3ed-50976476cd55-225x300.jpeg 225w, https:\/\/mediavoxmagazine.it\/wp-content\/uploads\/2025\/12\/f27277ee-068e-4eb1-b3ed-50976476cd55-1152x1536.jpeg 1152w, https:\/\/mediavoxmagazine.it\/wp-content\/uploads\/2025\/12\/f27277ee-068e-4eb1-b3ed-50976476cd55.jpeg 1200w\" sizes=\"auto, (max-width: 768px) 100vw, 768px\" \/><\/figure>\n\n\n\n<figure class=\"wp-block-image size-large\"><img loading=\"lazy\" decoding=\"async\" width=\"576\" height=\"1024\" data-id=\"41610\" src=\"https:\/\/mediavoxmagazine.it\/wp-content\/uploads\/2025\/12\/5d9676a8-df48-4ccb-8cad-62b13d91d255-576x1024.jpeg\" alt=\"\" class=\"wp-image-41610\" srcset=\"https:\/\/mediavoxmagazine.it\/wp-content\/uploads\/2025\/12\/5d9676a8-df48-4ccb-8cad-62b13d91d255-576x1024.jpeg 576w, https:\/\/mediavoxmagazine.it\/wp-content\/uploads\/2025\/12\/5d9676a8-df48-4ccb-8cad-62b13d91d255-169x300.jpeg 169w, https:\/\/mediavoxmagazine.it\/wp-content\/uploads\/2025\/12\/5d9676a8-df48-4ccb-8cad-62b13d91d255-768x1365.jpeg 768w, https:\/\/mediavoxmagazine.it\/wp-content\/uploads\/2025\/12\/5d9676a8-df48-4ccb-8cad-62b13d91d255-864x1536.jpeg 864w, https:\/\/mediavoxmagazine.it\/wp-content\/uploads\/2025\/12\/5d9676a8-df48-4ccb-8cad-62b13d91d255.jpeg 900w\" sizes=\"auto, (max-width: 576px) 100vw, 576px\" \/><\/figure>\n\n\n\n<figure class=\"wp-block-image size-large\"><img loading=\"lazy\" decoding=\"async\" width=\"576\" height=\"1024\" data-id=\"41609\" src=\"https:\/\/mediavoxmagazine.it\/wp-content\/uploads\/2025\/12\/8bc767c1-d266-440a-a20a-29355c5a9fed-576x1024.jpeg\" alt=\"\" class=\"wp-image-41609\" srcset=\"https:\/\/mediavoxmagazine.it\/wp-content\/uploads\/2025\/12\/8bc767c1-d266-440a-a20a-29355c5a9fed-576x1024.jpeg 576w, https:\/\/mediavoxmagazine.it\/wp-content\/uploads\/2025\/12\/8bc767c1-d266-440a-a20a-29355c5a9fed-169x300.jpeg 169w, https:\/\/mediavoxmagazine.it\/wp-content\/uploads\/2025\/12\/8bc767c1-d266-440a-a20a-29355c5a9fed-768x1365.jpeg 768w, https:\/\/mediavoxmagazine.it\/wp-content\/uploads\/2025\/12\/8bc767c1-d266-440a-a20a-29355c5a9fed-864x1536.jpeg 864w, https:\/\/mediavoxmagazine.it\/wp-content\/uploads\/2025\/12\/8bc767c1-d266-440a-a20a-29355c5a9fed.jpeg 900w\" sizes=\"auto, (max-width: 576px) 100vw, 576px\" \/><\/figure>\n\n\n\n<figure class=\"wp-block-image size-large\"><img loading=\"lazy\" decoding=\"async\" width=\"768\" height=\"1024\" data-id=\"41611\" src=\"https:\/\/mediavoxmagazine.it\/wp-content\/uploads\/2025\/12\/ff15d1c8-d520-447a-a56e-b784b9e88c1e-768x1024.jpeg\" alt=\"\" class=\"wp-image-41611\" srcset=\"https:\/\/mediavoxmagazine.it\/wp-content\/uploads\/2025\/12\/ff15d1c8-d520-447a-a56e-b784b9e88c1e-768x1024.jpeg 768w, https:\/\/mediavoxmagazine.it\/wp-content\/uploads\/2025\/12\/ff15d1c8-d520-447a-a56e-b784b9e88c1e-225x300.jpeg 225w, https:\/\/mediavoxmagazine.it\/wp-content\/uploads\/2025\/12\/ff15d1c8-d520-447a-a56e-b784b9e88c1e-1152x1536.jpeg 1152w, https:\/\/mediavoxmagazine.it\/wp-content\/uploads\/2025\/12\/ff15d1c8-d520-447a-a56e-b784b9e88c1e.jpeg 1200w\" sizes=\"auto, (max-width: 768px) 100vw, 768px\" \/><\/figure>\n\n\n\n<figure class=\"wp-block-image size-large\"><img loading=\"lazy\" decoding=\"async\" width=\"768\" height=\"1024\" data-id=\"41614\" src=\"https:\/\/mediavoxmagazine.it\/wp-content\/uploads\/2025\/12\/22c2c558-c1ca-440f-8882-c029fb1a9ae7-768x1024.jpeg\" alt=\"\" class=\"wp-image-41614\" srcset=\"https:\/\/mediavoxmagazine.it\/wp-content\/uploads\/2025\/12\/22c2c558-c1ca-440f-8882-c029fb1a9ae7-768x1024.jpeg 768w, https:\/\/mediavoxmagazine.it\/wp-content\/uploads\/2025\/12\/22c2c558-c1ca-440f-8882-c029fb1a9ae7-225x300.jpeg 225w, https:\/\/mediavoxmagazine.it\/wp-content\/uploads\/2025\/12\/22c2c558-c1ca-440f-8882-c029fb1a9ae7-1152x1536.jpeg 1152w, https:\/\/mediavoxmagazine.it\/wp-content\/uploads\/2025\/12\/22c2c558-c1ca-440f-8882-c029fb1a9ae7.jpeg 1530w\" sizes=\"auto, (max-width: 768px) 100vw, 768px\" \/><\/figure>\n\n\n\n<figure class=\"wp-block-image size-large\"><img loading=\"lazy\" decoding=\"async\" width=\"1024\" height=\"682\" data-id=\"41613\" src=\"https:\/\/mediavoxmagazine.it\/wp-content\/uploads\/2025\/12\/624f0176-ba0a-4442-9ae6-48c6f78b0ad2-1024x682.jpeg\" alt=\"\" class=\"wp-image-41613\" srcset=\"https:\/\/mediavoxmagazine.it\/wp-content\/uploads\/2025\/12\/624f0176-ba0a-4442-9ae6-48c6f78b0ad2-1024x682.jpeg 1024w, https:\/\/mediavoxmagazine.it\/wp-content\/uploads\/2025\/12\/624f0176-ba0a-4442-9ae6-48c6f78b0ad2-300x200.jpeg 300w, https:\/\/mediavoxmagazine.it\/wp-content\/uploads\/2025\/12\/624f0176-ba0a-4442-9ae6-48c6f78b0ad2-768x512.jpeg 768w, https:\/\/mediavoxmagazine.it\/wp-content\/uploads\/2025\/12\/624f0176-ba0a-4442-9ae6-48c6f78b0ad2-1536x1023.jpeg 1536w, https:\/\/mediavoxmagazine.it\/wp-content\/uploads\/2025\/12\/624f0176-ba0a-4442-9ae6-48c6f78b0ad2.jpeg 1600w\" sizes=\"auto, (max-width: 1024px) 100vw, 1024px\" \/><\/figure>\n<\/figure>\n\n\n\n<p class=\"wp-block-paragraph\">Sotto la direzione artistica di <strong>Rosa Robustelli<\/strong>, con il sostegno del <strong>Comune di Sarno<\/strong> e della figura del <strong>Presidente del Consiglio Comunale<\/strong> <strong>Giuseppe Sodano<\/strong>, e della <strong>Parrocchia\u2013Santuario Maria SS. delle Tre Corone<\/strong>, <strong>Cammini di Luce<\/strong> ha superato ogni aspettativa, lasciando dietro di s\u00e9 un\u2019emozione che ha continuato a vibrare ben oltre la fine della serata. Non \u00e8 stato un evento da osservare: \u00e8 stato un\u2019esperienza da vivere, respirare, custodire nel cuore. Un incontro tra bellezza e appartenenza, tra spiritualit\u00e0 e creativit\u00e0, tra tradizione e nuova visione. A coronare questo successo, il <strong>Sindaco<\/strong>, <strong>Dott. Francesco Squillante<\/strong>, insieme all\u2019intera <strong>Amministrazione Comunale<\/strong>, ha espresso un orgoglio profondo per il risultato raggiunto, riconoscendo in <strong>Cammini di Luce<\/strong> non soltanto un evento, ma un segnale chiaro di quanto sia fondamentale investire nel territorio e nelle energie dei Sarnesi. La serata ha dimostrato come la bellezza possa diventare motore di comunit\u00e0, come la cultura possa generare appartenenza e come, quando una citt\u00e0 crede davvero in s\u00e9 stessa, sia capace di superare ogni aspettativa.<\/p>\n\n\n\n<figure class=\"wp-block-image size-large\"><img loading=\"lazy\" decoding=\"async\" width=\"1024\" height=\"768\" src=\"https:\/\/mediavoxmagazine.it\/wp-content\/uploads\/2025\/12\/ff614381-693a-4dc9-8ead-c100af2c7608-1024x768.jpeg\" alt=\"\" class=\"wp-image-41615\" srcset=\"https:\/\/mediavoxmagazine.it\/wp-content\/uploads\/2025\/12\/ff614381-693a-4dc9-8ead-c100af2c7608-1024x768.jpeg 1024w, https:\/\/mediavoxmagazine.it\/wp-content\/uploads\/2025\/12\/ff614381-693a-4dc9-8ead-c100af2c7608-300x225.jpeg 300w, https:\/\/mediavoxmagazine.it\/wp-content\/uploads\/2025\/12\/ff614381-693a-4dc9-8ead-c100af2c7608-768x576.jpeg 768w, https:\/\/mediavoxmagazine.it\/wp-content\/uploads\/2025\/12\/ff614381-693a-4dc9-8ead-c100af2c7608-1536x1152.jpeg 1536w, https:\/\/mediavoxmagazine.it\/wp-content\/uploads\/2025\/12\/ff614381-693a-4dc9-8ead-c100af2c7608-678x509.jpeg 678w, https:\/\/mediavoxmagazine.it\/wp-content\/uploads\/2025\/12\/ff614381-693a-4dc9-8ead-c100af2c7608-326x245.jpeg 326w, https:\/\/mediavoxmagazine.it\/wp-content\/uploads\/2025\/12\/ff614381-693a-4dc9-8ead-c100af2c7608-80x60.jpeg 80w, https:\/\/mediavoxmagazine.it\/wp-content\/uploads\/2025\/12\/ff614381-693a-4dc9-8ead-c100af2c7608.jpeg 1600w\" sizes=\"auto, (max-width: 1024px) 100vw, 1024px\" \/><\/figure>\n\n\n\n<p class=\"wp-block-paragraph\">E ora che le luci si affievoliscono, rimane il riflesso pi\u00f9 prezioso: la consapevolezza di una citt\u00e0 che si \u00e8 riconosciuta nella sua stessa bellezza, che ha saputo partecipare, emozionarsi, rinascere insieme. Rimane il passo leggero della meraviglia, la certezza che questo sia soltanto l\u2019inizio, la prima pagina di un cammino destinato a crescere e a brillare ancora.<\/p>\n\n\n\n<figure class=\"wp-block-image size-large\"><img loading=\"lazy\" decoding=\"async\" width=\"1024\" height=\"682\" src=\"https:\/\/mediavoxmagazine.it\/wp-content\/uploads\/2025\/12\/d9166e43-d28c-49b3-9124-da9f4ebaecf6-1024x682.jpeg\" alt=\"\" class=\"wp-image-41616\" srcset=\"https:\/\/mediavoxmagazine.it\/wp-content\/uploads\/2025\/12\/d9166e43-d28c-49b3-9124-da9f4ebaecf6-1024x682.jpeg 1024w, https:\/\/mediavoxmagazine.it\/wp-content\/uploads\/2025\/12\/d9166e43-d28c-49b3-9124-da9f4ebaecf6-300x200.jpeg 300w, https:\/\/mediavoxmagazine.it\/wp-content\/uploads\/2025\/12\/d9166e43-d28c-49b3-9124-da9f4ebaecf6-768x512.jpeg 768w, https:\/\/mediavoxmagazine.it\/wp-content\/uploads\/2025\/12\/d9166e43-d28c-49b3-9124-da9f4ebaecf6-1536x1023.jpeg 1536w, https:\/\/mediavoxmagazine.it\/wp-content\/uploads\/2025\/12\/d9166e43-d28c-49b3-9124-da9f4ebaecf6.jpeg 1600w\" sizes=\"auto, (max-width: 1024px) 100vw, 1024px\" \/><\/figure>\n\n\n\n<p class=\"wp-block-paragraph\">Sarno ha ritrovato la sua luce\u2026 E quella luce, ora, non smetter\u00e0 pi\u00f9 di parlare.<\/p>\n\n\n\n<p class=\"wp-block-paragraph\">Per raccontare la nascita e la visione di <strong>Cammini di Luce<\/strong>,&nbsp;<strong>MediaVox Magazine<\/strong>&nbsp;aveva gi\u00e0 incontrato&nbsp;<strong>Rosa Robustelli<\/strong>, anima creativa di&nbsp;<strong>Batik Eventi<\/strong>, in un dialogo raccolto e intenso avvenuto proprio alla vigilia dell\u2019evento. Oggi, a conclusione di questa edizione cos\u00ec luminosa, torniamo da lei per ascoltare le sue parole e lasciarci attraversare dalle emozioni che questo percorso ha saputo accendere.<\/p>\n\n\n\n<p class=\"wp-block-paragraph\"><strong><mark style=\"background-color:#ffffff\" class=\"has-inline-color has-luminous-vivid-orange-color\">L\u2019INTERVISTA<\/mark><\/strong><\/p>\n\n\n\n<p class=\"wp-block-paragraph\"><strong>Dopo aver visto realizzarsi ci\u00f2 che alla vigilia era ancora un sogno in fermento, qual \u00e8 l\u2019emozione pi\u00f9 forte che porta con s\u00e9 da questa prima edizione di Cammini di Luce? <\/strong><em>L&#8217;emozione pi\u00f9 forte \u00e8 stata la gratitudine. Gratitudine verso ogni singola persona che ha creduto in questa visione ancora prima che prendesse forma concreta. Quando vedi pasticcieri, fioristi, fotografi, musicisti e famiglie muoversi con lo stesso respiro, quando percepisci che non stanno semplicemente &#8220;partecipando&#8221; ma stanno &#8220;creando insieme&#8221;, capisci che il pensiero si \u00e8 davvero trasformato in azione collettiva.<br>Ho portato a casa la certezza che la bellezza non si compra, si genera quando le persone si riconoscono parte di qualcosa di pi\u00f9 grande. E questa consapevolezza vale pi\u00f9 di qualsiasi risultato misurabile.<\/em><\/p>\n\n\n\n<p class=\"wp-block-paragraph\"><strong>C\u2019\u00e8 stato un momento preciso della serata in cui ha percepito che Sarno stava davvero rispondendo con il cuore a questo progetto? Quale immagine o gesto conserver\u00e0 come simbolo di questa esperienza?<\/strong><em> Il momento esatto \u00e8 stato quando ho visto le strade riempirsi di sguardi incrociati tra le persone: nonni che indicavano ai nipoti le cose belle da guardare ma anche da degustare, giovani che fotografavano non per i social ma per fermare l&#8217;attimo, commercianti che uscivano dai propri negozi per contemplare insieme agli altri.<br>L&#8217;immagine che conserver\u00f2 \u00e8 quella delle vie che non erano pi\u00f9 solo strade, ma cartoline di una Sarno luminosa. Ogni angolo aveva un&#8217;anima, ogni dettaglio raccontava una cura collettiva. Non c&#8217;era pi\u00f9 divisione tra chi aveva organizzato e chi partecipava: tutti eravamo Cammini di Luce. Questo \u00e8 il simbolo pi\u00f9 puro di ci\u00f2 che abbiamo creato insieme.<\/em><\/p>\n\n\n\n<p class=\"wp-block-paragraph\"><strong>Il successo di Cammini di Luce apre nuovi orizzonti creativi: quali visioni, desideri o sviluppi immagina per il futuro, ora che la citt\u00e0 ha abbracciato cos\u00ec intensamente questa iniziativa?<\/strong> <em>Cammini di Luce ha dimostrato che Sarno pu\u00f2 diventare un modello replicabile di evento partecipato, la comunit\u00e0 non \u00e8 spettatrice ma protagonista. Per il futuro immagino di ampliare questa rete, coinvolgendo ancora pi\u00f9 realt\u00e0 locali e creando percorsi tematici che possano ripetersi durante l&#8217;anno, non solo a Natale. Desidero che questo progetto diventi un format esportabile, capace di ispirare altre citt\u00e0 a riscoprire la propria identit\u00e0 attraverso la collaborazione e la mentalizzazione collettiva. Vorrei che Sarno diventasse punto di riferimento per chi crede che gli eventi pi\u00f9 belli non nascano dai grandi budget, ma dalla capacit\u00e0 di guidare le persone verso una visione comune<\/em>.<\/p>\n","protected":false},"excerpt":{"rendered":"<div class=\"mh-excerpt\"><p>Sarno ha acceso la sua anima e l\u2019ha offerta, come un dono prezioso, alla sua gente.&nbsp;Cammini di Luce non \u00e8 stato soltanto un evento: \u00e8 <a class=\"mh-excerpt-more\" href=\"https:\/\/mediavoxmagazine.it\/?p=41605\" title=\"Sarno risplende: il successo incantato di Cammini di Luce\">[&#8230;]<\/a><\/p>\n<\/div>","protected":false},"author":60,"featured_media":41617,"comment_status":"closed","ping_status":"closed","sticky":false,"template":"","format":"standard","meta":{"footnotes":""},"categories":[11],"tags":[1143,1140,1062,1142],"class_list":["post-41605","post","type-post","status-publish","format-standard","has-post-thumbnail","hentry","category-eventi","tag-batik-eventi","tag-cammini-di-luce","tag-comune-di-sarno","tag-rosa-robustelli"],"_links":{"self":[{"href":"https:\/\/mediavoxmagazine.it\/index.php?rest_route=\/wp\/v2\/posts\/41605","targetHints":{"allow":["GET"]}}],"collection":[{"href":"https:\/\/mediavoxmagazine.it\/index.php?rest_route=\/wp\/v2\/posts"}],"about":[{"href":"https:\/\/mediavoxmagazine.it\/index.php?rest_route=\/wp\/v2\/types\/post"}],"author":[{"embeddable":true,"href":"https:\/\/mediavoxmagazine.it\/index.php?rest_route=\/wp\/v2\/users\/60"}],"replies":[{"embeddable":true,"href":"https:\/\/mediavoxmagazine.it\/index.php?rest_route=%2Fwp%2Fv2%2Fcomments&post=41605"}],"version-history":[{"count":3,"href":"https:\/\/mediavoxmagazine.it\/index.php?rest_route=\/wp\/v2\/posts\/41605\/revisions"}],"predecessor-version":[{"id":41627,"href":"https:\/\/mediavoxmagazine.it\/index.php?rest_route=\/wp\/v2\/posts\/41605\/revisions\/41627"}],"wp:featuredmedia":[{"embeddable":true,"href":"https:\/\/mediavoxmagazine.it\/index.php?rest_route=\/wp\/v2\/media\/41617"}],"wp:attachment":[{"href":"https:\/\/mediavoxmagazine.it\/index.php?rest_route=%2Fwp%2Fv2%2Fmedia&parent=41605"}],"wp:term":[{"taxonomy":"category","embeddable":true,"href":"https:\/\/mediavoxmagazine.it\/index.php?rest_route=%2Fwp%2Fv2%2Fcategories&post=41605"},{"taxonomy":"post_tag","embeddable":true,"href":"https:\/\/mediavoxmagazine.it\/index.php?rest_route=%2Fwp%2Fv2%2Ftags&post=41605"}],"curies":[{"name":"wp","href":"https:\/\/api.w.org\/{rel}","templated":true}]}}